{"id":51764,"date":"2025-08-14T12:52:05","date_gmt":"2025-08-14T18:52:05","guid":{"rendered":"https:\/\/radiozapatista.org\/?p=51764"},"modified":"2025-08-14T16:01:14","modified_gmt":"2025-08-14T22:01:14","slug":"plan-de-oleoducto-peru-ecuador-amenaza-grave-para-la-amazonia","status":"publish","type":"post","link":"https:\/\/radiozapatista.org\/?p=51764","title":{"rendered":"Plan de oleoducto Per\u00fa-Ecuador, amenaza grave para la Amazon\u00eda"},"content":{"rendered":"\n<p>Fuente: <a href=\"https:\/\/avispa.org\/plan-de-oleoducto-peru-ecuador-amenaza-grave-para-la-amazonia\/\">Avispa Midia<\/a><br>Por Javier Bed\u00eda Prado<\/p>\n\n\n\n<p><em><sup>Fotos:&nbsp;<\/sup><\/em><em><sup>Organismo de Evaluaci\u00f3n y Fiscalizaci\u00f3n Ambiental<\/sup><\/em><\/p>\n\n\n\n<p>En su \u00faltimo mensaje a la naci\u00f3n, el 28 de julio, la presidenta del gobierno de facto del Per\u00fa, Dina Boluarte, anunci\u00f3 que Petroper\u00fa y Petroecuador firmaron un acta de cooperaci\u00f3n internacional.&nbsp;<\/p>\n\n\n\n<p>El Ministerio de Energ\u00eda y Minas del Per\u00fa indic\u00f3 que comprar\u00e1 a Ecuador crudo que ser\u00e1 procesado en la refiner\u00eda de Talara (regi\u00f3n Piura, norte peruano) y exportado desde el puerto de Bay\u00f3var (Piura). El proyecto incluye la construcci\u00f3n de un ducto de hasta 70 kil\u00f3metros de extensi\u00f3n para transportar 200,000 barriles por d\u00eda desde la provincia ecuatoriana de Orellana.&nbsp;&nbsp;&nbsp;&nbsp;<\/p>\n\n\n\n<p>En respuesta, la&nbsp;<a href=\"https:\/\/web.facebook.com\/FenapPeru\">Federaci\u00f3n de la Nacionalidad Achuar del Per\u00fa<\/a>, el Gobierno Territorial Aut\u00f3nomo (GTA) de la&nbsp;<a href=\"https:\/\/www.nacionchapra.org\/\">Naci\u00f3n Chapra<\/a>&nbsp;y el&nbsp;<a href=\"https:\/\/nacionwampis.com\/etiqueta\/gta\">GTA de la Naci\u00f3n Wamp\u00eds<\/a>&nbsp;se manifestaron en contra de la conexi\u00f3n binacional que implicar\u00eda ampliar la red del oleoducto norperuano.<\/p>\n\n\n\n<p>\u201cCon su capacidad actual, el oleoducto norperuano genera un promedio de 146 derrames por a\u00f1o. Anunciar que triplicar\u00e1 su capacidad operativa es una irresponsabilidad may\u00fascula que representa una grave amenaza para nosotros y para toda la Amazon\u00eda\u201d, advierten en un comunicado.&nbsp;<\/p>\n\n\n\n<!--more-->\n\n\n\n<figure class=\"wp-block-image\"><a class=\"td-modal-image\" href=\"https:\/\/avispa.org\/wp-content\/uploads\/2025\/08\/oleoducto-Peru-Ecuador3.webp\"><img decoding=\"async\" src=\"https:\/\/avispa.org\/wp-content\/uploads\/2025\/08\/oleoducto-Peru-Ecuador3.webp\" alt=\"\" class=\"wp-image-120468\"\/><\/a><\/figure>\n\n\n\n<p>Los pueblos originarios observan que no se conoce el contenido del acuerdo y que no se consult\u00f3 a las comunidades que ser\u00edan impactadas, lo que viola el Convenio 169 de la Organizaci\u00f3n Internacional del Trabajo.&nbsp;<\/p>\n\n\n\n<p>\u201cAdvertimos a las autoridades ecuatorianas y a cualquier empresa petrolera interesada en operar en esta regi\u00f3n que dichas inversiones carecer\u00e1n de seguridad jur\u00eddica, pues nacen violando nuestros derechos. M\u00e1s temprano que tarde, estas deudas deber\u00e1n saldarse y las operaciones ileg\u00edtimas ser\u00e1n anuladas\u201d, subrayan.<\/p>\n\n\n\n<p>El oleoducto norperuano es considerado ileg\u00edtimo por los pueblos amaz\u00f3nicos, debido a que fue construido sin consentimiento de las comunidades.&nbsp;<\/p>\n\n\n\n<p>Entre los a\u00f1os 2000 y 2019, se registraron 474 derrames de petr\u00f3leo en lotes de la Amazon\u00eda y el oleoducto norperuano, seg\u00fan un estudio de la Coordinadora Nacional de Derechos Humanos y Oxfam Per\u00fa. El 65% de las fugas se debieron a corrosi\u00f3n de la infraestructura y fallas operativas.<\/p>\n\n\n\n<h3 class=\"wp-block-heading\" id=\"h-frontera-extractiva-en-suroriente-de-ecuador\"><strong>Frontera extractiva en suroriente de Ecuador<\/strong><\/h3>\n\n\n\n<p>En Ecuador, las comunidades Waorani se encuentran movilizadas tras el anuncio del presidente Daniel Noboa de la ampliaci\u00f3n de la frontera extractiva en el suroriente del pa\u00eds. Desde esta zona se proyecta vender petr\u00f3leo al Per\u00fa.<\/p>\n\n\n\n<p>El pueblo amaz\u00f3nico&nbsp;demanda a la justicia que emita la&nbsp;sentencia pendiente de su caso contra la explotaci\u00f3n petrolera en el departamento de Pastaza, en la l\u00ednea de generar jurisprudencia vinculante&nbsp;sobre el derecho a la autodeterminaci\u00f3n y consentimiento previo, libre e informado.<\/p>\n\n\n\n<p>Entre las \u00e1reas de licitaciones abiertas por el Ejecutivo de Ecuador al capital extranjero se incluir\u00eda Pastaza, donde actualmente no hay actividad petrolera debido a un fallo judicial de 2019 en favor de los Waorani, lo que impidi\u00f3 la operaci\u00f3n de un bloque de hidrocarburo.<\/p>\n\n\n\n<p>\u201cEs hora de que la Corte Constitucional salga de sus escritorios y escuche directamente a las autoridades ancestrales Waorani, a nuestros<em>&nbsp;pikenani,&nbsp;<\/em>en nuestro territorio ancestral. Solo desde una escucha real y en condiciones de interculturalidad puede existir justicia para los pueblos y nacionalidades ind\u00edgenas\u201d, indic\u00f3 la&nbsp;<a href=\"https:\/\/conaie.org\/\">Confederaci\u00f3n de Nacionalidades Ind\u00edgenas del Ecuador<\/a>&nbsp;(Conaie).<\/p>\n\n\n\n<p>De acuerdo a Amazon Frontlines, se pretenden licitar 21 bloques petroleros en un radio de 3,5 millones de hect\u00e1reas de bosque amaz\u00f3nico. El 91%&nbsp;de esta superficie es territorio ancestral de siete pueblos ind\u00edgenas: Andwa, Achuar, Shiwiar, Kichwa, Shuar, Sapara y Waorani.&nbsp;<\/p>\n\n\n\n<h3 class=\"wp-block-heading\" id=\"h-responsabilidad-de-petroperu-en-desastres-ambientales\"><strong>Responsabilidad de Petroper\u00fa en desastres ambientales<\/strong><\/h3>\n\n\n\n<p>Por su parte, las naciones ind\u00edgenas de la Amazon\u00eda peruana denunciaron el motivo de Petroper\u00fa para concretar el acuerdo con Ecuador.<\/p>\n\n\n\n<p>\u201cPetroper\u00fa, desesperada por hacer rentable el elefante blanco que representa la Refiner\u00eda de Talara, est\u00e1 dispuesta a todo:&nbsp;endeudar al pa\u00eds mediante salvatajes gubernamentales, expandir la contaminaci\u00f3n en la Amazon\u00eda, causar m\u00e1s da\u00f1os a nuestras costas \u2014afectando a nuestros hermanos pescadores artesanales\u2014, y sobrecargar un oleoducto que ya es fuente constante de desastre ambiental\u201d.<\/p>\n\n\n\n<figure class=\"wp-block-image\"><a class=\"td-modal-image\" href=\"https:\/\/avispa.org\/wp-content\/uploads\/2025\/08\/oleoducto-Peru-Ecuador1.jpg\"><img decoding=\"async\" src=\"https:\/\/avispa.org\/wp-content\/uploads\/2025\/08\/oleoducto-Peru-Ecuador1-1024x497.jpg\" alt=\"\" class=\"wp-image-120470\"\/><\/a><\/figure>\n\n\n\n<p>La petrolera estatal, adem\u00e1s, no encuentra socio para reactivar el lote 64, de ubicaci\u00f3n estrat\u00e9gica, cerca del oleoducto norperuano, en la regi\u00f3n Loreto. En la subasta p\u00fablica abierta en mayo no se presentaron postores, por lo que la licitaci\u00f3n se negociar\u00e1 directamente.&nbsp;<\/p>\n\n\n\n<p>\u201cA pesar de los avances legislativos, se pretende imponer el lote 64, que tampoco ha sido consultado y que es rechazado de forma abierta por nuestras organizaciones. Exigimos al gobierno que rectifique su rumbo, respete nuestros derechos y priorice la reparaci\u00f3n e indemnizaci\u00f3n de los pueblos afectados por la contaminaci\u00f3n petrolera\u201d, concluyen.<\/p>\n\n\n\n<p>La ausencia de empresas dispuestas a invertir en el lote 64 se debe a la resistencia de comunidades ind\u00edgenas que desde 1995 bloquean activamente los intentos del Estado peruano de operar en esa zona. Una eventual ampliaci\u00f3n del oleoducto norperuano no enfrentar\u00e1 una oposici\u00f3n menor de los pueblos originarios.&nbsp;<\/p>\n","protected":false},"excerpt":{"rendered":"<p>Fuente: Avispa MidiaPor Javier Bed\u00eda Prado Fotos:&nbsp;Organismo de Evaluaci\u00f3n y Fiscalizaci\u00f3n Ambiental En su \u00faltimo mensaje a la naci\u00f3n, el 28 de julio, la presidenta del gobierno de facto del Per\u00fa, Dina Boluarte, anunci\u00f3 que Petroper\u00fa y Petroecuador firmaron un acta de cooperaci\u00f3n internacional.&nbsp; El Ministerio de Energ\u00eda y Minas del Per\u00fa indic\u00f3 que comprar\u00e1 [&hellip;]<\/p>\n","protected":false},"author":21,"featured_media":51765,"comment_status":"open","ping_status":"closed","sticky":false,"template":"","format":"standard","meta":{"footnotes":""},"categories":[51,1284,826,958,935],"tags":[1160,58,53,567,147,545,148,483],"class_list":["post-51764","post","type-post","status-publish","format-standard","has-post-thumbnail","hentry","category-autor","category-latinoamerica","category-medios-libres-2","category-megaproyectos","category-temas","tag-amazonia","tag-derechos-humanos","tag-justicia","tag-megaproyectos","tag-militarizacion","tag-pueblos-indigenas","tag-resistencia","tag-tierra-y-territorio"],"_links":{"self":[{"href":"https:\/\/radiozapatista.org\/index.php?rest_route=\/wp\/v2\/posts\/51764","targetHints":{"allow":["GET"]}}],"collection":[{"href":"https:\/\/radiozapatista.org\/index.php?rest_route=\/wp\/v2\/posts"}],"about":[{"href":"https:\/\/radiozapatista.org\/index.php?rest_route=\/wp\/v2\/types\/post"}],"author":[{"embeddable":true,"href":"https:\/\/radiozapatista.org\/index.php?rest_route=\/wp\/v2\/users\/21"}],"replies":[{"embeddable":true,"href":"https:\/\/radiozapatista.org\/index.php?rest_route=%2Fwp%2Fv2%2Fcomments&post=51764"}],"version-history":[{"count":2,"href":"https:\/\/radiozapatista.org\/index.php?rest_route=\/wp\/v2\/posts\/51764\/revisions"}],"predecessor-version":[{"id":51799,"href":"https:\/\/radiozapatista.org\/index.php?rest_route=\/wp\/v2\/posts\/51764\/revisions\/51799"}],"wp:featuredmedia":[{"embeddable":true,"href":"https:\/\/radiozapatista.org\/index.php?rest_route=\/wp\/v2\/media\/51765"}],"wp:attachment":[{"href":"https:\/\/radiozapatista.org\/index.php?rest_route=%2Fwp%2Fv2%2Fmedia&parent=51764"}],"wp:term":[{"taxonomy":"category","embeddable":true,"href":"https:\/\/radiozapatista.org\/index.php?rest_route=%2Fwp%2Fv2%2Fcategories&post=51764"},{"taxonomy":"post_tag","embeddable":true,"href":"https:\/\/radiozapatista.org\/index.php?rest_route=%2Fwp%2Fv2%2Ftags&post=51764"}],"curies":[{"name":"wp","href":"https:\/\/api.w.org\/{rel}","templated":true}]}}