{"id":51761,"date":"2025-08-08T12:44:00","date_gmt":"2025-08-08T18:44:00","guid":{"rendered":"https:\/\/radiozapatista.org\/?p=51761"},"modified":"2025-08-14T12:48:26","modified_gmt":"2025-08-14T18:48:26","slug":"ausencia-de-perspectiva-intercultural-en-el-caso-del-defensor-saul-rosales-expone-ineficiencia-de-tribunales","status":"publish","type":"post","link":"https:\/\/radiozapatista.org\/?p=51761","title":{"rendered":"Ausencia de perspectiva intercultural en el caso del defensor Sa\u00fal Rosales expone ineficiencia de tribunales"},"content":{"rendered":"\n<p>Fuente: <a href=\"https:\/\/avispa.org\/ausencia-de-perspectiva-intercultural-en-el-caso-del-defensor-saul-rosales-expone-ineficiencia-de-tribunales\/\">Avispa Midia<\/a><\/p>\n\n\n\n<p>Por Roc\u00edo Heredia<\/p>\n\n\n\n<p>Sa\u00fal Rosales Mel\u00e9ndez es un l\u00edder ind\u00edgena y defensor del bosque, originario de la comunidad nahua San Pedro Tlalcuapan, localidad perteneciente al municipio de Chiautempan en el estado de Tlaxcala. Antes de su aprehensi\u00f3n, hace tres a\u00f1os, Sa\u00fal habitaba en las faldas de&nbsp;<em>Matlalcu\u00e9yetl,&nbsp;<\/em>una preponderante monta\u00f1a en el centro-oriente de la ciudad. Desde ah\u00ed, Sa\u00fal se dedicaba a trabajar la tierra y a su tienda de abarrotes adem\u00e1s de integrar el grupo de guardabosques de su comunidad, nombrado&nbsp;<em>Colectivo de Saneamiento y Restauraci\u00f3n de la&nbsp;<\/em><em>Malintzi<\/em><em>&nbsp;Tlalcuapan (CSRMT)<\/em>. Debido a su ardua labor comunitaria, en 2022 fue electo como presidente de San Pedro.<\/p>\n\n\n\n<figure class=\"wp-block-image\"><a class=\"td-modal-image\" href=\"https:\/\/avispa.org\/wp-content\/uploads\/2025\/08\/I-SaulRosales.jpg\"><img decoding=\"async\" src=\"https:\/\/avispa.org\/wp-content\/uploads\/2025\/08\/I-SaulRosales.jpg\" alt=\"\" class=\"wp-image-120443\"\/><\/a><figcaption class=\"wp-element-caption\"><em><sup>Retrato del defensor territorial Sa\u00fal Rosales Mel\u00e9ndez. Foto: Escenario Tlaxcala<\/sup><\/em><\/figcaption><\/figure>\n\n\n\n<p>Alicia Mel\u00e9ndez, esposa del defensor territorial, originaria de San Pedro y dedicada a las labores del hogar, comparte para&nbsp;<em>Avispa M\u00eddia<\/em>&nbsp;que poco despu\u00e9s de la elecci\u00f3n de su esposo como presidente, el 15 de abril del 2022, mientras en la comunidad celebraban el \u201cViernes Santo\u201d &#8211; d\u00eda clave en la celebraci\u00f3n cristiana de la Semana Santa -, sobre la calle Constancia, dos personas intentaron robar una vivienda. Pobladores lograron detener a uno y lo llevaron a la presidencia, pero debido a los \u00e1nimos del momento, lo sacaron para despu\u00e9s lincharlo entre aproximadamente 400 personas. Fue la primera vez que en la comunidad recurrieron a ese tipo de soluci\u00f3n para un conflicto.<\/p>\n\n\n\n<p>Rosales no se encontraba en la localidad hasta que recibi\u00f3 una llamada por parte de su secretaria, quien le inform\u00f3 sobre la detenci\u00f3n de un presunto ladr\u00f3n. De camino a San Pedro, Rosales se comunic\u00f3 con el director de seguridad del municipio para solicitar apoyo. En la comunidad la gente estaba alterada al punto de sustraer al acusado y desconocer a Sa\u00fal como presidente para luego retenerlo en la presidencia. Horas m\u00e1s tarde lo liberaron y se entera del linchamiento.<\/p>\n\n\n\n<p>Tres meses despu\u00e9s de los hechos, Sa\u00fal fue detenido bajo el cargo de homicidio calificado y preso en el Centro de Reinserci\u00f3n Social de Tlaxcala, pues le impidieron llevar su proceso penal en libertad el cual dur\u00f3 1 a\u00f1o y 8 meses.<\/p>\n\n\n\n<p>El 25 de marzo del 2024, el Tribunal de Enjuiciamiento del Distrito Judicial de Guridi y Alcocer, sentenci\u00f3 a Sa\u00fal a 20 a\u00f1os de prisi\u00f3n luego de un juicio lleno de irregularidades: tomaron testimonio de dos polic\u00edas y un comandante de la polic\u00eda municipal que afirmaron la presencia de un grupo conformado por al menos 400 personas y la nula actuaci\u00f3n de las autoridades ante el temor de ser agredidas. Tambi\u00e9n omitieron tres testimonios m\u00e1s donde afirmaron que Sa\u00fal trat\u00f3 de calmar a la multitud y entregar a la persona detenida, pero esto fue imposible debido al coraje e intensidad de la gente.<\/p>\n\n\n\n<p>Posterior al dictamen del Tribunal de Enjuiciamiento, el 8 de julio de 2024, Rosales apel\u00f3 la sentencia condenatoria. No obstante, la Sala Penal y Especializada en Administraci\u00f3n de Justicia para Adolescentes del Tribunal Superior de Justicia del Estado de Tlaxcala confirm\u00f3 el veredicto sin advertir violaciones procesales ni de derechos humanos en el caso.<\/p>\n\n\n\n<p>Una de las \u00faltimas acciones legales que tom\u00f3 Rosales fue que, ante la falta de opciones para su defensa, el 23 de diciembre de 2024, present\u00f3 una demanda de amparo en contra de la resoluci\u00f3n de apelaci\u00f3n, a la cual se le dio el n\u00famero de&nbsp;<em>amparo directo 5\/2025<\/em>&nbsp;ante el Segundo Tribunal Colegiado del Vig\u00e9simo Octavo Circuito.<\/p>\n\n\n\n<h3 class=\"wp-block-heading\" id=\"h-falta-de-perspectiva-intercultural\"><strong>Falta de perspectiva intercultural<\/strong><\/h3>\n\n\n\n<p>Las juezas que dictaminaron la sentencia de Rosales se basaron en la idea estereotipada de que el \u2018acto de linchar\u2019 forma parte de los usos y costumbres del pueblo originario de San Pedro Tlalcuapan. En suma, y pese a no contar con pruebas suficientes, de acuerdo a la defensa jur\u00eddica de Rosales, las juezas afirmaron que el defensor ambiental no actu\u00f3 de manera diligente para evitar el homicidio de la persona y que, por el contrario, este auxili\u00f3 al grupo de personas reunidas al exterior de la presidencia de la comunidad.<\/p>\n\n\n\n<p>Familiares de Rosales aseguran que las autoridades judiciales no realizaron una investigaci\u00f3n efectiva para recabar pruebas que les hicieran saber cu\u00e1les son los usos y costumbres de San Pedro Tlalcuapan y sus formas de resoluci\u00f3n de conflictos, por lo que se confirma que hubo una ausencia de perspectiva intercultural en el caso.<\/p>\n\n\n\n<p>Alicia ha observado que las instancias encargadas de impartir justicia en Tlaxcala, \u201cno cuentan con personas preparadas o con el conocimiento sobre la perspectiva intercultural\u201d y, adem\u00e1s, afirma que la negativa de incluir esta perspectiva en el proceso de Rosales, responde a la conveniencia de las autoridades, pues de \u201caplicarla \u00e9l saldr\u00eda libre\u201d.<\/p>\n\n\n\n<p>A lo largo de los tres a\u00f1os que la comunidad lleva buscando justicia para Sa\u00fal, ha aprendido que hay una situaci\u00f3n permanente de falta de respeto a la autonom\u00eda de los pueblos ind\u00edgenas, discriminaci\u00f3n y persecuci\u00f3n sobre todo para quienes defienden sus territorios, comparte la esposa del defensor territorial.<\/p>\n\n\n\n<p>Te puede interesar \u2013&nbsp;<a href=\"https:\/\/avispa.org\/exigen-libertad-a-saul-rosales-autoridad-tradicional-en-tlaxcala-preso-por-defender-el-bosque\/\" target=\"_blank\" rel=\"noreferrer noopener\">Exigen libertad a Sa\u00fal Rosales, autoridad tradicional en Tlaxcala preso por defender el bosque<\/a><\/p>\n\n\n\n<h2 class=\"wp-block-heading\" id=\"h-un-pretexto-para-frenar-la-defensa-territorial\"><strong>Un pretexto para frenar la defensa territorial<\/strong><\/h2>\n\n\n\n<p>Rosales ha sido uno de los l\u00edderes en la defensa de&nbsp;<em>La Malinche<\/em>, una zona reconocida como \u00c1rea Natural Protegida desde 1938, que alberga al menos 937 especies de flora y fauna, de acuerdo con su programa de manejo. En 2019, los guardabosques comunitarios solicitaron la intervenci\u00f3n de autoridades estatales y federales para mitigar la plaga del escarabajo descortezador, pero no hubo atenci\u00f3n al caso y San Pedro Tlalcuapan perdi\u00f3 aproximadamente el 80% de su bosque.<\/p>\n\n\n\n<p>De acuerdo con el CSRMT, hubo empresas contratadas por el gobierno estatal para aprovechar la plaga y talar \u00e1rboles con fines comerciales. Dicha situaci\u00f3n gener\u00f3 un ambiente tenso entre autoridades y guardabosques.<\/p>\n\n\n\n<figure class=\"wp-block-image\"><a class=\"td-modal-image\" href=\"https:\/\/avispa.org\/wp-content\/uploads\/2025\/08\/II-SaulRosales.jpg\"><img decoding=\"async\" src=\"https:\/\/avispa.org\/wp-content\/uploads\/2025\/08\/II-SaulRosales-1024x576.jpg\" alt=\"\" class=\"wp-image-120444\"\/><\/a><figcaption class=\"wp-element-caption\"><em><sup>Manifestaci\u00f3n por la libertad de Sa\u00fal, enero 2024.&nbsp;Foto: Red TDT<\/sup><\/em><\/figcaption><\/figure>\n\n\n\n<p>Culpar a Rosales de homicidio en un linchamiento cometido colectivamente, fue tan s\u00f3lo un pretexto para llevarlo a prisi\u00f3n por su labor como defensor territorial y de su comunidad, afirma Alicia.<\/p>\n\n\n\n<p>Adem\u00e1s de Rosales, el&nbsp;<em>tiaxca<\/em>&nbsp;(servidor comunitario) y defensor territorial Raymundo Cahuantzi tambi\u00e9n fue detenido. En marzo del 2024 Cahuantzi fue puesto en libertad despu\u00e9s de permanecer en prisi\u00f3n un a\u00f1o y 7 meses junto a Sa\u00fal.<\/p>\n\n\n\n<p>Sobre la repercusi\u00f3n que la detenci\u00f3n de Sa\u00fal gener\u00f3 en el pueblo, Alicia considera que \u201cafect\u00f3 a la comunidad ya que el era nuestro representante, y pareciera que fue un escarmiento a los pueblos y\/o colectivos por levantar la voz y defender el territorio\u201d.<\/p>\n\n\n\n<figure class=\"wp-block-image\"><a class=\"td-modal-image\" href=\"https:\/\/avispa.org\/wp-content\/uploads\/2025\/08\/III-SaulRosales.jpg\"><img decoding=\"async\" src=\"https:\/\/avispa.org\/wp-content\/uploads\/2025\/08\/III-SaulRosales.jpg\" alt=\"\" class=\"wp-image-120445\"\/><\/a><figcaption class=\"wp-element-caption\"><em><sup>Vista de monta\u00f1a La Malinche. Tlaxcala.&nbsp;(Foto:&nbsp;Red Wikipedia)<\/sup><\/em><\/figcaption><\/figure>\n\n\n\n<h3 class=\"wp-block-heading\" id=\"h-solidaridad-con-rosales\"><strong>Solidaridad con Rosales<\/strong><\/h3>\n\n\n\n<p>La lucha por la justicia y libertad para Sa\u00fal Rosales ha sido acompa\u00f1ada por la solidaridad de varios colectivos y organizaciones. Alicia reconoce que \u201cson diversos colectivos y organizaciones a nivel local, nacional e internacional\u201d quienes los han apoyado, entre estos: \u201cel Centro Fray Juli\u00e1n Garc\u00e9s, el Centro Prodh, la red TDT, La RAE, Geo-graf\u00edas comunitarias, Territorios de Paz de Colombia, entre otros, as\u00ed como diversas comunidades de Tlaxcala y de toda la rep\u00fablica\u201d.<\/p>\n\n\n\n<p>Frente al temor de que la resoluci\u00f3n para Sa\u00fal se retrase m\u00e1s tiempo debido a que con las elecciones judiciales, del pasado 1 de junio, la conformaci\u00f3n del Tribunal Colegiado cambiar\u00e1 en el mes de septiembre de este a\u00f1o, familiares e integrantes del CSRMT realizaron la ma\u00f1ana del pasado martes (5) una manifestaci\u00f3n pac\u00edfica a las afueras de Ciudad Judicial en Tlaxcala, para exigir una inmediata resoluci\u00f3n.<\/p>\n\n\n\n<figure class=\"wp-block-image\"><a class=\"td-modal-image\" href=\"https:\/\/avispa.org\/wp-content\/uploads\/2025\/08\/IV-SaulRosales.jpg\"><img decoding=\"async\" src=\"https:\/\/avispa.org\/wp-content\/uploads\/2025\/08\/IV-SaulRosales-1024x547.jpg\" alt=\"\" class=\"wp-image-120446\"\/><\/a><figcaption class=\"wp-element-caption\"><em><sup>Manifestaci\u00f3n a las afueras de la fiscal\u00eda de Tlaxcala, por la resoluci\u00f3n legal de Sa\u00fal Rosales, 5 de julio del 2025. Foto: Escenario Tlaxcala<\/sup><\/em><\/figcaption><\/figure>\n\n\n\n<p>Al calor de la manifestaci\u00f3n, Marisol Flores Garc\u00eda directora del \u201cCentro \u2018Fray Juli\u00e1n Garc\u00e9s\u2019 Derechos Humanos y Desarrollo Local A.C.\u201d emiti\u00f3 un oficio dirigido a los Magistrados del Segundo Tribunal Colegiado del Vig\u00e9simo Octavo Circuito, documento en el que expone las irregularidades en el caso de Rosales y exhorta a los magistrados a emitir un resolutivo con base en la aplicaci\u00f3n de \u201clos m\u00e1s altos est\u00e1ndares en materia de derechos humanos y de interculturalidad\u201d.<\/p>\n\n\n\n<p>La comunidad de San Pedro Tlalcuapan, grupos solidarios y familiares de Sa\u00fal continuar\u00e1n organiz\u00e1ndose para la planeaci\u00f3n de diversas acciones en busca de justicia. Alicia invita a la sociedad en general a sumarse a la exigencia de libertad para Rosales y a no callar ante las injusticias.<\/p>\n","protected":false},"excerpt":{"rendered":"<p>Fuente: Avispa Midia Por Roc\u00edo Heredia Sa\u00fal Rosales Mel\u00e9ndez es un l\u00edder ind\u00edgena y defensor del bosque, originario de la comunidad nahua San Pedro Tlalcuapan, localidad perteneciente al municipio de Chiautempan en el estado de Tlaxcala. Antes de su aprehensi\u00f3n, hace tres a\u00f1os, Sa\u00fal habitaba en las faldas de&nbsp;Matlalcu\u00e9yetl,&nbsp;una preponderante monta\u00f1a en el centro-oriente de [&hellip;]<\/p>\n","protected":false},"author":21,"featured_media":51762,"comment_status":"open","ping_status":"closed","sticky":false,"template":"","format":"standard","meta":{"footnotes":""},"categories":[957,51,826,958,962,935],"tags":[58,53,567,147,545,87,27,483],"class_list":["post-51761","post","type-post","status-publish","format-standard","has-post-thumbnail","hentry","category-autonomia","category-autor","category-medios-libres-2","category-megaproyectos","category-presos","category-temas","tag-derechos-humanos","tag-justicia","tag-megaproyectos","tag-militarizacion","tag-pueblos-indigenas","tag-represion","tag-solidaridad","tag-tierra-y-territorio"],"_links":{"self":[{"href":"https:\/\/radiozapatista.org\/index.php?rest_route=\/wp\/v2\/posts\/51761","targetHints":{"allow":["GET"]}}],"collection":[{"href":"https:\/\/radiozapatista.org\/index.php?rest_route=\/wp\/v2\/posts"}],"about":[{"href":"https:\/\/radiozapatista.org\/index.php?rest_route=\/wp\/v2\/types\/post"}],"author":[{"embeddable":true,"href":"https:\/\/radiozapatista.org\/index.php?rest_route=\/wp\/v2\/users\/21"}],"replies":[{"embeddable":true,"href":"https:\/\/radiozapatista.org\/index.php?rest_route=%2Fwp%2Fv2%2Fcomments&post=51761"}],"version-history":[{"count":1,"href":"https:\/\/radiozapatista.org\/index.php?rest_route=\/wp\/v2\/posts\/51761\/revisions"}],"predecessor-version":[{"id":51763,"href":"https:\/\/radiozapatista.org\/index.php?rest_route=\/wp\/v2\/posts\/51761\/revisions\/51763"}],"wp:featuredmedia":[{"embeddable":true,"href":"https:\/\/radiozapatista.org\/index.php?rest_route=\/wp\/v2\/media\/51762"}],"wp:attachment":[{"href":"https:\/\/radiozapatista.org\/index.php?rest_route=%2Fwp%2Fv2%2Fmedia&parent=51761"}],"wp:term":[{"taxonomy":"category","embeddable":true,"href":"https:\/\/radiozapatista.org\/index.php?rest_route=%2Fwp%2Fv2%2Fcategories&post=51761"},{"taxonomy":"post_tag","embeddable":true,"href":"https:\/\/radiozapatista.org\/index.php?rest_route=%2Fwp%2Fv2%2Ftags&post=51761"}],"curies":[{"name":"wp","href":"https:\/\/api.w.org\/{rel}","templated":true}]}}