{"id":51758,"date":"2025-08-12T12:32:00","date_gmt":"2025-08-12T18:32:00","guid":{"rendered":"https:\/\/radiozapatista.org\/?p=51758"},"modified":"2025-08-14T12:39:09","modified_gmt":"2025-08-14T18:39:09","slug":"liberan-a-luis-villagran-activista-pro-migrante-en-la-frontera-sur-de-mexico","status":"publish","type":"post","link":"https:\/\/radiozapatista.org\/?p=51758","title":{"rendered":"Liberan a Luis Villagr\u00e1n, activista pro migrante en la frontera sur de M\u00e9xico"},"content":{"rendered":"\n<p>Fuente: <a href=\"http:\/\/Liberan a Luis Villagr\u00e1n, activista pro migrante en la frontera sur de M\u00e9xico\">Avispa Midia<\/a><\/p>\n\n\n\n<p>Por Jeny Pascacio<\/p>\n\n\n\n<p>Luis Rey Garc\u00eda Villagr\u00e1n, reconocido defensor de migrantes en la frontera sur de M\u00e9xico, fue exonerado tras&nbsp;<a href=\"https:\/\/avispa.org\/chiapas-detienen-a-defensor-de-migrantes-un-dia-antes-de-la-salida-de-nueva-caravana\/\">acusaciones por trata y delincuencia organizada<\/a>&nbsp;promovidas por el Instituto Nacional de Migraci\u00f3n (INM). La Fiscal\u00eda General de la Rep\u00fablica (FGR) no logr\u00f3 sostener los cargos, pese a se\u00f1alamientos p\u00fablicos de la presidenta Claudia Sheinbaum.<\/p>\n\n\n\n<p>\u201cMe da mucha pena contradecir a la presidenta, Claudia Sheinbaum Pardo, y al Gobernador, Eduardo Ram\u00edrez Aguilar, siento mucha pena por los mexicanos que tenemos esa presidenta y este gobernador. El juez decret\u00f3 mi auto de libertad porque dijo que no pertenec\u00edamos a la delincuencia organizada, sino que pertenec\u00edamos al Centro de Dignificaci\u00f3n Humana AC, reconocido desde hace m\u00e1s de nueve a\u00f1os por la Secretar\u00eda de Gobernaci\u00f3n\u201d, dijo el activista, al salir del Centro Estatal de Reinserci\u00f3n Social para Sentenciados (CERSS) n\u00famero 3.<\/p>\n\n\n\n<p>Seis d\u00edas despu\u00e9s de haber sido arrestado por la Fiscal\u00eda General de la Rep\u00fablica (FGR), Sedena, Marina, Fuerza de Reacci\u00f3n Inmediata Pakal (FRIP) y Guardia Nacional, este lunes, 11 de agosto, se celebr\u00f3 la audiencia de vinculaci\u00f3n a proceso, la cual se prolong\u00f3 por m\u00e1s de dos horas, hasta que el juez federal determin\u00f3 que no hab\u00eda elementos suficientes para vincularlo a proceso, por lo que orden\u00f3 su libertad inmediata.<\/p>\n\n\n\n<figure class=\"wp-block-image\"><a class=\"td-modal-image\" href=\"https:\/\/avispa.org\/wp-content\/uploads\/2025\/08\/ConferenciaLiberacionVillagran-2.jpeg\"><img decoding=\"async\" src=\"https:\/\/avispa.org\/wp-content\/uploads\/2025\/08\/ConferenciaLiberacionVillagran-2-1024x576.jpeg\" alt=\"\" class=\"wp-image-120464\"\/><\/a><\/figure>\n\n\n\n<p>El activista de 62 a\u00f1os abandon\u00f3 el penal vestido con una camisa blanca, pantal\u00f3n caf\u00e9, tenis y una mochila azul al hombro. Primero abraz\u00f3 a su familia y, despu\u00e9s, se detuvo unos instantes para responder algunas preguntas de los medios de comunicaci\u00f3n que presenciaron su liberaci\u00f3n.<\/p>\n\n\n\n<h3 class=\"wp-block-heading\" id=\"h-en-la-audiencia\"><strong>En la audiencia<\/strong><\/h3>\n\n\n\n<p>\u201cUno de los puntos que defendi\u00f3 el abogado fue el se\u00f1alamiento de que \u00e9l (Villagr\u00e1n) no es activista y de que no exist\u00eda la asociaci\u00f3n civil. Pero se comprob\u00f3 que todo lo que dec\u00eda la carpeta de investigaci\u00f3n era mentira\u201d, dijo la familia del defensor a&nbsp;<em>Avispa M\u00eddia<\/em>.<\/p>\n\n\n\n<p>Lograron acreditar el riesgo derivado de su labor en la frontera sur de M\u00e9xico, por lo cual fue integrado al Mecanismo de Protecci\u00f3n para Personas Defensoras de Derechos Humanos y Periodistas desde 2020. El mismo mecanismo instal\u00f3 un sistema de seguridad en la casa del defensor y le fue otorgado un bot\u00f3n de p\u00e1nico.<\/p>\n\n\n\n<p>\u201cEs un expediente falso, completamente plagado de mentiras e incongruencias, incluso tiene una acusaci\u00f3n de recibir dinero en fechas que \u00e9l estaba hospitalizado por un atentado que sufri\u00f3, pero eso s\u00ed, en ese expediente de m\u00e1s de dos mil hojas no aparece el atentado que sufri\u00f3 y que fue muy grave\u201d, agreg\u00f3 la familia.&nbsp;<\/p>\n\n\n\n<p>El atentado mencionado por la familia de Villagr\u00e1n se trat\u00f3 de un ataque de un grupo criminal en la v\u00eda p\u00fablica, el 17 de octubre de 2023, que le dej\u00f3 fracturas de dedos, costillas, piernas y rostro desfigurado por los golpes. \u201cPas\u00f3 una patrulla de la Guardia Nacional y los llamamos, pedimos auxilio y no se detuvieron; la FGR entonces, no hizo nada\u201d, explic\u00f3 Villagr\u00e1n en entrevista a&nbsp;<em>Avispa M\u00eddia<\/em>.<\/p>\n\n\n\n<p>De acuerdo con el abogado defensor Jos\u00e9 Antonio Mart\u00ednez S\u00e1nchez, el delito que se le imput\u00f3 a Villagr\u00e1n es delincuencia organizada en su modalidad de tr\u00e1fico de personas y la denuncia fue iniciada por el Instituto Nacional de Migraci\u00f3n (INM), \u201cacus\u00e1ndolo de que \u00e9l era el encargado de realizar las caravanas [de migrantes] con otras tres personas m\u00e1s\u201d.&nbsp;<\/p>\n\n\n\n<p>El abogado dijo que la carpeta comenz\u00f3 a integrarse en 2022 y sigui\u00f3 hasta febrero del 2024. \u201cLas autoridades hicieron actos de investigaci\u00f3n (a Luis Villagr\u00e1n) en fuentes abiertas y en sus redes sociales\u201d, dijo Mart\u00ednez S\u00e1nchez.&nbsp;<\/p>\n\n\n\n<p>Adem\u00e1s, su tel\u00e9fono m\u00f3vil fue parte de la supuesta investigaci\u00f3n. \u201cUsaron una t\u00e9cnica para que una compa\u00f1\u00eda de tel\u00e9fono [Telcel] entregara sus datos conservados, es decir, todo lo que es mensajer\u00eda y telefon\u00eda, pero no se pudo acreditar que hubiera esa delincuencia que se le hab\u00eda acreditado\u201d, explic\u00f3 Mart\u00ednez S\u00e1nchez.<\/p>\n\n\n\n<h3 class=\"wp-block-heading\" id=\"h-el-derecho-a-disentir-nbsp\"><strong>El derecho a disentir&nbsp;<\/strong><\/h3>\n\n\n\n<p>En conferencia de prensa, este 12 agosto, Luis Villagr\u00e1n explic\u00f3 que un juez autoriz\u00f3 por un a\u00f1o y medio, en tres momentos diferentes, la intervenci\u00f3n de redes sociales y tel\u00e9fono m\u00f3vil, \u201cy no encontraron nada\u201d.&nbsp;&nbsp;<\/p>\n\n\n\n<p>Mientras tanto, Alejandro Gertz Manero,&nbsp;Fiscal General de la Rep\u00fablica,&nbsp;se\u00f1al\u00f3 que obtuvieron cerca de 75 pruebas en su contra y que, ahora, no solo apelar\u00e1n la decisi\u00f3n del juez que absolvi\u00f3 al defensor, tambi\u00e9n iniciar\u00e1n otra carpeta de investigaci\u00f3n.<\/p>\n\n\n\n<figure class=\"wp-block-image\"><a class=\"td-modal-image\" href=\"https:\/\/avispa.org\/wp-content\/uploads\/2025\/08\/LiberacionVillagran-2-e1755054934755.jpeg\"><img decoding=\"async\" src=\"https:\/\/avispa.org\/wp-content\/uploads\/2025\/08\/LiberacionVillagran-2-e1755054934755-1024x658.jpeg\" alt=\"\" class=\"wp-image-120462\"\/><\/a><\/figure>\n\n\n\n<p>\u201cLas pruebas son entrevistas de polic\u00edas federales de hace tres a\u00f1os a migrantes. Es inveros\u00edmil, son entrevistas que no cuentan con tiempo, modo y lugar y por lo tanto no se acreditan como pruebas\u201d, enfatiz\u00f3 el defensor en el Parque Bicentenario de Tapachula.<\/p>\n\n\n\n<p>\u201cHab\u00eda pensado quedarme callado, pero ante las mentiras e infundios de tan altos tribunales, no me queda m\u00e1s remedio que morir luchando\u201d, dijo y, de nuevo, pidi\u00f3 al gobierno federal a respetar el derecho a disentir, \u201cy no tomarse personal los se\u00f1alamientos de corrupci\u00f3n en INM y Comar\u201d.<\/p>\n\n\n\n<p>Tambi\u00e9n mostr\u00f3 partes de la carpeta de investigaci\u00f3n donde se observan im\u00e1genes de sus hijos y nietos. \u201cSi as\u00ed investigaran a los administradores del r\u00edo Suchiate, ya estuvieran presos; el cartel cualquiera y el INM son lo mismo\u201d.<\/p>\n\n\n\n<p>Luis Villagr\u00e1n dijo que la libertad lleg\u00f3 porque a\u00fan no se aplican los cambios con motivo de la reforma judicial. \u201cEstamos antes de la etapa de los jueces que van a estar a modo de ellos [gobierno federal]. Esta reforma al poder judicial nos deja a nosotros los activistas en manos de un terrorismo de Estado\u201d, lament\u00f3.<\/p>\n\n\n\n<p>En los pr\u00f3ximos d\u00edas, acudir\u00e1 ante la Comisi\u00f3n Interamericana de los Derechos Humanos (CIDH). \u201cEl Estado mexicano es un narcoestado y ahora quiere ejercer el narcoterrorismo, primero, en contra de migrantes, defensores y, luego, van con ustedes, los periodistas\u201d, insisti\u00f3.<\/p>\n","protected":false},"excerpt":{"rendered":"<p>Fuente: Avispa Midia Por Jeny Pascacio Luis Rey Garc\u00eda Villagr\u00e1n, reconocido defensor de migrantes en la frontera sur de M\u00e9xico, fue exonerado tras&nbsp;acusaciones por trata y delincuencia organizada&nbsp;promovidas por el Instituto Nacional de Migraci\u00f3n (INM). La Fiscal\u00eda General de la Rep\u00fablica (FGR) no logr\u00f3 sostener los cargos, pese a se\u00f1alamientos p\u00fablicos de la presidenta Claudia [&hellip;]<\/p>\n","protected":false},"author":21,"featured_media":51759,"comment_status":"open","ping_status":"closed","sticky":false,"template":"","format":"standard","meta":{"footnotes":""},"categories":[51,6,826,958,959,962,935],"tags":[58,53,567,147,87,148],"class_list":["post-51758","post","type-post","status-publish","format-standard","has-post-thumbnail","hentry","category-autor","category-chiapas","category-medios-libres-2","category-megaproyectos","category-migracion","category-presos","category-temas","tag-derechos-humanos","tag-justicia","tag-megaproyectos","tag-militarizacion","tag-represion","tag-resistencia"],"_links":{"self":[{"href":"https:\/\/radiozapatista.org\/index.php?rest_route=\/wp\/v2\/posts\/51758","targetHints":{"allow":["GET"]}}],"collection":[{"href":"https:\/\/radiozapatista.org\/index.php?rest_route=\/wp\/v2\/posts"}],"about":[{"href":"https:\/\/radiozapatista.org\/index.php?rest_route=\/wp\/v2\/types\/post"}],"author":[{"embeddable":true,"href":"https:\/\/radiozapatista.org\/index.php?rest_route=\/wp\/v2\/users\/21"}],"replies":[{"embeddable":true,"href":"https:\/\/radiozapatista.org\/index.php?rest_route=%2Fwp%2Fv2%2Fcomments&post=51758"}],"version-history":[{"count":1,"href":"https:\/\/radiozapatista.org\/index.php?rest_route=\/wp\/v2\/posts\/51758\/revisions"}],"predecessor-version":[{"id":51760,"href":"https:\/\/radiozapatista.org\/index.php?rest_route=\/wp\/v2\/posts\/51758\/revisions\/51760"}],"wp:featuredmedia":[{"embeddable":true,"href":"https:\/\/radiozapatista.org\/index.php?rest_route=\/wp\/v2\/media\/51759"}],"wp:attachment":[{"href":"https:\/\/radiozapatista.org\/index.php?rest_route=%2Fwp%2Fv2%2Fmedia&parent=51758"}],"wp:term":[{"taxonomy":"category","embeddable":true,"href":"https:\/\/radiozapatista.org\/index.php?rest_route=%2Fwp%2Fv2%2Fcategories&post=51758"},{"taxonomy":"post_tag","embeddable":true,"href":"https:\/\/radiozapatista.org\/index.php?rest_route=%2Fwp%2Fv2%2Ftags&post=51758"}],"curies":[{"name":"wp","href":"https:\/\/api.w.org\/{rel}","templated":true}]}}