{"id":51757,"date":"2025-08-14T13:42:33","date_gmt":"2025-08-14T19:42:33","guid":{"rendered":"https:\/\/radiozapatista.org\/?p=51757"},"modified":"2025-08-14T19:31:35","modified_gmt":"2025-08-15T01:31:35","slug":"dia-11-encuentro-de-resistencias-y-rebeldias-algunas-partes-del-todo","status":"publish","type":"post","link":"https:\/\/radiozapatista.org\/?p=51757","title":{"rendered":"D\u00eda 11 \u2013 Encuentro de Resistencias y Rebeld\u00edas \u201cAlgunas partes del todo\u201d"},"content":{"rendered":"\n<p>Este onceavo d\u00eda del <a href=\"https:\/\/radiozapatista.org\/?page_id=51802\">Encuentro de Resistencias y Rebeld\u00edas &#8220;Algunas partes del todo&#8221;<\/a> continu\u00f3 con testimonios de luchas a lo largo de M\u00e9xico y en territorios de Alemania, Grecia, Guatemala y Chile, as\u00ed como en solidaridad con los pueblos saharaui y palestino.<\/p>\n\n\n\n<p>De Alemania y Grecia, el colectivo internacionalista Borderless Collective (Colectivo sin Fronteras), fundado en 2019, lucha por los derechos de los migrantes ante la guerra de la Uni\u00f3n Europea contra la migraci\u00f3n. El Colectivo La Izquierda Intervencionista, presente en 20 ciudades de Alemania, trabaja contra el cambio clim\u00e1tico, contra el racismo, contra el facismo, por el biofeminismo, el internacionalismo, la vivienda, la salud y la vida digna, enfrentando diversas opresiones por medio de acciones directas y otras, que difieren en las diferentes geograf\u00edas donde opera el colectivo. Solidaridad Hijas de las Nubes es un colectivo que trabaja en solidaridad con el pueblo Saharaui en el norte de \u00c1frica. En Walmapu, en el pa\u00eds llamado Chile, el Centro Cultural Poblaci\u00f3n Santo Tom\u00e1s lucha por la defensa del pueblo mapuche ante la represi\u00f3n estatal y del crimen organizado. La ge\u00f3grafa mam Linda Quiquivix nos habl\u00f3 sobre su libro &#8220;Palestine 1492&#8221;, que habla de la resistencia palestina desde su visi\u00f3n maya. En Guatemala, la <a href=\"https:\/\/asociacioncdro.org.gt\/\" target=\"_blank\" rel=\"noreferrer noopener\">Asociaci\u00f3n de Cooperaci\u00f3n para el Desarrollo Rural de Occidente<\/a> (CDRO), fundada hace 39 a\u00f1os durante el conflicto armado, trabaja contra la marginaci\u00f3n y la exclusi\u00f3n por medio de la organizaci\u00f3n comunitaria. Desde el \u00c1rea de la Bah\u00eda de San Francisco, California, Pancho Ramos Stierle comparti\u00f3 algunas luchas en el vecino pa\u00eds del norte.<\/p>\n\n\n\n<p>De M\u00e9xico, la Escuelita Aut\u00f3noma Otom\u00ed lucha por una educaci\u00f3n liberadora en la Casa de los Pueblos y Comunidades Ind\u00edgenas Samir Flores Soberanes, en la Ciudad de M\u00e9xico. Tambi\u00e9n en el \u00e1mbito de la educaci\u00f3n, la Red Educativa ALC es una red de centros de educaci\u00f3n \u00e1giles, o centros de educaci\u00f3n autodirigida, acompa\u00f1a a comunidades en la construcci\u00f3n de una educaci\u00f3n propia. En el mismo sentido, una maestra nos comparte su palabra sobre la lucha contra la reforma educativa del 2016. El Comit\u00e9 de Usuarios de Energ\u00eda El\u00e9ctrica lucha por la justicia energ\u00e9tica. La Red de Resistencia y Rebeld\u00eda en apoyo al CNI-CIG del Puerto de Veracruz comparti\u00f3 un comunicado de las compa\u00f1eras mazatecas de Eloxochitl\u00e1n por la liberaci\u00f3n de presos pol\u00edticos en Oaxaca, la lucha de la Asamblea Ciudadana en Defensa del Agua y la Vida en Veracruz, y su propia organizaci\u00f3n. De Bacalar, Quintana Roo, la comuidad Kayuko Maya comparti\u00f3 su lucha por la autonom\u00eda. Las compa\u00f1eras de La Caracolita Insumisa compartieron su lucha por la equidad de g\u00e9nero al interior de los movimientos. De Oaxaca, el Colectivo Degeneraci\u00f3n y la compa\u00f1era Roc\u00edo, de Argentina, compartieron la labor de los medios libres por una comunicaci\u00f3n liberadora, y presentaron un audiovisual sobre la Comuna de Oaxaca de 2006.<\/p>\n\n\n\n<p>Este d\u00eda, los j\u00f3venes zapatistas volvieron a presentar la pieza de teatro que se present\u00f3 el 5 de agosto (<a href=\"https:\/\/radiozapatista.org\/?p=51580\">comentada aqu\u00ed por el Capit\u00e1n Marcos<\/a>).<\/p>\n\n\n\n<p>Compartimos aqu\u00ed las palabras compartidas este onceavo d\u00eda del encuentro.<\/p>\n\n\n\n<p>Escuelita Aut\u00f3noma Otom\u00ed [podcast]https:\/\/radiozapatista.org\/wp-content\/uploads\/2025\/08\/dia11-01.mp3[\/podcast]<\/p>\n\n\n\n<p>Red Educativa ALC en M\u00e9xico [podcast]https:\/\/radiozapatista.org\/wp-content\/uploads\/2025\/08\/dia11-02.mp3[\/podcast]<\/p>\n\n\n\n<p>Pancho Ramos Stierle [podcast]https:\/\/radiozapatista.org\/wp-content\/uploads\/2025\/08\/dia11-03.mp3[\/podcast]<\/p>\n\n\n\n<p>Comit\u00e9 de Usuarios de Energ\u00eda El\u00e9ctrica [podcast]https:\/\/radiozapatista.org\/wp-content\/uploads\/2025\/08\/dia11-04.mp3[\/podcast]<\/p>\n\n\n\n<p>Colectivo sin Fronteras (Borderless Collective) (Alemania y Grecia) [podcast]https:\/\/radiozapatista.org\/wp-content\/uploads\/2025\/08\/dia11-05.mp3[\/podcast]<\/p>\n\n\n\n<p>Red de Resistencia y Rebeld\u00eda en apoyo al CNI-CIG del Puerto de Veracruz [podcast]https:\/\/radiozapatista.org\/wp-content\/uploads\/2025\/08\/dia11-06.mp3[\/podcast]<\/p>\n\n\n\n<p>Asociaci\u00f3n de Cooperaci\u00f3n para el Desarrollo Rural de Occidente (CDRO) (Totonicap\u00e1n, Guatemala) [podcast]https:\/\/radiozapatista.org\/wp-content\/uploads\/2025\/08\/dia11-07.mp3[\/podcast]<\/p>\n\n\n\n<p>Comentario del Subcomandante Mois\u00e9s [podcast]https:\/\/radiozapatista.org\/wp-content\/uploads\/2025\/08\/dia11-08.mp3[\/podcast]<\/p>\n\n\n\n<p>Segundo comentario del Subcomandante Mois\u00e9s [podcast]https:\/\/radiozapatista.org\/wp-content\/uploads\/2025\/08\/dia11-09.mp3[\/podcast]<\/p>\n\n\n\n<p>Red de Resistencia y Rebeld\u00eda en apoyo al CNI-CIG del Puerto de Veracruz lee comunicado de las compa\u00f1eras mazatecas de Eloxochitl\u00e1n [podcast]https:\/\/radiozapatista.org\/wp-content\/uploads\/2025\/08\/dia11-10.mp3[\/podcast]<\/p>\n\n\n\n<p>Maestra habla de la reforma educativa del 2016 [podcast]https:\/\/radiozapatista.org\/wp-content\/uploads\/2025\/08\/dia11-11.mp3[\/podcast]<\/p>\n\n\n\n<p>Colectivo La Izquierda Intervencionista (Alemania) [podcast]https:\/\/radiozapatista.org\/wp-content\/uploads\/2025\/08\/dia11-12.mp3[\/podcast]<\/p>\n\n\n\n<p>Comunidad Kayuko Maya (Bacalar, Quintana Roo) [podcast]https:\/\/radiozapatista.org\/wp-content\/uploads\/2025\/08\/dia11-13.mp3[\/podcast]<\/p>\n\n\n\n<p>Solidaridad Hijas de las Nubes (solidaridad con el pueblo Saharaui) [podcast]https:\/\/radiozapatista.org\/wp-content\/uploads\/2025\/08\/dia11-14.mp3[\/podcast]<\/p>\n\n\n\n<p>La Caracolita Insumisa (M\u00e9xico) [podcast]https:\/\/radiozapatista.org\/wp-content\/uploads\/2025\/08\/dia11-15.mp3[\/podcast]<\/p>\n\n\n\n<p>Centro Cultural Poblaci\u00f3n Santo Tom\u00e1s (Wallmapu, Chile) [podcast]https:\/\/radiozapatista.org\/wp-content\/uploads\/2025\/08\/dia11-16.mp3[\/podcast]<\/p>\n\n\n\n<p>Comentario de compa\u00f1ero zapatista [podcast]https:\/\/radiozapatista.org\/wp-content\/uploads\/2025\/08\/dia11-17.mp3[\/podcast]<\/p>\n\n\n\n<p>Degeneraci\u00f3n (Oaxaca) [podcast]https:\/\/radiozapatista.org\/wp-content\/uploads\/2025\/08\/dia11-18.mp3[\/podcast]<\/p>\n\n\n\n<p>Linda Quiquivix \u2013 \u201cPalestina 1492\u201d [podcast]https:\/\/radiozapatista.org\/wp-content\/uploads\/2025\/08\/dia11-19.mp3[\/podcast]<\/p>\n\n\n\n<p><\/p>\n\n\n\n<p>Foto de portada: Radio Pozol<\/p>\n","protected":false},"excerpt":{"rendered":"<p>Este onceavo d\u00eda del Encuentro de Resistencias y Rebeld\u00edas &#8220;Algunas partes del todo&#8221; continu\u00f3 con testimonios de luchas a lo largo de M\u00e9xico y en territorios de Alemania, Grecia, Guatemala y Chile, as\u00ed como en solidaridad con los pueblos saharaui y palestino. De Alemania y Grecia, el colectivo internacionalista Borderless Collective (Colectivo sin Fronteras), fundado [&hellip;]<\/p>\n","protected":false},"author":1,"featured_media":51792,"comment_status":"open","ping_status":"closed","sticky":false,"template":"","format":"standard","meta":{"footnotes":""},"categories":[1,957,6,955,954,961,953,1327,190,222],"tags":[79,1502,917,1495,56,926,30,153,27],"class_list":["post-51757","post","type-post","status-publish","format-standard","has-post-thumbnail","hentry","category-audio","category-autonomia","category-chiapas","category-ezln-temas","category-mexico","category-mujeres","category-mundo","category-palestina","category-radiozapatista","category-video","tag-autonomia","tag-caracoles-zapatistas","tag-chiapas","tag-el-dia-despues","tag-encuentros","tag-ezln","tag-migracion","tag-morelia","tag-solidaridad"],"_links":{"self":[{"href":"https:\/\/radiozapatista.org\/index.php?rest_route=\/wp\/v2\/posts\/51757","targetHints":{"allow":["GET"]}}],"collection":[{"href":"https:\/\/radiozapatista.org\/index.php?rest_route=\/wp\/v2\/posts"}],"about":[{"href":"https:\/\/radiozapatista.org\/index.php?rest_route=\/wp\/v2\/types\/post"}],"author":[{"embeddable":true,"href":"https:\/\/radiozapatista.org\/index.php?rest_route=\/wp\/v2\/users\/1"}],"replies":[{"embeddable":true,"href":"https:\/\/radiozapatista.org\/index.php?rest_route=%2Fwp%2Fv2%2Fcomments&post=51757"}],"version-history":[{"count":9,"href":"https:\/\/radiozapatista.org\/index.php?rest_route=\/wp\/v2\/posts\/51757\/revisions"}],"predecessor-version":[{"id":51806,"href":"https:\/\/radiozapatista.org\/index.php?rest_route=\/wp\/v2\/posts\/51757\/revisions\/51806"}],"wp:featuredmedia":[{"embeddable":true,"href":"https:\/\/radiozapatista.org\/index.php?rest_route=\/wp\/v2\/media\/51792"}],"wp:attachment":[{"href":"https:\/\/radiozapatista.org\/index.php?rest_route=%2Fwp%2Fv2%2Fmedia&parent=51757"}],"wp:term":[{"taxonomy":"category","embeddable":true,"href":"https:\/\/radiozapatista.org\/index.php?rest_route=%2Fwp%2Fv2%2Fcategories&post=51757"},{"taxonomy":"post_tag","embeddable":true,"href":"https:\/\/radiozapatista.org\/index.php?rest_route=%2Fwp%2Fv2%2Ftags&post=51757"}],"curies":[{"name":"wp","href":"https:\/\/api.w.org\/{rel}","templated":true}]}}