{"id":51727,"date":"2025-08-13T13:49:51","date_gmt":"2025-08-13T19:49:51","guid":{"rendered":"https:\/\/radiozapatista.org\/?p=51727"},"modified":"2025-08-14T19:31:58","modified_gmt":"2025-08-15T01:31:58","slug":"dia-10-encuentro-de-resistencias-y-rebeldias-algunas-partes-del-todo","status":"publish","type":"post","link":"https:\/\/radiozapatista.org\/?p=51727","title":{"rendered":"D\u00eda 10 \u2013 Encuentro de Resistencias y Rebeld\u00edas \u201cAlgunas partes del todo\u201d"},"content":{"rendered":"\n<p>Es ya el d\u00e9cimo d\u00eda del <a href=\"https:\/\/radiozapatista.org\/?page_id=51802\">Encuentro de Resistencias y Rebeld\u00edas &#8220;Algunas partes del todo&#8221;<\/a> en territorio zapatista, y los testimonios de luchas en diversos puntos del planeta contin\u00faan indigando, pero tambi\u00e9n alentando a continuar construyendo otros mundos posibles.<\/p>\n\n\n\n<p>Desde Colombia, Camila Reyes, del <a href=\"https:\/\/resuenacolombia.com\/\" target=\"_blank\" rel=\"noreferrer noopener\">Colectivo Resuena<\/a>, habl\u00f3 sobre la construcci\u00f3n de la paz en una cultura de violencia, desde la experiencia colombiana, a trav\u00e9s de la comunicaci\u00f3n no violenta. La organizaci\u00f3n <a href=\"https:\/\/www.blockadeaustralia.com\/\" target=\"_blank\" rel=\"noreferrer noopener\">Blockade Australia<\/a> utiliza la acci\u00f3n directa para bloquear los proyectos extractivistas y defender los ecosistemas que mantienen la vida en el planeta. Tambi\u00e9n de la geograf\u00eda llamada Australia, compa\u00f1erxs hablan de las luchas en defensa de los pueblos originarios contra las fuerzas coloniales. Dos activistas de Eslovenia presentan diversas resistencias en la regi\u00f3n de los Balcanes, reunidas a partir de la Traves\u00eda por la Vida zapatista.<\/p>\n\n\n\n<p>De la Ciudad de M\u00e9xico, el muralista Gato (Roberto Rodr\u00edguez Contreras) habl\u00f3 sobre la resistencia a partir de las artes, en particular la pintura. La comunicadora Daliri Oropeza, del <a href=\"https:\/\/ciccac.org\/\" target=\"_blank\" rel=\"noreferrer noopener\">Centro de Investigaci\u00f3n en Comunicaci\u00f3n Comunitaria<\/a>, habl\u00f3 sobre la resistencia desde el periodismo libre. La <a href=\"https:\/\/colectivahilos.com\/\" target=\"_blank\" rel=\"noreferrer noopener\">Colectiva Hilos<\/a> surgi\u00f3 en Guadalajara en 2018 y est\u00e1 conformada por artistas, gestoras, psic\u00f3logas, soci\u00f3logas y dise\u00f1adoras que luchan por medio de la expresi\u00f3n art\u00edstica a trav\u00e9s de soportes textiles. Javier Urrea Vega, del Colegio de Ciencias y Humanidades (CCH) de la UNAM, nos habl\u00f3 de la resistencia desde los espacios acd\u00e9micos.<\/p>\n\n\n\n<p>Los j\u00f3venes zapatistas volvieron a presentar la obra de teatro que se present\u00f3 el 4 de agosto (<a href=\"https:\/\/radiozapatista.org\/?p=51478\">resumida aqu\u00ed por el Capit\u00e1n Marcos<\/a>).<\/p>\n\n\n\n<figure class=\"wp-block-embed is-type-video is-provider-youtube wp-block-embed-youtube wp-embed-aspect-16-9 wp-has-aspect-ratio\"><div class=\"wp-block-embed__wrapper\">\n<iframe loading=\"lazy\" title=\"Encuentro Zapatista &quot;Algunas partes del Todo &quot;D\u00eda 10\" width=\"500\" height=\"281\" src=\"https:\/\/www.youtube.com\/embed\/ZzougBVPEDE?feature=oembed\" frameborder=\"0\" allow=\"accelerometer; autoplay; clipboard-write; encrypted-media; gyroscope; picture-in-picture; web-share\" referrerpolicy=\"strict-origin-when-cross-origin\" allowfullscreen><\/iframe>\n<\/div><\/figure>\n\n\n\n<p>En reuni\u00f3n plenaria, una compa\u00f1era zapatista y el Subcomandante Mois\u00e9s explicaron las razones de los cambios en el gobierno aut\u00f3nomo zapatista y sus nuevas estructuras, inauguradas en 2023, y respondieron preguntas de lxs presentes.<\/p>\n\n\n\n<p>Compartimos aqu\u00ed los audios de este d\u00e9cidmo d\u00eda del encuentro.<\/p>\n\n\n\n<p>Roberto Rodr\u00edguez Contreras \u2013 Gato (muralista, CDMX) [podcast]https:\/\/radiozapatista.org\/wp-content\/uploads\/2025\/08\/dia10-01.mp3[\/podcast]<\/p>\n\n\n\n<p>Daliri Oropeza (Centro de Investigaci\u00f3n en Comunicaci\u00f3n Comunitaria) [podcast]https:\/\/radiozapatista.org\/wp-content\/uploads\/2025\/08\/dia10-02.mp3[\/podcast]<\/p>\n\n\n\n<p>Camila Reyes del Colectivo Resuena, de la parte del Planeta que llamamos Colombia [podcast]https:\/\/radiozapatista.org\/wp-content\/uploads\/2025\/08\/dia10-03.mp3[\/podcast]<\/p>\n\n\n\n<p>Comentario del Subcomandante Mois\u00e9s [podcast]https:\/\/radiozapatista.org\/wp-content\/uploads\/2025\/08\/dia10-04.mp3[\/podcast]<\/p>\n\n\n\n<p>Segundo comentario del Subcomandante Mois\u00e9s [podcast]https:\/\/radiozapatista.org\/wp-content\/uploads\/2025\/08\/dia10-05.mp3[\/podcast]<\/p>\n\n\n\n<p>Blockade Australia [podcast]https:\/\/radiozapatista.org\/wp-content\/uploads\/2025\/08\/dia10-06.mp3[\/podcast]<\/p>\n\n\n\n<p>Colectiva Hilos [podcast]https:\/\/radiozapatista.org\/wp-content\/uploads\/2025\/08\/dia10-19.mp3[\/podcast]<\/p>\n\n\n\n<p>Javier Urrea Vega [podcast]https:\/\/radiozapatista.org\/wp-content\/uploads\/2025\/08\/dia10-20.mp3[\/podcast]<\/p>\n\n\n\n<p>APL \/ Ambasada Rog \/ Black Cats \/ Piata Autonoma Cluj \/ Cultiva Orasul (Eslovenia y Rumania) [podcast]https:\/\/radiozapatista.org\/wp-content\/uploads\/2025\/08\/dia10-21.mp3[\/podcast]<\/p>\n\n\n\n<p>Una tal llamada Australia [podcast]https:\/\/radiozapatista.org\/wp-content\/uploads\/2025\/08\/dia10-22.mp3[\/podcast]<\/p>\n\n\n\n<p><strong>Plenaria<\/strong><\/p>\n\n\n\n<p>Compa\u00f1era no hab\u00eda nacido cuando inici\u00f3 el gobierno aut\u00f3nomo y Subcomandante Mois\u00e9s [podcast]https:\/\/radiozapatista.org\/wp-content\/uploads\/2025\/08\/dia10-07.mp3[\/podcast]<\/p>\n\n\n\n<p>C\u00f3mo manejaban el mal uso del dinero y c\u00f3mo est\u00e1n pensando la justicia ahora [podcast]https:\/\/radiozapatista.org\/wp-content\/uploads\/2025\/08\/dia10-08.mp3[\/podcast]<\/p>\n\n\n\n<p>C\u00f3mo organizarse en com\u00fan en un contexto como la megal\u00f3polis de la CDMX [podcast]https:\/\/radiozapatista.org\/wp-content\/uploads\/2025\/08\/dia10-09.mp3[\/podcast]<\/p>\n\n\n\n<p>Sobre c\u00f3mo se construye el com\u00fan en territorio zapatista [podcast]https:\/\/radiozapatista.org\/wp-content\/uploads\/2025\/08\/dia10-10.mp3[\/podcast]<\/p>\n\n\n\n<p>C\u00f3mo las mujeres zapatistas resisten el sistema d\u00eda a d\u00eda [podcast]https:\/\/radiozapatista.org\/wp-content\/uploads\/2025\/08\/dia10-11.mp3[\/podcast]<\/p>\n\n\n\n<p>Sobre c\u00f3mo funcionan los Grupos de Autonom\u00eda Local (GAL) [podcast]https:\/\/radiozapatista.org\/wp-content\/uploads\/2025\/08\/dia10-12.mp3[\/podcast]<\/p>\n\n\n\n<p>Sobre los resultados que se han visto tras un a\u00f1o con la nueva estructura de gobierno [podcast]https:\/\/radiozapatista.org\/wp-content\/uploads\/2025\/08\/dia10-13.mp3[\/podcast]<\/p>\n\n\n\n<p>Sobre la formaci\u00f3n de las autoridades en la nueva estructura de gobierno aut\u00f3nomo [podcast]https:\/\/radiozapatista.org\/wp-content\/uploads\/2025\/08\/dia10-14.mp3[\/podcast]<\/p>\n\n\n\n<p>Sobre la soberan\u00eda alimentaria en las comunidades zapatistas [podcast]https:\/\/radiozapatista.org\/wp-content\/uploads\/2025\/08\/dia10-15.mp3[\/podcast]<\/p>\n\n\n\n<p>Sobre el papel de la infancia [podcast]https:\/\/radiozapatista.org\/wp-content\/uploads\/2025\/08\/dia10-16.mp3[\/podcast]<\/p>\n\n\n\n<p>Sobre c\u00f3mo ve el zapatismo la lucha por el com\u00fan en las ciudades [podcast]https:\/\/radiozapatista.org\/wp-content\/uploads\/2025\/08\/dia10-17.mp3[\/podcast]<\/p>\n\n\n\n<p>Sobre c\u00f3mo se trabaja la articulaci\u00f3n interzona [podcast]https:\/\/radiozapatista.org\/wp-content\/uploads\/2025\/08\/dia10-18.mp3[\/podcast]<\/p>\n\n\n\n<p><\/p>\n\n\n\n<p>Foto de portada: Noticias de Abajo ML<\/p>\n","protected":false},"excerpt":{"rendered":"<p>Es ya el d\u00e9cimo d\u00eda del Encuentro de Resistencias y Rebeld\u00edas &#8220;Algunas partes del todo&#8221; en territorio zapatista, y los testimonios de luchas en diversos puntos del planeta contin\u00faan indigando, pero tambi\u00e9n alentando a continuar construyendo otros mundos posibles. Desde Colombia, Camila Reyes, del Colectivo Resuena, habl\u00f3 sobre la construcci\u00f3n de la paz en una [&hellip;]<\/p>\n","protected":false},"author":1,"featured_media":51728,"comment_status":"open","ping_status":"closed","sticky":false,"template":"","format":"standard","meta":{"footnotes":""},"categories":[1,957,6,955,954,953,1327,190,222],"tags":[79,1502,1495,56,926,153,545,148,483],"class_list":["post-51727","post","type-post","status-publish","format-standard","has-post-thumbnail","hentry","category-audio","category-autonomia","category-chiapas","category-ezln-temas","category-mexico","category-mundo","category-palestina","category-radiozapatista","category-video","tag-autonomia","tag-caracoles-zapatistas","tag-el-dia-despues","tag-encuentros","tag-ezln","tag-morelia","tag-pueblos-indigenas","tag-resistencia","tag-tierra-y-territorio"],"_links":{"self":[{"href":"https:\/\/radiozapatista.org\/index.php?rest_route=\/wp\/v2\/posts\/51727","targetHints":{"allow":["GET"]}}],"collection":[{"href":"https:\/\/radiozapatista.org\/index.php?rest_route=\/wp\/v2\/posts"}],"about":[{"href":"https:\/\/radiozapatista.org\/index.php?rest_route=\/wp\/v2\/types\/post"}],"author":[{"embeddable":true,"href":"https:\/\/radiozapatista.org\/index.php?rest_route=\/wp\/v2\/users\/1"}],"replies":[{"embeddable":true,"href":"https:\/\/radiozapatista.org\/index.php?rest_route=%2Fwp%2Fv2%2Fcomments&post=51727"}],"version-history":[{"count":6,"href":"https:\/\/radiozapatista.org\/index.php?rest_route=\/wp\/v2\/posts\/51727\/revisions"}],"predecessor-version":[{"id":51807,"href":"https:\/\/radiozapatista.org\/index.php?rest_route=\/wp\/v2\/posts\/51727\/revisions\/51807"}],"wp:featuredmedia":[{"embeddable":true,"href":"https:\/\/radiozapatista.org\/index.php?rest_route=\/wp\/v2\/media\/51728"}],"wp:attachment":[{"href":"https:\/\/radiozapatista.org\/index.php?rest_route=%2Fwp%2Fv2%2Fmedia&parent=51727"}],"wp:term":[{"taxonomy":"category","embeddable":true,"href":"https:\/\/radiozapatista.org\/index.php?rest_route=%2Fwp%2Fv2%2Fcategories&post=51727"},{"taxonomy":"post_tag","embeddable":true,"href":"https:\/\/radiozapatista.org\/index.php?rest_route=%2Fwp%2Fv2%2Ftags&post=51727"}],"curies":[{"name":"wp","href":"https:\/\/api.w.org\/{rel}","templated":true}]}}