{"id":51722,"date":"2025-08-12T14:23:36","date_gmt":"2025-08-12T20:23:36","guid":{"rendered":"https:\/\/radiozapatista.org\/?p=51722"},"modified":"2025-08-12T16:07:35","modified_gmt":"2025-08-12T22:07:35","slug":"ninos-y-ninas-de-acteal-no-conocimos-a-nuestras-abuelas-y-abuelos-por-culpa-de-ernesto-zedillo-ponce-de-leon","status":"publish","type":"post","link":"https:\/\/radiozapatista.org\/?p=51722","title":{"rendered":"Ni\u00f1os y Ni\u00f1as de Acteal: No conocimos a nuestras abuelas y abuelos por culpa de Ernesto Zedillo Ponce de Le\u00f3n"},"content":{"rendered":"<div class=\"wp-block-image\">\n<figure class=\"alignright size-full\"><img loading=\"lazy\" decoding=\"async\" width=\"200\" height=\"150\" src=\"https:\/\/radiozapatista.org\/wp-content\/uploads\/2024\/02\/Logo-Acteal.jpg\" alt=\"\" class=\"wp-image-47593\"\/><\/figure>\n<\/div>\n\n\n<p class=\"has-text-align-right\"><strong>Organizaci\u00f3n Sociedad Civil Las Abejas de Acteal<\/strong><br><em><strong>Tierra Sagrada de los M\u00e1rtires de Acteal<\/strong><\/em><br>Acteal, Chenalh\u00f3, Chiapas, M\u00e9xico.<br>12 de agosto 2025<\/p>\n\n\n\n<p>Al Congreso Nacional Ind\u00edgena<br>Al Consejo Ind\u00edgena de Gobierno<br>A la Comisi\u00f3n Interamericana de Derechos Humanos<br>A las y los Defensores de los Derechos Humanos<br>A los Medios Libres y Alternativos<br>A los Medios de Comunicaci\u00f3n Nacional e Internacional<br>A la Sociedad Civil Nacional e Internacional<\/p>\n\n\n\n<p><strong>Hermanas y hermanos:<\/strong><\/p>\n\n\n\n<p><strong>La muerte nos hizo historia.<\/strong><br><strong>Somos los 45 M\u00e1rtires de Acteal.<\/strong><br><strong>Somos los 4 beb\u00e9s que fuimos despedazados dentro del vientre de nuestras madres.<\/strong><br><strong>Nos mataron peque\u00f1os e indefensos,<\/strong><br><strong>renacimos gigantes e inmortales.<\/strong><br><strong>Ahora somos fragmentos de luz<\/strong><br><strong>que impide que todo sea noche.<\/strong><\/p>\n\n\n<div class=\"wp-block-image\">\n<figure class=\"alignleft\"><a href=\"https:\/\/blogger.googleusercontent.com\/img\/b\/R29vZ2xl\/AVvXsEgX1GGyj2hlAEHnSXqQvDX_ta471ngQHvZ9tRKMnRriBEMkcni0ROhu2_Wd9salBjHwIq1lPrfGofs4CQjAonxAuqppg3YWTunxIsE_MFjTnUgZtbnhI7uqVmigFcB6xwR9Zp6Ql_tjYmx2rrM8KaJY9Cq1edpp2EH59zMB82vyX9xJf6PyOYwBYgsGW6fd\/s5184\/IMG_4710.JPG\"><img decoding=\"async\" src=\"https:\/\/blogger.googleusercontent.com\/img\/b\/R29vZ2xl\/AVvXsEgX1GGyj2hlAEHnSXqQvDX_ta471ngQHvZ9tRKMnRriBEMkcni0ROhu2_Wd9salBjHwIq1lPrfGofs4CQjAonxAuqppg3YWTunxIsE_MFjTnUgZtbnhI7uqVmigFcB6xwR9Zp6Ql_tjYmx2rrM8KaJY9Cq1edpp2EH59zMB82vyX9xJf6PyOYwBYgsGW6fd\/w400-h266\/IMG_4710.JPG\" alt=\"\"\/><\/a><\/figure>\n<\/div>\n\n\n<p>Nuestros m\u00e1rtires, nuestras hermanitas y hermanitos sacados con machetes del vientre de sus madres, ahora son semillas, ahora son reto\u00f1os resurgidos en nuestro coraz\u00f3n y en nuestra conciencia. Ahora, nosotras las y los j\u00f3venes que junto a nuestros mayores y autoridades de nuestra Organizaci\u00f3n Las Abejas de Acteal, hemos convocado esta conferencia de prensa, decididos a denunciar el crimen de Estado cometido aqu\u00ed en Acteal, y sobre todo decididos a continuar caminando el Camino de la Paz y de la No-violencia, ese mismo camino que caminaron nuestras abuelas y abuelos masacrados por los paramilitares priistas y cardenistas de Chenalh\u00f3, por \u00f3rdenes de Ernesto Zedillo Ponce de Le\u00f3n y del Ej\u00e9rcito mexicano, en el marco del Plan de Campa\u00f1a Chiapas 94.<\/p>\n\n\n\n<p>Hoy confirmamos lo que siempre ha declarado nuestra organizaci\u00f3n, que nuestra lucha no se acaba, que nuestra organizaci\u00f3n no tiene l\u00edmites, que, aunque nuestros mayores y mayoras, tal vez, ya no alcancen ver llegar la justicia verdadera, pero s\u00ed estamos seguros que nosotros los j\u00f3venes y j\u00f3venas, lograremos ver llegar esa justicia. \u00bfY c\u00f3mo suceder\u00e1 eso? Pues, lo que ahora est\u00e1 sucediendo, que la juventud Abeja, va creciendo su conciencia y convicci\u00f3n de continuar la lucha por la justicia verdadera, por verdad, no olvido y la memoria de la Masacre de Acteal.<\/p>\n\n\n\n<!--more-->\n\n\n<div class=\"wp-block-image\">\n<figure class=\"alignright\"><a href=\"https:\/\/blogger.googleusercontent.com\/img\/b\/R29vZ2xl\/AVvXsEhjDLdG7HsGR2G2t1ndvOkx-Ghg1Pf6zBvykrwW7UwOK4D28lRbr2WIVGZn-BxuNEAu4m5hv25mNrM8UJeuT9Lfg7pRfzzPqbon5yWXPrfpS-cCpcKuC15xuMRBQ4MKiaaBezAP9kUlbc7JYNhsmbLgEjgA8GAxgMdkvJBAlB7dY4sdQ7WeH6e3X9ABRH-w\/s5184\/IMG_4735.JPG\"><img decoding=\"async\" src=\"https:\/\/blogger.googleusercontent.com\/img\/b\/R29vZ2xl\/AVvXsEhjDLdG7HsGR2G2t1ndvOkx-Ghg1Pf6zBvykrwW7UwOK4D28lRbr2WIVGZn-BxuNEAu4m5hv25mNrM8UJeuT9Lfg7pRfzzPqbon5yWXPrfpS-cCpcKuC15xuMRBQ4MKiaaBezAP9kUlbc7JYNhsmbLgEjgA8GAxgMdkvJBAlB7dY4sdQ7WeH6e3X9ABRH-w\/w400-h266\/IMG_4735.JPG\" alt=\"\"\/><\/a><\/figure>\n<\/div>\n\n\n<p>Las ni\u00f1as y ni\u00f1os, los j\u00f3venes y j\u00f3venas hemos comprendido que es una verg\u00fcenza, lo que hizo la mal llamada Suprema Corte de Justicia de la Naci\u00f3n (SCJN), de dar la orden de liberar a los paramilitares y que la mayor\u00eda de ellos con sentencia condenatoria quienes son los responsables materiales de la masacre de nuestras abuelas y abuelos, t\u00edas y t\u00edos, primas y primos.<\/p>\n\n\n\n<p>Para estos jueces de la mal llamada SCJN, argumentaron que, \u201chubo fallas en el debido proceso\u201d, en cambio los testimonios de los testigos directos y la vida de nuestros familiares no tuvo importancia para ellos. Y lo volvemos a aclarar, los corruptos ministros de la \u201cm\u00e1xima casa de justicia\u201d, s\u00ed, son corruptos, porque al liberar a los paramilitares, as\u00ed encubrieron a los autores intelectuales de la Masacre de Acteal: Ernesto Zedillo, Emilio Chuayffet, Gral. Enrique Cervantes, Gral. Mario Renan Castillo, Julio C\u00e9sar Ruiz Ferro, entre otros y al Ej\u00e9rcito mexicano, quienes son responsables por haber propiciado la masacre de nuestras abuelas y abuelos en Acteal, el d\u00eda lunes, 22 de diciembre de 1997.<\/p>\n\n\n<div class=\"wp-block-image\">\n<figure class=\"alignleft\"><a href=\"https:\/\/blogger.googleusercontent.com\/img\/b\/R29vZ2xl\/AVvXsEgjRro8zcVKeR3uJvKM87Qn1RBvOPn9WiXIcUZ51ZCwtojddZrHHjQKgSZtx9XYsQufZh8sqQUDfkl4WJedU-w8t_5QWBnoRahysuV4IsPGsrzru9yTibUmP9SFQ_I1WQ9nP3-q20lR97W2MRCHiD8jxPi6E8NWanCezmuhmQXLvnNUCzSUz-pB2qyVwimf\/s5184\/IMG_4721.JPG\"><img decoding=\"async\" src=\"https:\/\/blogger.googleusercontent.com\/img\/b\/R29vZ2xl\/AVvXsEgjRro8zcVKeR3uJvKM87Qn1RBvOPn9WiXIcUZ51ZCwtojddZrHHjQKgSZtx9XYsQufZh8sqQUDfkl4WJedU-w8t_5QWBnoRahysuV4IsPGsrzru9yTibUmP9SFQ_I1WQ9nP3-q20lR97W2MRCHiD8jxPi6E8NWanCezmuhmQXLvnNUCzSUz-pB2qyVwimf\/w400-h266\/IMG_4721.JPG\" alt=\"\"\/><\/a><\/figure>\n<\/div>\n\n\n<p>El d\u00eda 12 de agosto, es un d\u00eda que recordaremos para siempre, es un d\u00eda en que los corruptos de la Suprema Corte de Injusticia de la Naci\u00f3n, liberaron a los paramilitares autores materiales de la Masacre de Acteal; estos ministros ser\u00e1n recordados en nuestra historia verdadera, en la historia misma de los cr\u00edmenes de lesa humanidad, sus nombres ya est\u00e1n pintados en nuestros comunicados, en nuestro libro, en nuestros videos, que son verdaderos c\u00f3mplices de la impunidad en la Masacre de Acteal, quienes son c\u00f3mplices de la corrupci\u00f3n e impunidad y resolvieron a favor los se\u00f1ores Ministros Jos\u00e9 de Jes\u00fas Gudi\u00f1o Pelayo, Jos\u00e9 Ram\u00f3n Coss\u00edo D\u00edaz, Juan N. Silva Meza y Olga S\u00e1nchez Cordero de Garc\u00eda Villegas.<\/p>\n\n\n\n<p>No conocimos a nuestras abuelas y abuelos por culpa de Ernesto Zedillo Ponce de Le\u00f3n, por culpa de los paramilitares, por culpa del Ej\u00e9rcito mexicano, por culpa de la guerra de contrainsurgencia.<\/p>\n\n\n\n<p>No vamos a permitir que la muerte de nuestras abuelas y abuelos quede en el olvido, no dejaremos libre a Zedillo, ni a sus c\u00f3mplices y ni a su ej\u00e9rcito; estos criminales deben ser juzgados y castigados para que nunca m\u00e1s se repita otra masacre en M\u00e9xico, como la de Acteal.<\/p>\n\n\n\n<p>Del dolor que el mal gobierno nos caus\u00f3 al quitarnos a nuestras 45 hermanas y hermanos y m\u00e1s los 4 beb\u00e9s ultrajados dentro del vientre de sus madres, brotar\u00e1 nuestra fuerza y motivo de continuar la lucha para que se haga justicia verdadera.<\/p>\n\n\n\n<p>Los pasos que caminaron nuestras abuelas y abuelos en estas tierras dignas, ahora ser\u00e1n nuestros pasos que dar\u00e1n continuidad en la b\u00fasqueda de la verdad, la justicia y la paz para nuestras comunidades.<\/p>\n\n\n\n<p>Tambi\u00e9n, hoy, le recordamos a la Comisi\u00f3n Interamericana de Derechos Humanos (CIDH) que desde hace 10 a\u00f1os, el Caso 12.790, Manuel Santiz Culebra y Otros (Masacre de Acteal), est\u00e1 en la etapa del informe de fondo, que hasta la fecha no lo ha emitido a pesar de solicitarle desde hace varios a\u00f1os y que por ello ha hecho que la impunidad se haya profundizado y escalado a una grave crisis de violencia generalizada en nuestra regi\u00f3n, como por ejemplo: el asesinato de nuestro hermano Sim\u00f3n Pedro P\u00e9rez L\u00f3pez y del Padre Marcelo P\u00e9rez P\u00e9rez, con la actuaci\u00f3n lamentable del sistema de justicia mexicano, que no alcanza al sentido profundo de la justicia, que al contrario pretende encubrir a los autores intelectuales, a que las voces de quienes reclamamos verdad y justicia sean calladas, tal como es en la Masacre de Acteal, las ejecuciones de Sim\u00f3n Pedro y del Padre Marcelo, son por la falla del Estado, por la criminalidad desde funcionarios del gobierno mexicano.<\/p>\n\n\n\n<p>La impunidad y complicidad del mal gobierno en la Masacre de Acteal, no s\u00f3lo ha sido el gobierno de Zedillo responsable directo de dicho crimen, sino tambi\u00e9n de los gobiernos posteriores, as\u00ed como el gobierno en turno que se pregona de izquierda, que ha permitido asesinatos de decenas de luchadores sociales y representantes de pueblos organizados; as\u00ed mismo de periodistas y defensoras y defensores de derechos humanos. En especial nos referimos y condenamos el ataque directo a nuestra compa\u00f1era Dora Robledo directora del Frayba y que no es la primera vez que las y los compa\u00f1eros del Frayba hayan sido hostigados y amenazados de muerte. De este hecho le pedimos a la CIDH, condene y obligue al Estado mexicano de garantizar la vida de todo el equipo del Frayba y se realice una investigaci\u00f3n sin pretextos a los responsables de dicho atentado.<\/p>\n\n\n\n<p>Hoy las ni\u00f1as y ni\u00f1os y los j\u00f3venes y j\u00f3venas que somos, tenemos una tarea por delante. Pedimos la fuerza y sabidur\u00eda de nuestras abuelas y abuelos masacrados para que crezcamos respetando su memoria y su sangre que derramaron por la paz. Y que la luz infinita en la que se han convertido nuestras 45 hermanas y hermanos y m\u00e1s los beb\u00e9s, iluminen nuestro camino y nuestra conciencia.<\/p>\n\n\n\n<p>Desde Acteal, en donde un d\u00eda se oscureci\u00f3 la tierra y se ensordecieron las monta\u00f1as por las balas asesinas de los enviados de la muerte, ahora la memoria y la esperanza que resplandecen en gigantes fragmentos de luz, nos solidarizamos con las y los ni\u00f1os palestinos y tambi\u00e9n con la gente adulta, con el Pueblo de Palestina, que est\u00e1n siendo exterminados, es la gran verg\u00fcenza de estos tiempos que vivimos, se\u00f1alamos como uno de los primeros perpetradores por los gobiernos de Israel y de Estados Unidos. Somos peque\u00f1os, no tenemos el poder de detener la barbarie de este atroz genocidio contra el pueblo palestino, pero si nos unimos todas y todos a levantar la voz para que se pare el infierno en Palestina, podremos salvar la vida de mucha gente.<\/p>\n\n\n\n<p class=\"has-text-align-center\"><strong>\u00a1Verdad, No olvido y Justicia por la Masacre de Acteal!<\/strong><br><strong>\u00a1Informe de fondo, Ya!<\/strong><br><strong>\u00a1Alto al genocidio en Palestina!<\/strong><\/p>\n\n\n\n<p class=\"has-text-align-center\">Desde <strong>Acteal, Casa de la Memoria y de la Esperanza.<\/strong><br><strong>Atentamente,<\/strong><br><strong>La Voz de la Organizaci\u00f3n Sociedad Civil Las Abejas de Acteal.<\/strong><\/p>\n\n\n\n<p class=\"has-text-align-center\">Por la Mesa Directiva:<\/p>\n\n\n\n<p class=\"has-text-align-center\">Victorio Santiz G\u00f3mez\u00a0 \u00a0 \u00a0 \u00a0 \u00a0 \u00a0 \u00a0 \u00a0 \u00a0 \u00a0 \u00a0 \u00a0 \u00a0 Juan Gabriel V\u00e1zquez V\u00e1zquez<br>Presidente\u00a0 \u00a0 \u00a0 \u00a0 \u00a0 \u00a0 \u00a0 \u00a0 \u00a0 \u00a0 \u00a0 \u00a0 \u00a0 \u00a0 \u00a0 \u00a0 \u00a0 \u00a0 \u00a0 \u00a0 \u00a0 \u00a0 \u00a0 \u00a0 \u00a0 \u00a0 \u00a0 \u00a0 Secretario\u00a0 \u00a0 \u00a0\u00a0<\/p>\n\n\n\n<p class=\"has-text-align-center\">\u00a0 \u00a0 \u00a0 \u00a0 \u00a0 \u00a0 \u00a0Manuel\u00a0 G\u00f3mez Ruiz\u00a0 \u00a0 \u00a0 \u00a0 \u00a0 \u00a0 \u00a0 \u00a0 \u00a0 \u00a0 \u00a0 \u00a0 \u00a0 \u00a0 \u00a0 \u00a0 \u00a0 \u00a0 \u00a0 \u00a0 \u00a0 \u00a0 \u00a0 \u00a0 \u00a0 \u00a0 \u00a0 \u00a0 \u00a0 \u00a0El\u00edas P\u00e9rez Santiz<br>\u00a0 \u00a0 \u00a0 \u00a0 \u00a0 \u00a0 \u00a0 \u00a0 \u00a0 \u00a0Tesorero\u00a0 \u00a0 \u00a0 \u00a0 \u00a0 \u00a0 \u00a0 \u00a0 \u00a0 \u00a0 \u00a0 \u00a0 \u00a0 \u00a0 \u00a0 \u00a0 \u00a0 \u00a0 \u00a0 \u00a0 \u00a0 \u00a0 \u00a0 \u00a0 \u00a0 \u00a0 \u00a0 \u00a0 \u00a0 \u00a0 \u00a0 \u00a0 \u00a0 \u00a0 \u00a0 \u00a0 \u00a0 Subsecretario<\/p>\n\n\n\n<p class=\"has-text-align-center\">Por las nietas y nietos de los 45 m\u00e1rtires de Acteal:<\/p>\n\n\n<div class=\"wp-block-image\">\n<figure class=\"aligncenter\"><a href=\"https:\/\/blogger.googleusercontent.com\/img\/b\/R29vZ2xl\/AVvXsEh8h069Ete_kqK1dAA9sO5WDKjDVBjnSdBu4ZYo51jsKfH98_VPPVMX55_QvfqzDiEK7oSo2B-57YDxV8hcAjeydedOkOAFvDN2fmmjR6xD6CUpfMaB4_VLb9UvCaJSSYF830uxCqJ1R57rU4a33ZlHHgMo5ptsxevXIrANT0nj5qISqOdMNrpca3oz7HNd\/s1170\/WhatsApp%20Image%202025-08-12%20at%201.39.18%20PM.jpeg\"><img decoding=\"async\" src=\"https:\/\/blogger.googleusercontent.com\/img\/b\/R29vZ2xl\/AVvXsEh8h069Ete_kqK1dAA9sO5WDKjDVBjnSdBu4ZYo51jsKfH98_VPPVMX55_QvfqzDiEK7oSo2B-57YDxV8hcAjeydedOkOAFvDN2fmmjR6xD6CUpfMaB4_VLb9UvCaJSSYF830uxCqJ1R57rU4a33ZlHHgMo5ptsxevXIrANT0nj5qISqOdMNrpca3oz7HNd\/w290-h400\/WhatsApp%20Image%202025-08-12%20at%201.39.18%20PM.jpeg\" alt=\"\"\/><\/a><\/figure>\n<\/div>\n\n<div class=\"wp-block-image\">\n<figure class=\"aligncenter\"><a href=\"https:\/\/blogger.googleusercontent.com\/img\/b\/R29vZ2xl\/AVvXsEiIpgjMU6QMwnyYKzKNiQb2ShBdFZB0hfWin7INQy1b2lZl3JUDI2ixtVGEocUhyl7bTS0koI7OPGVoE3NGOvvAI_SmJREb-Ki-mNKGL4jND7nrBXfn-KQ8indQ9QvTfRryuQ5YGrorfyqwjF-NDV9TLQX9Emrh7mMZYtat21Pp1fOhz8Z3XUw5R62Ohuv_\/s1170\/WhatsApp%20Image%202025-08-12%20at%201.39.18%20PM%20(1).jpeg\"><img decoding=\"async\" src=\"https:\/\/blogger.googleusercontent.com\/img\/b\/R29vZ2xl\/AVvXsEiIpgjMU6QMwnyYKzKNiQb2ShBdFZB0hfWin7INQy1b2lZl3JUDI2ixtVGEocUhyl7bTS0koI7OPGVoE3NGOvvAI_SmJREb-Ki-mNKGL4jND7nrBXfn-KQ8indQ9QvTfRryuQ5YGrorfyqwjF-NDV9TLQX9Emrh7mMZYtat21Pp1fOhz8Z3XUw5R62Ohuv_\/w290-h400\/WhatsApp%20Image%202025-08-12%20at%201.39.18%20PM%20(1).jpeg\" alt=\"\"\/><\/a><\/figure>\n<\/div>\n\n<div class=\"wp-block-image\">\n<figure class=\"aligncenter\"><a href=\"https:\/\/blogger.googleusercontent.com\/img\/b\/R29vZ2xl\/AVvXsEho2ExeRS64KRGPk3gqztJsiP00ANrdXmMhZlD3mVehmpLhzVauWveZ84mruKVF6_G3G3HC1y8hx8sIbdR610hfmuKuFsuzBf9-cwoxGp7OZxJrWXPvDYqGrqDArM5WnKtgO-8DEHEPtPqrzlplReYLyrCKrZmxa43MsrLpC1OcQBvSHk45vIWpGdI_B3p9\/s1170\/WhatsApp%20Image%202025-08-12%20at%201.39.17%20PM.jpeg\"><img decoding=\"async\" src=\"https:\/\/blogger.googleusercontent.com\/img\/b\/R29vZ2xl\/AVvXsEho2ExeRS64KRGPk3gqztJsiP00ANrdXmMhZlD3mVehmpLhzVauWveZ84mruKVF6_G3G3HC1y8hx8sIbdR610hfmuKuFsuzBf9-cwoxGp7OZxJrWXPvDYqGrqDArM5WnKtgO-8DEHEPtPqrzlplReYLyrCKrZmxa43MsrLpC1OcQBvSHk45vIWpGdI_B3p9\/w290-h400\/WhatsApp%20Image%202025-08-12%20at%201.39.17%20PM.jpeg\" alt=\"\"\/><\/a><\/figure>\n<\/div>\n\n<div class=\"wp-block-image\">\n<figure class=\"aligncenter\"><a href=\"https:\/\/blogger.googleusercontent.com\/img\/b\/R29vZ2xl\/AVvXsEh8NTmjjEqu-zbEYWdQp5iVfg6TSDvw5eHDRToaTNwPxLv_pB_qAiYgmFxEHl5wc2ntLOGbLFfc2lDe5ZIfz3zWeJSDPe-1E3EEbKzg2SxWUSZKdDAXZpve-HTyBDWfS8zcj49fJpOWaOv3MUcAX_noDr-bCRqWLjUlUWKM-odRV0R-6qZYgF95LBAZRpjX\/s1170\/WhatsApp%20Image%202025-08-12%20at%201.39.17%20PM%20(1).jpeg\"><img decoding=\"async\" src=\"https:\/\/blogger.googleusercontent.com\/img\/b\/R29vZ2xl\/AVvXsEh8NTmjjEqu-zbEYWdQp5iVfg6TSDvw5eHDRToaTNwPxLv_pB_qAiYgmFxEHl5wc2ntLOGbLFfc2lDe5ZIfz3zWeJSDPe-1E3EEbKzg2SxWUSZKdDAXZpve-HTyBDWfS8zcj49fJpOWaOv3MUcAX_noDr-bCRqWLjUlUWKM-odRV0R-6qZYgF95LBAZRpjX\/w290-h400\/WhatsApp%20Image%202025-08-12%20at%201.39.17%20PM%20(1).jpeg\" alt=\"\"\/><\/a><\/figure>\n<\/div>\n\n\n<p><\/p>\n","protected":false},"excerpt":{"rendered":"<p>Organizaci\u00f3n Sociedad Civil Las Abejas de ActealTierra Sagrada de los M\u00e1rtires de ActealActeal, Chenalh\u00f3, Chiapas, M\u00e9xico.12 de agosto 2025 Al Congreso Nacional Ind\u00edgenaAl Consejo Ind\u00edgena de GobiernoA la Comisi\u00f3n Interamericana de Derechos HumanosA las y los Defensores de los Derechos HumanosA los Medios Libres y AlternativosA los Medios de Comunicaci\u00f3n Nacional e InternacionalA la Sociedad [&hellip;]<\/p>\n","protected":false},"author":21,"featured_media":51723,"comment_status":"open","ping_status":"closed","sticky":false,"template":"","format":"standard","meta":{"footnotes":""},"categories":[51,6,826],"tags":[100,58,106,567,147,23,545,87,148,27,483],"class_list":["post-51722","post","type-post","status-publish","format-standard","has-post-thumbnail","hentry","category-autor","category-chiapas","category-medios-libres-2","tag-acteal","tag-derechos-humanos","tag-las-abejas-de-acteal","tag-megaproyectos","tag-militarizacion","tag-paramilitares","tag-pueblos-indigenas","tag-represion","tag-resistencia","tag-solidaridad","tag-tierra-y-territorio"],"_links":{"self":[{"href":"https:\/\/radiozapatista.org\/index.php?rest_route=\/wp\/v2\/posts\/51722","targetHints":{"allow":["GET"]}}],"collection":[{"href":"https:\/\/radiozapatista.org\/index.php?rest_route=\/wp\/v2\/posts"}],"about":[{"href":"https:\/\/radiozapatista.org\/index.php?rest_route=\/wp\/v2\/types\/post"}],"author":[{"embeddable":true,"href":"https:\/\/radiozapatista.org\/index.php?rest_route=\/wp\/v2\/users\/21"}],"replies":[{"embeddable":true,"href":"https:\/\/radiozapatista.org\/index.php?rest_route=%2Fwp%2Fv2%2Fcomments&post=51722"}],"version-history":[{"count":2,"href":"https:\/\/radiozapatista.org\/index.php?rest_route=\/wp\/v2\/posts\/51722\/revisions"}],"predecessor-version":[{"id":51726,"href":"https:\/\/radiozapatista.org\/index.php?rest_route=\/wp\/v2\/posts\/51722\/revisions\/51726"}],"wp:featuredmedia":[{"embeddable":true,"href":"https:\/\/radiozapatista.org\/index.php?rest_route=\/wp\/v2\/media\/51723"}],"wp:attachment":[{"href":"https:\/\/radiozapatista.org\/index.php?rest_route=%2Fwp%2Fv2%2Fmedia&parent=51722"}],"wp:term":[{"taxonomy":"category","embeddable":true,"href":"https:\/\/radiozapatista.org\/index.php?rest_route=%2Fwp%2Fv2%2Fcategories&post=51722"},{"taxonomy":"post_tag","embeddable":true,"href":"https:\/\/radiozapatista.org\/index.php?rest_route=%2Fwp%2Fv2%2Ftags&post=51722"}],"curies":[{"name":"wp","href":"https:\/\/api.w.org\/{rel}","templated":true}]}}