{"id":51719,"date":"2025-08-12T14:15:00","date_gmt":"2025-08-12T20:15:00","guid":{"rendered":"https:\/\/radiozapatista.org\/?p=51719"},"modified":"2025-08-12T14:15:02","modified_gmt":"2025-08-12T20:15:02","slug":"abejas-de-acteal-nuestra-lucha-no-tiene-fecha-de-caducidad-confirmamos-que-nuestra-lucha-no-se-acaba","status":"publish","type":"post","link":"https:\/\/radiozapatista.org\/?p=51719","title":{"rendered":"Abejas de Acteal: Nuestra lucha no tiene fecha de caducidad. Confirmamos que nuestra lucha no se acaba"},"content":{"rendered":"\n<p>Por Radio Pozol<\/p>\n\n\n\n<p>Acteal, Chenalh\u00f3, Chiapas. 12 de agosto. &#8220;Nuestra lucha no tiene fecha de caducidad. Confirmamos que nuestra lucha no se acaba. Aunque los mayores no alcancen a ver esa justicia verdadera, nosotros los j\u00f3venes si llegaremos a ver esa justicia&#8221;, explicaron en conferencia de prensa j\u00f3venes de la Organizaci\u00f3n de la Sociedad Civil de las Abejas de Acteal, quienes estuvieron a cargo de recordar que hace 16 a\u00f1os la Suprema Corte de Justicia de la Naci\u00f3n (SCJN), dejara en libertad a los asesinos confesos de la masacre de Acteal, en diciembre de 1997.<\/p>\n\n\n\n<p>&#8220;Es una verg\u00fcenza lo que hizo la SCJN el 12 de agosto de 2009, al liberar a los asesinos\u2026 La vida de nuestros familiares no tuvo valor para ellos\u2026 Al liberar a los paramilitares encubrieron a los autores intelectuales&#8221;, denunciaron este d\u00eda las nuevas generaciones de las Abejas.<\/p>\n\n\n\n<p>&#8220;Los ministros ser\u00e1n recordados en la historia de cr\u00edmenes de lesa humanidad.<br>No permitiremos que la muerte quede en el olvido&#8221;, aseguraron.<\/p>\n\n\n\n<p>A la Comisi\u00f3n Interamericana de Derechos Humanos (CIDH), los ind\u00edgenas tsotsiles le recordaron que se pronuncie sobre el caso 12.790 Miguel S\u00e1ntiz Culebra y la masacre de Acteal, para que no se repitan casos como el asesinato del Sim\u00f3n Pedro P\u00e9rez L\u00f3pez y del padre Marcelo P\u00e9rez P\u00e9rez. &#8220;El sistema de justicia en M\u00e9xico, no alcanza el sentido profundo de la justicia&#8221;, se\u00f1alaron.<\/p>\n\n\n\n<p>&#8220;Responsabilizamos al Estado mexicano de la impunidad y complicidad de la masacre de Acteal. Tanto al gobierno de Zedillo y gobiernos posteriores que se pregonan de izquierda&#8221;, externaron.<\/p>\n\n\n\n<p>&#8220;Como ni\u00f1os pedimos la sabidur\u00eda de los abuelos. Nos solidarizamos con los ni\u00f1os y adultos de Palestina. Somos peque\u00f1os, no tenemos el poder de detener el genocidio. Pero si nos unimos podemos salvar la vida de mucha gente&#8221;, compartieron las y los j\u00f3venes.<\/p>\n\n\n\n<p>El gobierno le apuesta al desgaste de nuestras experiencias. Pero ya est\u00e1n aqu\u00ed las nuevas generaciones que exigen justicia. Queremos que las nuevas generaciones vivan y sean libres. Queremos vivir, no sobrevivir, agreg\u00f3 Guadalupe V\u00e1zquez Luna, vocera de la Organizaci\u00f3n de la Sociedad Civil de las Abejas de Acteal.<\/p>\n\n\n\n<p>Transmisi\u00f3n de la conferencia en vivo por:<\/p>\n\n\n\n<p>Equipo de comunicaci\u00f3n de las Abejas de Acteal<br>https:\/\/www.facebook.com\/share\/1ASPpuFz1H\/<\/p>\n\n\n\n<p><\/p>\n","protected":false},"excerpt":{"rendered":"<p>Por Radio Pozol Acteal, Chenalh\u00f3, Chiapas. 12 de agosto. &#8220;Nuestra lucha no tiene fecha de caducidad. Confirmamos que nuestra lucha no se acaba. Aunque los mayores no alcancen a ver esa justicia verdadera, nosotros los j\u00f3venes si llegaremos a ver esa justicia&#8221;, explicaron en conferencia de prensa j\u00f3venes de la Organizaci\u00f3n de la Sociedad Civil [&hellip;]<\/p>\n","protected":false},"author":21,"featured_media":51720,"comment_status":"open","ping_status":"closed","sticky":false,"template":"","format":"standard","meta":{"footnotes":""},"categories":[957,51,6,958,954,961,960,196,935],"tags":[100,58,53,106,567,147,23,545,87,148,27,483],"class_list":["post-51719","post","type-post","status-publish","format-standard","has-post-thumbnail","hentry","category-autonomia","category-autor","category-chiapas","category-megaproyectos","category-mexico","category-mujeres","category-ninxs","category-radio-pozol","category-temas","tag-acteal","tag-derechos-humanos","tag-justicia","tag-las-abejas-de-acteal","tag-megaproyectos","tag-militarizacion","tag-paramilitares","tag-pueblos-indigenas","tag-represion","tag-resistencia","tag-solidaridad","tag-tierra-y-territorio"],"_links":{"self":[{"href":"https:\/\/radiozapatista.org\/index.php?rest_route=\/wp\/v2\/posts\/51719","targetHints":{"allow":["GET"]}}],"collection":[{"href":"https:\/\/radiozapatista.org\/index.php?rest_route=\/wp\/v2\/posts"}],"about":[{"href":"https:\/\/radiozapatista.org\/index.php?rest_route=\/wp\/v2\/types\/post"}],"author":[{"embeddable":true,"href":"https:\/\/radiozapatista.org\/index.php?rest_route=\/wp\/v2\/users\/21"}],"replies":[{"embeddable":true,"href":"https:\/\/radiozapatista.org\/index.php?rest_route=%2Fwp%2Fv2%2Fcomments&post=51719"}],"version-history":[{"count":1,"href":"https:\/\/radiozapatista.org\/index.php?rest_route=\/wp\/v2\/posts\/51719\/revisions"}],"predecessor-version":[{"id":51721,"href":"https:\/\/radiozapatista.org\/index.php?rest_route=\/wp\/v2\/posts\/51719\/revisions\/51721"}],"wp:featuredmedia":[{"embeddable":true,"href":"https:\/\/radiozapatista.org\/index.php?rest_route=\/wp\/v2\/media\/51720"}],"wp:attachment":[{"href":"https:\/\/radiozapatista.org\/index.php?rest_route=%2Fwp%2Fv2%2Fmedia&parent=51719"}],"wp:term":[{"taxonomy":"category","embeddable":true,"href":"https:\/\/radiozapatista.org\/index.php?rest_route=%2Fwp%2Fv2%2Fcategories&post=51719"},{"taxonomy":"post_tag","embeddable":true,"href":"https:\/\/radiozapatista.org\/index.php?rest_route=%2Fwp%2Fv2%2Ftags&post=51719"}],"curies":[{"name":"wp","href":"https:\/\/api.w.org\/{rel}","templated":true}]}}