{"id":51685,"date":"2025-08-12T10:56:11","date_gmt":"2025-08-12T16:56:11","guid":{"rendered":"https:\/\/radiozapatista.org\/?p=51685"},"modified":"2025-08-14T19:32:24","modified_gmt":"2025-08-15T01:32:24","slug":"dia-9-encuentro-de-resistencias-y-rebeldias-algunas-partes-del-todo","status":"publish","type":"post","link":"https:\/\/radiozapatista.org\/?p=51685","title":{"rendered":"D\u00eda 9 \u2013 Encuentro de Resistencias y Rebeld\u00edas \u201cAlgunas partes del todo\u201d"},"content":{"rendered":"\n<p>La defensa de la tierra y el territorio, la agroecolog\u00eda y el cuidado de la Madre Tierra, la lucha de las y los buscadores ante el terror de la desaparici\u00f3n forzada y el terrorismo de Estado, solidaridad con Palestina y con los pueblos de nuestra Am\u00e9rica, comercio justo y solidario, luchas sindicalistas, las pr\u00e1cticas del &#8220;com\u00fan&#8221;, la transformaci\u00f3n mediante el arte. Estos son algunos de los ejes de las pl\u00e1ticas que escuchamos este noveno d\u00eda del <a href=\"https:\/\/radiozapatista.org\/?page_id=51802\">Encuentro de Resistencias y Rebeld\u00edas &#8220;Algunas partes del todo&#8221;<\/a>, que se lleva a cabo en el semillero Comandanta Ramona del Caracol de Morelia.<\/p>\n\n\n\n<p>De Puerto Rico, la <a href=\"https:\/\/www.camu-pr.org\/\" target=\"_blank\" rel=\"noreferrer noopener\">Colectiva Agroecol\u00f3gica de Masificaci\u00f3n y Unidad<\/a> (CAMU) comparti\u00f3 su lucha por la soberan\u00eda alimentaria y la defensa del territorio ante la dependencia generada como colonia del imperialismo estadounidense. En Australia, la <a href=\"https:\/\/latinamericansolidaritynetwork.org\/\" target=\"_blank\" rel=\"noreferrer noopener\">Red de Solidaridad con los Pueblos Latinoamericanos<\/a> (LASNET) habl\u00f3 de sus esfueros en solidaridad con diversos pueblos en lucha en Am\u00e9rica Latina, y Palestina Libre Melbourne comparti\u00f3 su lucha en solidaridad con el pueblo palestino. Desde Italia, la Asamblea transterritorial, transfeminista y antiespecista <a href=\"https:\/\/assembleacorpieterra.net\/\" target=\"_blank\" rel=\"noreferrer noopener\">Corpi e Terra<\/a> comparti\u00f3 su lucha por la justicia ambiental. La Uni\u00f3n Sindical de Base empez\u00f3 su ponencia con palabras en solidaridad con Palestina, antes de compartir su lucha por las y los trabajadores en Italia. En B\u00e9lgica, un colectivo en la ciudad de Lieja creado en 2006 tras la Sexta Declaraci\u00f3n se organiza para distribuir caf\u00e9 de las cooperaativas zapatistas. En Alemania, <a href=\"https:\/\/commons-institut.org\/\" target=\"_blank\" rel=\"noreferrer noopener\">Commons Institut<\/a> es una red que se organiza para construir el com\u00fan desde la investigaci\u00f3n cient\u00edfica, la ense\u00f1anza y la pr\u00e1ctica activista. En Italia, la <a href=\"https:\/\/yabastaedibese.it\/\" target=\"_blank\" rel=\"noreferrer noopener\">Associazione Ya Basta! \u00cad\u00ee Bese!<\/a> trabaja desde 1996 en solidaridad con los pueblos en lucha en Chiapas, con proyectos de cooperaci\u00f3n internacional, la promoci\u00f3n de estudios culturales y la redacci\u00f3n de art\u00edculos divulgativos e informativos.<\/p>\n\n\n\n<p>En el Estado de M\u00e9xico, el <a href=\"https:\/\/uniendo-esperanzas.org\/\" target=\"_blank\" rel=\"noreferrer noopener\">Colectivo Uniendo Esperanzas<\/a> reune familiares de personas desaparecidas. A partir de testimonios personales de desaparici\u00f3n y asesinato, las compa\u00f1eras nos cuentan su incansable lucha ante el dolor indescriptible de la desaparici\u00f3n forzada y el asesinato. En Oaxaca, la <a href=\"https:\/\/tierrayterritorio.wordpress.com\/\" target=\"_blank\" rel=\"noreferrer noopener\">Asamblea de Pueblos del Istmo en Defensa de la Tierra y el Territorio<\/a> (APIDTT) es una organizaci\u00f3n comunitaria de base integrada por asambleas y autoridades; ind\u00edgenas, tradicionales y agrarias, asambleas en resistencia civil, colectiv@s y cooperativas ind\u00edgenas de la regi\u00f3n del Istmo de Tehuantepec, que trabaja en la defensa de la tierra y el territorio, contra los megaproyectos y por el fortalecimiento del com\u00fan. Desde hace 20 a\u00f1os, la <a href=\"https:\/\/jucomex.com\/\" target=\"_blank\" rel=\"noreferrer noopener\">Juventud Comunista de M\u00e9xico<\/a> trabaja por la transformaci\u00f3n a partir del socialismo. La <a href=\"https:\/\/www.facebook.com\/p\/Red-de-Apoyo-Iztapalapa-Sexta-100068717974515\/\" target=\"_blank\" rel=\"noreferrer noopener\">Red de Apoyo Iztapalapa Sexta<\/a> (RAIS), creada a partir de la creaci\u00f3n del Concejo Ind\u00edgena de Gobierno (CIG), est\u00e1 compuesta por colectivos y organizaciones adherentes a la Sexta Declaraci\u00f3n, que luchan por la construcci\u00f3n de otros mundos con una gran diversidad de acciones.<\/p>\n\n\n\n<p>Compartimos aqu\u00ed las palabras de este noveno d\u00eda del encuentro.<\/p>\n\n\n\n<p>Colectiva Agroecol\u00f3gica de Masificaci\u00f3n y Unidad \u2013 CAMU (Puerto Rico) [podcast]https:\/\/radiozapatista.org\/wp-content\/uploads\/2025\/08\/dia9-01.mp3[\/podcast]<\/p>\n\n\n\n<p>Uniendo Esperanzas \/ Glorieta de las Mujeres que Luchan [podcast]https:\/\/radiozapatista.org\/wp-content\/uploads\/2025\/08\/dia9-02.mp3[\/podcast]<\/p>\n\n\n\n<p>Justicia para Eury Roy [podcast]https:\/\/radiozapatista.org\/wp-content\/uploads\/2025\/08\/dia9-03.mp3[\/podcast]<\/p>\n\n\n\n<p>Asamblea de Pueblos del Istmo en Defensa de la Tierra y el Territorio (APIDTT, Oaxaca) (<a href=\"https:\/\/tierrayterritorio.wordpress.com\/2025\/08\/11\/asamblea-de-los-pueblos-indigenas-del-istmo-en-defensa-de-la-tierra-y-el-territorio-apiidtt-en-territorio-rebelde-zapatista\/\" target=\"_blank\">Lee el documento le\u00eddo por la APIDTT aqu\u00ed<\/a>) [podcast]https:\/\/radiozapatista.org\/wp-content\/uploads\/2025\/08\/dia9-04.mp3[\/podcast]<\/p>\n\n\n\n<p>Juventud Comunista de M\u00e9xico [podcast]https:\/\/radiozapatista.org\/wp-content\/uploads\/2025\/08\/dia9-05.mp3[\/podcast]<\/p>\n\n\n\n<p>Red de Solidaridad con los Pueblos Latinoamericanos \u2013 LASNET (Australia) [podcast]https:\/\/radiozapatista.org\/wp-content\/uploads\/2025\/08\/dia9-06.mp3[\/podcast]<\/p>\n\n\n\n<p>Palestina Libre Melbourne (Australia) [podcast]https:\/\/radiozapatista.org\/wp-content\/uploads\/2025\/08\/dia9-07.mp3[\/podcast]<\/p>\n\n\n\n<p>Asamblea Corpi e Terra Ni Une Meno (Italia) [podcast]https:\/\/radiozapatista.org\/wp-content\/uploads\/2025\/08\/dia9-08.mp3[\/podcast]<\/p>\n\n\n\n<p>Red de Apoyo Iztapalapa Sexta \u2013 RAIS (M\u00e9xico) [podcast]https:\/\/radiozapatista.org\/wp-content\/uploads\/2025\/08\/dia9-09.mp3[\/podcast]<\/p>\n\n\n\n<p>Uni\u00f3n Sindical de Base \u2013 USB (Italia \/ Sicilia) [podcast]https:\/\/radiozapatista.org\/wp-content\/uploads\/2025\/08\/dia9-10.mp3[\/podcast]<\/p>\n\n\n\n<p>Colectivo de Caf\u00e9 en Li\u00e8ge (B\u00e9lgica) [podcast]https:\/\/radiozapatista.org\/wp-content\/uploads\/2025\/08\/dia9-11.mp3[\/podcast]<\/p>\n\n\n\n<p>Commons Institut (Alemania) [podcast]https:\/\/radiozapatista.org\/wp-content\/uploads\/2025\/08\/dia9-12.mp3[\/podcast]<\/p>\n\n\n\n<p>Associazione Ya Basta! \u00cadi Bese!, Centros Sociales del Noroeste (Italia) [podcast]https:\/\/radiozapatista.org\/wp-content\/uploads\/2025\/08\/dia9-13.mp3[\/podcast]<\/p>\n\n\n\n<p><\/p>\n\n\n\n<p>Foto de portada: Radio Pozol<\/p>\n","protected":false},"excerpt":{"rendered":"<p>La defensa de la tierra y el territorio, la agroecolog\u00eda y el cuidado de la Madre Tierra, la lucha de las y los buscadores ante el terror de la desaparici\u00f3n forzada y el terrorismo de Estado, solidaridad con Palestina y con los pueblos de nuestra Am\u00e9rica, comercio justo y solidario, luchas sindicalistas, las pr\u00e1cticas del [&hellip;]<\/p>\n","protected":false},"author":1,"featured_media":51704,"comment_status":"open","ping_status":"closed","sticky":false,"template":"","format":"standard","meta":{"footnotes":""},"categories":[1,957,6,955,954,953,1327,190],"tags":[917,1495,56,926],"class_list":["post-51685","post","type-post","status-publish","format-standard","has-post-thumbnail","hentry","category-audio","category-autonomia","category-chiapas","category-ezln-temas","category-mexico","category-mundo","category-palestina","category-radiozapatista","tag-chiapas","tag-el-dia-despues","tag-encuentros","tag-ezln"],"_links":{"self":[{"href":"https:\/\/radiozapatista.org\/index.php?rest_route=\/wp\/v2\/posts\/51685","targetHints":{"allow":["GET"]}}],"collection":[{"href":"https:\/\/radiozapatista.org\/index.php?rest_route=\/wp\/v2\/posts"}],"about":[{"href":"https:\/\/radiozapatista.org\/index.php?rest_route=\/wp\/v2\/types\/post"}],"author":[{"embeddable":true,"href":"https:\/\/radiozapatista.org\/index.php?rest_route=\/wp\/v2\/users\/1"}],"replies":[{"embeddable":true,"href":"https:\/\/radiozapatista.org\/index.php?rest_route=%2Fwp%2Fv2%2Fcomments&post=51685"}],"version-history":[{"count":8,"href":"https:\/\/radiozapatista.org\/index.php?rest_route=\/wp\/v2\/posts\/51685\/revisions"}],"predecessor-version":[{"id":51808,"href":"https:\/\/radiozapatista.org\/index.php?rest_route=\/wp\/v2\/posts\/51685\/revisions\/51808"}],"wp:featuredmedia":[{"embeddable":true,"href":"https:\/\/radiozapatista.org\/index.php?rest_route=\/wp\/v2\/media\/51704"}],"wp:attachment":[{"href":"https:\/\/radiozapatista.org\/index.php?rest_route=%2Fwp%2Fv2%2Fmedia&parent=51685"}],"wp:term":[{"taxonomy":"category","embeddable":true,"href":"https:\/\/radiozapatista.org\/index.php?rest_route=%2Fwp%2Fv2%2Fcategories&post=51685"},{"taxonomy":"post_tag","embeddable":true,"href":"https:\/\/radiozapatista.org\/index.php?rest_route=%2Fwp%2Fv2%2Ftags&post=51685"}],"curies":[{"name":"wp","href":"https:\/\/api.w.org\/{rel}","templated":true}]}}