{"id":51678,"date":"2025-08-11T19:29:56","date_gmt":"2025-08-12T01:29:56","guid":{"rendered":"https:\/\/radiozapatista.org\/?p=51678"},"modified":"2025-08-12T09:15:01","modified_gmt":"2025-08-12T15:15:01","slug":"israel-confirma-ataque-directo-hacia-seis-periodistas-que-acuso-de-terroristas","status":"publish","type":"post","link":"https:\/\/radiozapatista.org\/?p=51678","title":{"rendered":"Israel confirma ataque directo hacia seis periodistas que acus\u00f3 de terroristas"},"content":{"rendered":"\n<p>Fuente: <a href=\"https:\/\/avispa.org\/israel-confirma-ataque-directo-hacia-seis-periodistas-que-acuso-de-terroristas\/\">Avispa Midia<\/a><br>Por Sare Frabes<\/p>\n\n\n\n<p><em><sup>En portada:&nbsp;<\/sup><\/em><em><sup>Fuerzas armadas de Israel mataron a seis periodistas de Al Jazeera. En la imagen, desde la izquierda: Anas al-Sharif, Ibrahim Zaher, Mohammed Noufal, Moamen Aliwa and Mohammed Qreiqeh.<\/sup><\/em><\/p>\n\n\n\n<p>A \u00faltimas horas de este domingo (10) fueron asesinados, por las Fuerzas de Defensa de Israel (FDI), los corresponsales Anas Al-Sharif y Mohammed Qreiqeh, los operadores de c\u00e1mara Ibrahim Zaher y Moamen Aliwa, y su asistente Mohammed Noufal, tras un ataque contra una tienda de campa\u00f1a cerca del hospital Al Shifa en Gaza. Medios regionales aseguran que son siete las personas que murieron en este ataque.<\/p>\n\n\n\n<p>En declaraciones recientes, los mandos del ej\u00e9rcito israel\u00ed confirmaron el ataque en el que asesinaron al corresponsal de Al Jazeera Anas al Sharif, tras acusarlo de haber sido \u201cjefe de una c\u00e9lula terrorista de la organizaci\u00f3n terrorista Ham\u00e1s\u201d.<\/p>\n\n\n\n<p>As\u00ed mismo, las fuerzas armadas de Israel afirman, como prueba de sus alegatos, que los corresponsales de Al Jazeera contaban con documentos e informaci\u00f3n de inteligencia en Gaza. Por su parte, defensores de derechos humanos dijeron que los periodistas ya hab\u00edan sido blanco de ataques por sus reportajes desde la primera l\u00ednea en el conflicto y que la afirmaci\u00f3n de Israel, al catalogarlo como terrorista, carec\u00eda de pruebas.<\/p>\n\n\n\n<p>&#8220;Si les llegan estas palabras, sepan que Israel ha logrado matarme y silenciar mi voz. En primer lugar, que la paz sea con vosotros y la misericordia y las bendiciones de Dios&#8221;, fueron las palabras con las que inicia una misiva que dej\u00f3 el periodista al Sharif, fechada el 6 de abril de 2025, en la cual enfatiza: &#8220;este es mi testamento y mi \u00faltimo mensaje&#8221;.<\/p>\n\n\n\n<!--more-->\n\n\n\n<figure class=\"wp-block-image\"><a class=\"td-modal-image\" href=\"https:\/\/avispa.org\/wp-content\/uploads\/2025\/08\/ataque-contra-periodistas-en-Gaza.webp\"><img decoding=\"async\" src=\"https:\/\/avispa.org\/wp-content\/uploads\/2025\/08\/ataque-contra-periodistas-en-Gaza.webp\" alt=\"\" class=\"wp-image-120456\"\/><\/a><figcaption class=\"wp-element-caption\"><em><sup><mark>Un hombre en Gaza sostiene el chaleco de prensa del periodista asesinado de Al Jazeera Anas al-Sharif despu\u00e9s de que fuera enterrado junto a cuatro de sus colegas. Al-Sharif muri\u00f3 en un ataque selectivo de Israel.<\/mark><\/sup><\/em><\/figcaption><\/figure>\n\n\n\n<p>Al Sharif public\u00f3 su \u00faltima cobertura en X, desde el lugar donde Israel hab\u00eda lanzado un bombardeo intenso, tambi\u00e9n conocido como \u201ccinturones de fuego\u201d, sobre las zonas este y sur de la ciudad de Gaza.<\/p>\n\n\n\n<p>El corresponsal&nbsp;de Al Jazeera&nbsp;al-Sharif, de 28 a\u00f1os, era una de las figuras m\u00e1s emblem\u00e1ticas que estaba cubriendo el conflicto en Gaza. Se gradu\u00f3 en la Facultad de Medios de Comunicaci\u00f3n de la Universidad de Al-Aqsa. Su padre fue asesinado por Israel en un ataque a\u00e9reo contra la casa familiar en diciembre de 2023.<\/p>\n\n\n\n<p>El corresponsal del mismo medio, Mohammed Qreiqeh, de 33 a\u00f1os, realiz\u00f3 su \u00faltima conexi\u00f3n en directo poco antes de su asesinato, hablando con su caracter\u00edstica elocuencia. Qreiqeh naci\u00f3 en la ciudad de Gaza en 1992 y viv\u00eda en el barrio de Shujayea. Se licenci\u00f3 en Periodismo y Medios de Comunicaci\u00f3n en la Universidad Isl\u00e1mica de Gaza. Israel mat\u00f3 a su hermano, Karim, en marzo de este a\u00f1o, en un ataque a\u00e9reo sobre la ciudad de Gaza.<\/p>\n\n\n\n<p>El camar\u00f3grafo de Al Jazeera, Ibrahim Zaher, de 25 a\u00f1os, era del campo de refugiados de Jabalia, en el norte de Gaza.<\/p>\n\n\n\n<p>Un sexto periodista, Mohammed Al-Khaldi, quien trabajaba como reportero independiente, tambi\u00e9n muri\u00f3 en el ataque dirigido contra el equipo de Al Jazeera, seg\u00fan el director del hospital Al-Shifa, el doctor Mohammed Abu Salmiya.<\/p>\n\n\n\n<p>Israle no ha permitido que medios de comunicaci\u00f3n extranjeros accedan a la Franja de Gaza, por tanto la informaci\u00f3n que emiten los reporteros locales as\u00ed como de algunos gazat\u00edes, es lo \u00fanico que se logra conocer fuera del \u00e1rea de conflicto.<\/p>\n\n\n\n<p>La Oficina de Derechos Humanos de Naciones Unidas ha condenado el asesinato de los periodistas en Gaza, resaltando que ha sido una &#8220;grave violaci\u00f3n del derecho internacional humanitario&#8221;.<\/p>\n","protected":false},"excerpt":{"rendered":"<p>Fuente: Avispa MidiaPor Sare Frabes En portada:&nbsp;Fuerzas armadas de Israel mataron a seis periodistas de Al Jazeera. En la imagen, desde la izquierda: Anas al-Sharif, Ibrahim Zaher, Mohammed Noufal, Moamen Aliwa and Mohammed Qreiqeh. A \u00faltimas horas de este domingo (10) fueron asesinados, por las Fuerzas de Defensa de Israel (FDI), los corresponsales Anas Al-Sharif [&hellip;]<\/p>\n","protected":false},"author":21,"featured_media":51680,"comment_status":"open","ping_status":"closed","sticky":false,"template":"","format":"standard","meta":{"footnotes":""},"categories":[957,51,826,958,953,935],"tags":[58,1439,53,567,147,112,545,87,148,27,483],"class_list":["post-51678","post","type-post","status-publish","format-standard","has-post-thumbnail","hentry","category-autonomia","category-autor","category-medios-libres-2","category-megaproyectos","category-mundo","category-temas","tag-derechos-humanos","tag-genocidio","tag-justicia","tag-megaproyectos","tag-militarizacion","tag-palestina","tag-pueblos-indigenas","tag-represion","tag-resistencia","tag-solidaridad","tag-tierra-y-territorio"],"_links":{"self":[{"href":"https:\/\/radiozapatista.org\/index.php?rest_route=\/wp\/v2\/posts\/51678","targetHints":{"allow":["GET"]}}],"collection":[{"href":"https:\/\/radiozapatista.org\/index.php?rest_route=\/wp\/v2\/posts"}],"about":[{"href":"https:\/\/radiozapatista.org\/index.php?rest_route=\/wp\/v2\/types\/post"}],"author":[{"embeddable":true,"href":"https:\/\/radiozapatista.org\/index.php?rest_route=\/wp\/v2\/users\/21"}],"replies":[{"embeddable":true,"href":"https:\/\/radiozapatista.org\/index.php?rest_route=%2Fwp%2Fv2%2Fcomments&post=51678"}],"version-history":[{"count":2,"href":"https:\/\/radiozapatista.org\/index.php?rest_route=\/wp\/v2\/posts\/51678\/revisions"}],"predecessor-version":[{"id":51682,"href":"https:\/\/radiozapatista.org\/index.php?rest_route=\/wp\/v2\/posts\/51678\/revisions\/51682"}],"wp:featuredmedia":[{"embeddable":true,"href":"https:\/\/radiozapatista.org\/index.php?rest_route=\/wp\/v2\/media\/51680"}],"wp:attachment":[{"href":"https:\/\/radiozapatista.org\/index.php?rest_route=%2Fwp%2Fv2%2Fmedia&parent=51678"}],"wp:term":[{"taxonomy":"category","embeddable":true,"href":"https:\/\/radiozapatista.org\/index.php?rest_route=%2Fwp%2Fv2%2Fcategories&post=51678"},{"taxonomy":"post_tag","embeddable":true,"href":"https:\/\/radiozapatista.org\/index.php?rest_route=%2Fwp%2Fv2%2Ftags&post=51678"}],"curies":[{"name":"wp","href":"https:\/\/api.w.org\/{rel}","templated":true}]}}