{"id":51644,"date":"2025-08-11T11:57:18","date_gmt":"2025-08-11T17:57:18","guid":{"rendered":"https:\/\/radiozapatista.org\/?p=51644"},"modified":"2025-08-14T19:32:47","modified_gmt":"2025-08-15T01:32:47","slug":"dia-8-encuentro-de-resistencias-y-rebeldias-algunas-partes-del-todo","status":"publish","type":"post","link":"https:\/\/radiozapatista.org\/?p=51644","title":{"rendered":"D\u00eda 8 \u2013 Encuentro de Resistencias y Rebeld\u00edas \u201cAlgunas partes del todo\u201d"},"content":{"rendered":"\n<p>Este domingo continu\u00f3 el <a href=\"https:\/\/radiozapatista.org\/?page_id=51802\">Encuentro de Resistencias y Rebeld\u00edas &#8220;Algunas partes del todo&#8221;<\/a> en el semillero Comandanta Ramona del Caracol de Morelia, con comparticiones de luchas en muchas geograf\u00edas.<\/p>\n\n\n\n<p>En el norte de Italia, el Centro Social de Reggio Emilia, que consiste en tres espacios sociales (Casa Bettola, Laboraorio AQ16 y Citt\u00e0 Migrante), lucha por los derechos de las trabajadoras, los derechos de los migrantes, salud integral y apoyo psicol\u00f3gico, educaci\u00f3n y politizaci\u00f3n. En el Pa\u00eds Vasco, el colectivo Txiapasekin se organiza en solidaridad con las rebeld\u00edas de Chiapas. Desde territorio Mapuche en el sur de Argentina, la Colectiva Coraz\u00f3n del Tiempo en el Tejido de Resistencias y Rebeld\u00edas se organiza para resistir en el territorio, creando lazos con resistencias a lo largo de nuestro continente. En Finlandia, el Colectivo Armadillo Suomi, creado en el 2008, se organiza por los migrantes en ese pa\u00eds, por la justicia ambiental, contra los megaproyectos y en solidaridad con diversas luchas en otras geograf\u00edas. En Bolo\u00f1a, Italia, Municipi Sociali di Bologna L\u00e0bas \/ TPO \/ Ya Basta Bologna se organizan por la salud popular, la tecnolog\u00eda a servicio de las comunidades, la justicia ambiental. En la otra Europa y en varias geograf\u00edas de nuestro continente, Mujeres y Disidencias de la Sexta en la Otra Europa y Abya Yala es una red de resistencias y rebeld\u00edas creada en respuesta a la invitaci\u00f3n de las mujeres zapatistas en el Encuentro de Mujeres que Luchan en 2019. En Alemania, el Colectivo FAU es un sindicato anarcosindicalista que lucha por la justicia laboral en ese pa\u00eds. Luchas Juntes por la Autodeterminaci\u00f3n y la Autonom\u00eda Democr\u00e1tica es una organizaci\u00f3n feminista alemana que, entre otras luchas, trabaja en solidaridad con la lucha de las mujeres en Sinyar, Kurdist\u00e1n. En Italia, El Titiritero de la Cajita M\u00e1gica nos provoc\u00f3 con reflexiones sobre la participaci\u00f3n de extranjeros en las luchas.<\/p>\n\n\n\n<p>Desde M\u00e9xico, un compa\u00f1ero comparte el trabajo de diversas organizaciones que trabajan por la otra salud en Chiapas. Traves\u00edas en Espiral, Tejidos de la Memoria es un proyecto que trabajan con danza, teatro, talleres y ocupaciones en zonas de conflicto en varias partes de M\u00e9xico. Mujeres Transformando el Mundo es una alianza fronteriza en Chiapas que ofrece acompa\u00f1amiento ante la violenca que se vive en el estado. En el norte de la Ciudad de M\u00e9xico, el Colectivo Luci\u00e9rnagas que Siembran es parte del proyecto Xochitlanezi del Com\u00fan, que re\u00fane personas de diversos oficios alrededor del com\u00fan. En la Ciudad de M\u00e9xico, R\u00e1cratas se organiza por compartir saberes sobre el cuidado, la protecci\u00f3n y la autodefensa en las luchas urbanas. El Observatorio Memoria y Libertad se organiza en la Ciudad de M\u00e9xico para documentar y denunciar actos de brutalidad policial en diferentes estados del pa\u00eds. Desde Guadalajara, la Comunidad de Aprendizaje en Libertad Alas es un espacio de aprendizaje para adolescentes inspirado en la Escuelita de la Libertad Seg\u00fan L@s Zapatistas.<\/p>\n\n\n\n<p>Compartimos aqu\u00ed las palabras de este octavo d\u00eda del encuentro.<\/p>\n\n\n\n<p>Centro Social de Reggio Emilia (Casa Bettola, AQ16, Citt\u00e0 Migrante) (Italia) [podcast]https:\/\/radiozapatista.org\/wp-content\/uploads\/2025\/08\/dia8-01.mp3[\/podcast]<\/p>\n\n\n\n<p>TXIAPASEKIN \u2013 Colectivo de Solidaridad con las Rebeld\u00edas de Chiapas (Pa\u00eds Vasco) [podcast]https:\/\/radiozapatista.org\/wp-content\/uploads\/2025\/08\/dia8-02.mp3[\/podcast]<\/p>\n\n\n\n<p>Iv\u00e1n Jim\u00e9nez Gonz\u00e1lez \u2013 Diversas organizaciones por la otra salud (Chiapas, M\u00e9xico) [podcast]https:\/\/radiozapatista.org\/wp-content\/uploads\/2025\/08\/dia8-03.mp3[\/podcast]<\/p>\n\n\n\n<p>Colectiva Coraz\u00f3n del Tiempo en el Tejido de Resistencias y Rebeld\u00edas (Territorio Mapuche, Argentina) [podcast]https:\/\/radiozapatista.org\/wp-content\/uploads\/2025\/08\/dia8-04.mp3[\/podcast]<\/p>\n\n\n\n<p>Armadillo Suomi (Finlandia) [podcast]https:\/\/radiozapatista.org\/wp-content\/uploads\/2025\/08\/dia8-05.mp3[\/podcast]<\/p>\n\n\n\n<p>Municipi Sociali di Bologna L\u00e0bas \/ TPO \/ Ya Basta Bologna (Italia) [podcast]https:\/\/radiozapatista.org\/wp-content\/uploads\/2025\/08\/dia8-06.mp3[\/podcast]<\/p>\n\n\n\n<p>Traves\u00eda en Espiral, Tejidos de la Memoria (M\u00e9xico) [podcast]https:\/\/radiozapatista.org\/wp-content\/uploads\/2025\/08\/dia8-07.mp3[\/podcast]<\/p>\n\n\n\n<p>Mujeres Transformando el Mundo [podcast]https:\/\/radiozapatista.org\/wp-content\/uploads\/2025\/08\/dia8-08.mp3[\/podcast]<\/p>\n\n\n\n<p>Colectivo Luci\u00e9rnagas que Siembran (norte de la CDMX) [podcast]https:\/\/radiozapatista.org\/wp-content\/uploads\/2025\/08\/dia8-09.mp3[\/podcast]<\/p>\n\n\n\n<p>Mujeres y Disidencias de la Sexta en la Otra Europa y Abya Yala [podcast]https:\/\/radiozapatista.org\/wp-content\/uploads\/2025\/08\/dia8-10.mp3[\/podcast]<\/p>\n\n\n\n<p>R\u00e1cratas (M\u00e9xico) [podcast]https:\/\/radiozapatista.org\/wp-content\/uploads\/2025\/08\/dia8-11.mp3[\/podcast]<\/p>\n\n\n\n<p>Colectivo FAU (Sindicato Libre de Trabajadorxs, Alemania) [podcast]https:\/\/radiozapatista.org\/wp-content\/uploads\/2025\/08\/dia8-12.mp3[\/podcast]<\/p>\n\n\n\n<p>Observatorio Memoria y Libertad [podcast]https:\/\/radiozapatista.org\/wp-content\/uploads\/2025\/08\/dia8-13.mp3[\/podcast]<\/p>\n\n\n\n<p>El Titiritero de la Cajita M\u00e1gica (Italia) [podcast]https:\/\/radiozapatista.org\/wp-content\/uploads\/2025\/08\/dia8-14.mp3[\/podcast]<\/p>\n\n\n\n<p>Comentario Subcomandante Mois\u00e9s [podcast]https:\/\/radiozapatista.org\/wp-content\/uploads\/2025\/08\/dia8-15.mp3[\/podcast]<\/p>\n\n\n\n<p>Segunda intervenci\u00f3n del Subcomandante Mois\u00e9s [podcast]https:\/\/radiozapatista.org\/wp-content\/uploads\/2025\/08\/dia8-16.mp3[\/podcast]<\/p>\n\n\n\n<p>Tercera intervenci\u00f3n del Subcomandante Mois\u00e9s [podcast]https:\/\/radiozapatista.org\/wp-content\/uploads\/2025\/08\/dia8-17.mp3[\/podcast]<\/p>\n\n\n\n<p>Cuarta intervenci\u00f3n del Subcomandante Mois\u00e9s [podcast]https:\/\/radiozapatista.org\/wp-content\/uploads\/2025\/08\/dia8-18.mp3[\/podcast]<\/p>\n\n\n\n<p><a href=\"https:\/\/alascomunidad.org\/alas\/\">Alas \u2013 Comunidad de Aprendizaje en Libertad<\/a> (Guadalajara) [podcast]https:\/\/radiozapatista.org\/wp-content\/uploads\/2025\/08\/dia8-19.mp3[\/podcast]<\/p>\n\n\n\n<p>Cartas de otros colectivos de Guadalajara le\u00eddas por la Comunidad Alas [podcast]https:\/\/radiozapatista.org\/wp-content\/uploads\/2025\/08\/dia8-20.mp3[\/podcast]<\/p>\n\n\n\n<p>Luchar Juntes \u2013 La revoluci\u00f3n de las mujeres en Kurdist\u00e1n [podcast]https:\/\/radiozapatista.org\/wp-content\/uploads\/2025\/08\/dia8-21.mp3[\/podcast]<\/p>\n\n\n\n<p>Fotos: Otom\u00edes en Resistencia y Rebeld\u00eda<\/p>\n\n\n\n<figure class=\"wp-block-gallery has-nested-images columns-default is-cropped wp-block-gallery-1 is-layout-flex wp-block-gallery-is-layout-flex\">\n<figure class=\"wp-block-image size-medium\"><a href=\"https:\/\/radiozapatista.org\/wp-content\/uploads\/2025\/08\/530068624_1154570883370210_2634982472964522710_n.jpg\"><img loading=\"lazy\" decoding=\"async\" width=\"350\" height=\"158\" data-id=\"51668\" src=\"https:\/\/radiozapatista.org\/wp-content\/uploads\/2025\/08\/530068624_1154570883370210_2634982472964522710_n-350x158.jpg\" alt=\"\" class=\"wp-image-51668\" srcset=\"https:\/\/radiozapatista.org\/wp-content\/uploads\/2025\/08\/530068624_1154570883370210_2634982472964522710_n-350x158.jpg 350w, https:\/\/radiozapatista.org\/wp-content\/uploads\/2025\/08\/530068624_1154570883370210_2634982472964522710_n-768x346.jpg 768w, https:\/\/radiozapatista.org\/wp-content\/uploads\/2025\/08\/530068624_1154570883370210_2634982472964522710_n.jpg 1000w\" sizes=\"auto, (max-width: 350px) 100vw, 350px\" \/><\/a><\/figure>\n\n\n\n<figure class=\"wp-block-image size-medium\"><a href=\"https:\/\/radiozapatista.org\/wp-content\/uploads\/2025\/08\/530653820_1154570980036867_4261773090153578140_n.jpg\"><img loading=\"lazy\" decoding=\"async\" width=\"350\" height=\"158\" data-id=\"51669\" src=\"https:\/\/radiozapatista.org\/wp-content\/uploads\/2025\/08\/530653820_1154570980036867_4261773090153578140_n-350x158.jpg\" alt=\"\" class=\"wp-image-51669\" srcset=\"https:\/\/radiozapatista.org\/wp-content\/uploads\/2025\/08\/530653820_1154570980036867_4261773090153578140_n-350x158.jpg 350w, https:\/\/radiozapatista.org\/wp-content\/uploads\/2025\/08\/530653820_1154570980036867_4261773090153578140_n-768x346.jpg 768w, https:\/\/radiozapatista.org\/wp-content\/uploads\/2025\/08\/530653820_1154570980036867_4261773090153578140_n.jpg 1000w\" sizes=\"auto, (max-width: 350px) 100vw, 350px\" \/><\/a><\/figure>\n\n\n\n<figure class=\"wp-block-image size-medium\"><a href=\"https:\/\/radiozapatista.org\/wp-content\/uploads\/2025\/08\/530773596_1154571036703528_7981945805340552830_n.jpg\"><img loading=\"lazy\" decoding=\"async\" width=\"350\" height=\"158\" data-id=\"51670\" src=\"https:\/\/radiozapatista.org\/wp-content\/uploads\/2025\/08\/530773596_1154571036703528_7981945805340552830_n-350x158.jpg\" alt=\"\" class=\"wp-image-51670\" srcset=\"https:\/\/radiozapatista.org\/wp-content\/uploads\/2025\/08\/530773596_1154571036703528_7981945805340552830_n-350x158.jpg 350w, https:\/\/radiozapatista.org\/wp-content\/uploads\/2025\/08\/530773596_1154571036703528_7981945805340552830_n-768x346.jpg 768w, https:\/\/radiozapatista.org\/wp-content\/uploads\/2025\/08\/530773596_1154571036703528_7981945805340552830_n.jpg 1000w\" sizes=\"auto, (max-width: 350px) 100vw, 350px\" \/><\/a><\/figure>\n<\/figure>\n","protected":false},"excerpt":{"rendered":"<p>Este domingo continu\u00f3 el Encuentro de Resistencias y Rebeld\u00edas &#8220;Algunas partes del todo&#8221; en el semillero Comandanta Ramona del Caracol de Morelia, con comparticiones de luchas en muchas geograf\u00edas. En el norte de Italia, el Centro Social de Reggio Emilia, que consiste en tres espacios sociales (Casa Bettola, Laboraorio AQ16 y Citt\u00e0 Migrante), lucha por [&hellip;]<\/p>\n","protected":false},"author":1,"featured_media":51668,"comment_status":"open","ping_status":"closed","sticky":false,"template":"","format":"standard","meta":{"footnotes":""},"categories":[1,957,6,955,954,961,953,190],"tags":[917,1495,56,926,153,1531],"class_list":["post-51644","post","type-post","status-publish","format-standard","has-post-thumbnail","hentry","category-audio","category-autonomia","category-chiapas","category-ezln-temas","category-mexico","category-mujeres","category-mundo","category-radiozapatista","tag-chiapas","tag-el-dia-despues","tag-encuentros","tag-ezln","tag-morelia","tag-subcomadante-moises"],"_links":{"self":[{"href":"https:\/\/radiozapatista.org\/index.php?rest_route=\/wp\/v2\/posts\/51644","targetHints":{"allow":["GET"]}}],"collection":[{"href":"https:\/\/radiozapatista.org\/index.php?rest_route=\/wp\/v2\/posts"}],"about":[{"href":"https:\/\/radiozapatista.org\/index.php?rest_route=\/wp\/v2\/types\/post"}],"author":[{"embeddable":true,"href":"https:\/\/radiozapatista.org\/index.php?rest_route=\/wp\/v2\/users\/1"}],"replies":[{"embeddable":true,"href":"https:\/\/radiozapatista.org\/index.php?rest_route=%2Fwp%2Fv2%2Fcomments&post=51644"}],"version-history":[{"count":6,"href":"https:\/\/radiozapatista.org\/index.php?rest_route=\/wp\/v2\/posts\/51644\/revisions"}],"predecessor-version":[{"id":51809,"href":"https:\/\/radiozapatista.org\/index.php?rest_route=\/wp\/v2\/posts\/51644\/revisions\/51809"}],"wp:featuredmedia":[{"embeddable":true,"href":"https:\/\/radiozapatista.org\/index.php?rest_route=\/wp\/v2\/media\/51668"}],"wp:attachment":[{"href":"https:\/\/radiozapatista.org\/index.php?rest_route=%2Fwp%2Fv2%2Fmedia&parent=51644"}],"wp:term":[{"taxonomy":"category","embeddable":true,"href":"https:\/\/radiozapatista.org\/index.php?rest_route=%2Fwp%2Fv2%2Fcategories&post=51644"},{"taxonomy":"post_tag","embeddable":true,"href":"https:\/\/radiozapatista.org\/index.php?rest_route=%2Fwp%2Fv2%2Ftags&post=51644"}],"curies":[{"name":"wp","href":"https:\/\/api.w.org\/{rel}","templated":true}]}}