{"id":51615,"date":"2025-08-10T11:58:12","date_gmt":"2025-08-10T17:58:12","guid":{"rendered":"https:\/\/radiozapatista.org\/?p=51615"},"modified":"2025-08-14T19:33:22","modified_gmt":"2025-08-15T01:33:22","slug":"dia-7-encuentro-de-resistencias-y-rebeldias-algunas-partes-del-todo","status":"publish","type":"post","link":"https:\/\/radiozapatista.org\/?p=51615","title":{"rendered":"D\u00eda 7 \u2013 Encuentro de Resistencias y Rebeld\u00edas \u201cAlgunas partes del todo\u201d"},"content":{"rendered":"\n<p>Este s\u00e9ptimo d\u00eda del <a href=\"https:\/\/radiozapatista.org\/?page_id=51802\">Encuentro de Resistencias y Rebeld\u00edas &#8220;Algunas partes del todo&#8221;<\/a>, a pesar de la tormenta que cae pertinaz sobre el semillero Comandanta Ramona del Caracol de Morelia \u2014o quiz\u00e1s justamente porque es posible vivir y luchar en medio de la tormenta\u2014, continuaron los testimonios de resistencias y rebeld\u00edas en diversas geograf\u00edas del planeta.<\/p>\n\n\n\n<p>Desde Colombia, el colectivo interdisciplinar <a href=\"https:\/\/colectivoartoarte.com\/portafolioartoarte2025.pdf\" target=\"_blank\" rel=\"noreferrer noopener\">Arto Arte<\/a> trabaja desde el 2009 en la articulaci\u00f3n de procesos comunitarios por medio de la intervenci\u00f3n art\u00edstica en espacios p\u00fablicos desde el muralismo y la acci\u00f3n comunitaria. El movimiento <a href=\"https:\/\/www.hebracomunidad.org\/2018\/08\/02\/las-cooperativas-de-longo-mai\/\" target=\"_blank\" rel=\"noreferrer noopener\">Longo Ma\u00ef<\/a> est\u00e1 compuesto por 11 granjas cooperativas en varios pa\u00edses de Europa (Francia, Austria, Suiza, Ucrania, Alemania Oriental, Rumania), que abarca unas 250 personas organizadas. Nueva Imagen Zapatista es una iniciativa europea para construir un archivo sobre la Traves\u00eda por la Vida cap\u00edtulo Europa, en particular los nuevos mundos que surgieron en la vieja Europa a partir de esa gira zapatista. En el norte de Italia, Tornio Diserta es un grupo anarquista que naci\u00f3 hace a\u00f1o y medio, dedicado a la lucha contra lo que denominan el &#8220;mundo guerra&#8221;. <a href=\"https:\/\/nodosolidale.noblogs.org\/\" target=\"_blank\" rel=\"noreferrer noopener\">Nodo Solidale<\/a> es un colectivo internacionalista basado en M\u00e9xico e Italia, que desde hace 18 a\u00f1os ha luchado por tejer solidaridad entre las luchas aut\u00f3nomas en Italia y M\u00e9xico. <a href=\"https:\/\/lessoulevementsdelaterre.org\/es-es\" target=\"_blank\" rel=\"noreferrer noopener\">Les soul\u00e8vements de la terre<\/a> (Los levantamientos de la tierra) es un movimiento ecologista y campesino franc\u00e9s fundado en 2021 a partir de la Traves\u00eda por la Vida. Movimiento por la Libertad de Kurdist\u00e1n est\u00e1 compuesto por diversas organizaciones internacionalistas que luchan en solidaridad con la lucha kurda.<\/p>\n\n\n\n<p>En La Paz, Baja California, en el Centro Cultural Ricardo Flores Mag\u00f3n opera la Brigada Ricardo Flores Mag\u00f3n, la Radio Zapatista Sudcaliforniana y el Centro de Investigaciones Sociales, Sindicales y Laborales. En el barrio de Cuxtitali en San Crist\u00f3bal de Las Casas, Chiapas, el Gimnasio Aut\u00f3nomo Popular Barrio Bravo es un proyecto de deporte gratuito con una visi\u00f3n comunitaria. En las periferias norte y sur de la misma ciudad, Patrulla Roja Crew se organiza para generar conciencia a partir de la cultura del hip-hop. Tambi\u00e9n en Chiapas, Acci\u00f3n Palestina Chiapas se organiza en solidaridad con el pueblo palestino ante el genocidio en curso. En la Ciudad de M\u00e9xico, una red de j\u00f3venes universitarios fomenta acciones en defensa de la tierra ante la crisis clim\u00e1tica.<\/p>\n\n\n\n<p>Compartimos aqu\u00ed las palabras compartidas este s\u00e9ptimo d\u00eda del encuentro.<\/p>\n\n\n\n<p>Colectivo Arto Arte (Bogot\u00e1, Colombia) [podcast]https:\/\/radiozapatista.org\/wp-content\/uploads\/2025\/08\/dia7-01.mp3[\/podcast]<\/p>\n\n\n\n<p>Brigada Ricardo Flores Mag\u00f3n (La Paz, Baja California Sur, M\u00e9xico) [podcast]https:\/\/radiozapatista.org\/wp-content\/uploads\/2025\/08\/dia7-02.mp3[\/podcast]<\/p>\n\n\n\n<p>Gimnasio Aut\u00f3nomo Popular Barrio Bravo (Barrio de Cuxtitali, San Crist\u00f3bal de Las Casas, Chiapas) [podcast]https:\/\/radiozapatista.org\/wp-content\/uploads\/2025\/08\/dia7-03.mp3[\/podcast]<\/p>\n\n\n\n<p>Comentario del Subcomandante Mois\u00e9s [podcast]https:\/\/radiozapatista.org\/wp-content\/uploads\/2025\/08\/dia7-04.mp3[\/podcast]<\/p>\n\n\n\n<p>Acci\u00f3n Palestina en Chiapas [podcast]https:\/\/radiozapatista.org\/wp-content\/uploads\/2025\/08\/dia7-05.mp3[\/podcast]<\/p>\n\n\n\n<p>Comentario del Subcomandante Mois\u00e9s [podcast]https:\/\/radiozapatista.org\/wp-content\/uploads\/2025\/08\/dia7-06.mp3[\/podcast]<\/p>\n\n\n\n<p>Red de j\u00f3venes universitarios que fomentan acciones en defensa de la tierra ante la crisis clim\u00e1tica (CDMX) [podcast]https:\/\/radiozapatista.org\/wp-content\/uploads\/2025\/08\/dia7-07.mp3[\/podcast]<\/p>\n\n\n\n<p>Patrulla Roja, colectivo de Hip-Hop de las periferias norte y sur de San Crist\u00f3bal [podcast]https:\/\/radiozapatista.org\/wp-content\/uploads\/2025\/08\/dia7-08.mp3[\/podcast]<\/p>\n\n\n\n<p>Movimiento Longo Ma\u00ef (Europa) [podcast]https:\/\/radiozapatista.org\/wp-content\/uploads\/2025\/08\/dia7-09.mp3[\/podcast]<\/p>\n\n\n\n<p>Sonia \u2013 Nueva Imagen Zapatista (Archivo sobre la Traves\u00eda por la Vida cap\u00edtulo Europa) [podcast]https:\/\/radiozapatista.org\/wp-content\/uploads\/2025\/08\/dia7-10.mp3[\/podcast]<\/p>\n\n\n\n<p>Torino Diserta (Italia) [podcast]https:\/\/radiozapatista.org\/wp-content\/uploads\/2025\/08\/dia7-11.mp3[\/podcast]<\/p>\n\n\n\n<p>Nodo Solidale [podcast]https:\/\/radiozapatista.org\/wp-content\/uploads\/2025\/08\/dia7-12.mp3[\/podcast]<\/p>\n\n\n\n<p>Les soulevements de la terre (movimiento y campesino franc\u00e9s) parte 1 [podcast]https:\/\/radiozapatista.org\/wp-content\/uploads\/2025\/08\/dia7-13a.mp3[\/podcast]<\/p>\n\n\n\n<p>Les soulevements de la terre (movimiento y campesino franc\u00e9s) parte 2 [podcast]https:\/\/radiozapatista.org\/wp-content\/uploads\/2025\/08\/dia7-13b.mp3[\/podcast]<\/p>\n\n\n\n<p>Movimiento por la Libertad de Kurdist\u00e1n [podcast]https:\/\/radiozapatista.org\/wp-content\/uploads\/2025\/08\/dia7-14.mp3[\/podcast]<\/p>\n\n\n\n<figure class=\"wp-block-gallery has-nested-images columns-default is-cropped wp-block-gallery-1 is-layout-flex wp-block-gallery-is-layout-flex\">\n<figure class=\"wp-block-image size-medium\"><img loading=\"lazy\" decoding=\"async\" width=\"350\" height=\"263\" data-id=\"51628\" src=\"https:\/\/radiozapatista.org\/wp-content\/uploads\/2025\/08\/signal-2025-08-09-143930_002-350x263.jpeg\" alt=\"\" class=\"wp-image-51628\" srcset=\"https:\/\/radiozapatista.org\/wp-content\/uploads\/2025\/08\/signal-2025-08-09-143930_002-350x263.jpeg 350w, https:\/\/radiozapatista.org\/wp-content\/uploads\/2025\/08\/signal-2025-08-09-143930_002-768x576.jpeg 768w, https:\/\/radiozapatista.org\/wp-content\/uploads\/2025\/08\/signal-2025-08-09-143930_002.jpeg 1000w\" sizes=\"auto, (max-width: 350px) 100vw, 350px\" \/><\/figure>\n\n\n\n<figure class=\"wp-block-image size-medium\"><img loading=\"lazy\" decoding=\"async\" width=\"350\" height=\"263\" data-id=\"51629\" src=\"https:\/\/radiozapatista.org\/wp-content\/uploads\/2025\/08\/signal-2025-08-09-143930_003-350x263.jpeg\" alt=\"\" class=\"wp-image-51629\" srcset=\"https:\/\/radiozapatista.org\/wp-content\/uploads\/2025\/08\/signal-2025-08-09-143930_003-350x263.jpeg 350w, https:\/\/radiozapatista.org\/wp-content\/uploads\/2025\/08\/signal-2025-08-09-143930_003-768x576.jpeg 768w, https:\/\/radiozapatista.org\/wp-content\/uploads\/2025\/08\/signal-2025-08-09-143930_003.jpeg 1000w\" sizes=\"auto, (max-width: 350px) 100vw, 350px\" \/><\/figure>\n\n\n\n<figure class=\"wp-block-image size-medium\"><img loading=\"lazy\" decoding=\"async\" width=\"350\" height=\"263\" data-id=\"51630\" src=\"https:\/\/radiozapatista.org\/wp-content\/uploads\/2025\/08\/signal-2025-08-09-143930_004-350x263.jpeg\" alt=\"\" class=\"wp-image-51630\" srcset=\"https:\/\/radiozapatista.org\/wp-content\/uploads\/2025\/08\/signal-2025-08-09-143930_004-350x263.jpeg 350w, https:\/\/radiozapatista.org\/wp-content\/uploads\/2025\/08\/signal-2025-08-09-143930_004-768x576.jpeg 768w, https:\/\/radiozapatista.org\/wp-content\/uploads\/2025\/08\/signal-2025-08-09-143930_004.jpeg 1000w\" sizes=\"auto, (max-width: 350px) 100vw, 350px\" \/><\/figure>\n<\/figure>\n\n\n\n<p>Fotos: Radio Pozol<\/p>\n","protected":false},"excerpt":{"rendered":"<p>Este s\u00e9ptimo d\u00eda del Encuentro de Resistencias y Rebeld\u00edas &#8220;Algunas partes del todo&#8221;, a pesar de la tormenta que cae pertinaz sobre el semillero Comandanta Ramona del Caracol de Morelia \u2014o quiz\u00e1s justamente porque es posible vivir y luchar en medio de la tormenta\u2014, continuaron los testimonios de resistencias y rebeld\u00edas en diversas geograf\u00edas del [&hellip;]<\/p>\n","protected":false},"author":1,"featured_media":51631,"comment_status":"open","ping_status":"closed","sticky":false,"template":"","format":"standard","meta":{"footnotes":""},"categories":[1,957,6,955,954,190],"tags":[1502,917,1495,56,926,204,153,112,27],"class_list":["post-51615","post","type-post","status-publish","format-standard","has-post-thumbnail","hentry","category-audio","category-autonomia","category-chiapas","category-ezln-temas","category-mexico","category-radiozapatista","tag-caracoles-zapatistas","tag-chiapas","tag-el-dia-despues","tag-encuentros","tag-ezln","tag-guerra","tag-morelia","tag-palestina","tag-solidaridad"],"_links":{"self":[{"href":"https:\/\/radiozapatista.org\/index.php?rest_route=\/wp\/v2\/posts\/51615","targetHints":{"allow":["GET"]}}],"collection":[{"href":"https:\/\/radiozapatista.org\/index.php?rest_route=\/wp\/v2\/posts"}],"about":[{"href":"https:\/\/radiozapatista.org\/index.php?rest_route=\/wp\/v2\/types\/post"}],"author":[{"embeddable":true,"href":"https:\/\/radiozapatista.org\/index.php?rest_route=\/wp\/v2\/users\/1"}],"replies":[{"embeddable":true,"href":"https:\/\/radiozapatista.org\/index.php?rest_route=%2Fwp%2Fv2%2Fcomments&post=51615"}],"version-history":[{"count":6,"href":"https:\/\/radiozapatista.org\/index.php?rest_route=\/wp\/v2\/posts\/51615\/revisions"}],"predecessor-version":[{"id":51810,"href":"https:\/\/radiozapatista.org\/index.php?rest_route=\/wp\/v2\/posts\/51615\/revisions\/51810"}],"wp:featuredmedia":[{"embeddable":true,"href":"https:\/\/radiozapatista.org\/index.php?rest_route=\/wp\/v2\/media\/51631"}],"wp:attachment":[{"href":"https:\/\/radiozapatista.org\/index.php?rest_route=%2Fwp%2Fv2%2Fmedia&parent=51615"}],"wp:term":[{"taxonomy":"category","embeddable":true,"href":"https:\/\/radiozapatista.org\/index.php?rest_route=%2Fwp%2Fv2%2Fcategories&post=51615"},{"taxonomy":"post_tag","embeddable":true,"href":"https:\/\/radiozapatista.org\/index.php?rest_route=%2Fwp%2Fv2%2Ftags&post=51615"}],"curies":[{"name":"wp","href":"https:\/\/api.w.org\/{rel}","templated":true}]}}