{"id":51591,"date":"2025-08-09T13:53:40","date_gmt":"2025-08-09T19:53:40","guid":{"rendered":"https:\/\/radiozapatista.org\/?p=51591"},"modified":"2025-08-09T14:08:00","modified_gmt":"2025-08-09T20:08:00","slug":"comunicado-de-la-peregrinacion-por-los-derechos-de-los-pueblos-indigenas-el-respeto-a-la-madre-tierra-y-la-construccion-de-la-paz","status":"publish","type":"post","link":"https:\/\/radiozapatista.org\/?p=51591","title":{"rendered":"Comunicado de la Peregrinaci\u00f3n por los derechos de los pueblos ind\u00edgenas, el respeto a la Madre Tierra y la construcci\u00f3n de La Paz"},"content":{"rendered":"\n<p>A los pueblos originarios de M\u00e9xico y del Mundo<br>A todas las organizaciones religiosas<br>A las organizaciones defensoras de derechos humanos e ind\u00edgenas<br>A los Medios de Comunicaci\u00f3n Nacionales e Internacionales<br>A los Tres Niveles de Gobierno<br>A la Sociedad En General<\/p>\n\n\n\n<p>Hoy, d\u00eda internacional de los pueblos originarios, nos convoca el clamor de la Madre Tierra, el esp\u00edritu de sabidur\u00eda de nuestras ra\u00edces ind\u00edgenas, la resistencia hist\u00f3rica del pueblo maya. Hoy nos convoca el esp\u00edritu de nuestros ancestros, el esp\u00edritu de vida que susurra con fuerza en nuestros cerros, manantiales, caminos y comunidades. Hoy nos convoca el anhelo de paz y justicia en nuestros pueblos, una deuda que por a\u00f1os hemos buscado con esperanza activa.<\/p>\n\n\n\n<p>No estamos en un mitin, no estamos en una marcha, no estamos a favor o en contra del gobierno o de un partido pol\u00edtico, no somos una organizaci\u00f3n de la sociedad civil. Somos Pueblo de Dios que peregrina por el s\u00ed a la vida desde la espiritualidad de la no violencia. Somos iglesia aut\u00f3ctona enraizada con rostro tseltal, nos mueve la fe como seguidores y seguidoras del esp\u00edritu de Jes\u00fas que busca dignificar todos los rincones de la vida.<\/p>\n\n\n\n<p>Iniciamos nuestra peregrinaci\u00f3n desde Jalalal y San Mart\u00edn Cruzt\u00f3n, dos comunidades que simbolizan a los pueblos que quieren honrar, cuidar y defender la Madre Tierra; ancianos, ancianas, sabios\/as rezaron y se unieron a la oraci\u00f3n en los cerros y manantiales, sembraron una cruz como signo de paz y nos prepararon el camino que hemos recorrido en un solo coraz\u00f3n. Armonizamos nuestros pasos con el territorio y en nuestro camino sembramos 3 ceibas, \u00e1rbol sagrado de los pueblos mayas, s\u00edmbolo de vida, grandeza, conexi\u00f3n entre el cielo y la tierra, sembrados como signo de comuni\u00f3n con la casa com\u00fan y como deseo de recibir la sabidur\u00eda ancestral. Hemos orado alrededor del altar maya al ritmo del caracol, para pedir el respeto a la sacralidad de nuestro Territorio, porque cada rinc\u00f3n de nuestra tierra,<br>cada monta\u00f1a, cada ojo de agua, cada \u00e1rbol, es sagrado. No se trata de un pedazo de tierra que se  pueda vender o destruir para hacer espacio a proyectos que prometen beneficios aparentes, es de nuestro hogar del que estamos hablando. Somos ind\u00edgenas, somos tseltales, aqu\u00ed nacimos, aqu\u00ed vivimos, en el territorio est\u00e1 la historia de nuestros y nuestras ancestros\/as, es nuestra identidad, es nuestra espiritualidad y nuestra forma \u00fanica de ser y estar en el mundo.<\/p>\n\n\n\n<p>Sin embargo, a pesar de la dignidad que tenemos, en este d\u00eda internacional de los pueblos originarios recordarnos que las comunidades ind\u00edgenas son ricas por sus territorios abundantes de biodiversidad, pero viven empobrecidas por un sistema que las excluye. Es sistem\u00e1tica la discriminaci\u00f3n a nuestra cultura, evidente la amenaza a nuestros territorios y grosera la manera en que el falso progreso deja con hambre a nuestros hogares. El sistema nos expulsa, violenta nuestros derechos, rechaza nuestra cultura y despoja nuestro territorio. Pobreza, despojo y discriminaci\u00f3n cultural van de la mano. Bien lo dijo el Papa Le\u00f3n en su mensaje para la jornada mundial de oraci\u00f3n por el cuidado de la Creaci\u00f3n: &#8220;Parece que a\u00fan no se tiene conciencia de que destruir la naturaleza no perjudica a todos del mismo modo: pisotear la justicia y la paz significa afectar sobre todo a los m\u00e1s pobres, a los marginados, a los excluidos. En<br>este contexto, es emblem\u00e1tico el sufrimiento de las comunidades ind\u00edgenas&#8221;.<\/p>\n\n\n\n<p><br>Por esto, hoy alzamos nuestra voz por los derechos de los Pueblos Ind\u00edgenas y los derechos de la Madre Tierra. No estamos en contra del progreso, estamos a favor del cuidado de la Casa Com\u00fan y de los pueblos originarios y desde ah\u00ed anunciar y denunciar, por eso, nos pronunciamos como Iglesia en los siguientes puntos.<\/p>\n\n\n\n<p><br>1) Denunciamos la irregularidad en la reactivaci\u00f3n de la \u201cAutopista de las culturas\u201d:<\/p>\n\n\n\n<p>a. Por la violaci\u00f3n al derecho a la consulta al no hacerse ni previa ni informada y al dejar al margen la voz de las comunidades ya que las casillas s\u00f3lo fueron instaladas en las cabeceras municipales. Por publicarse el Manifiesto del Impacto Ambiental (MIA) despu\u00e9s de que el Gobierno Estatal hiciera la consulta p\u00fablica, y al ser pagado por la empresa interesada en la construcci\u00f3n, no refleja los da\u00f1os reales que va a ocasionar al territorio.<\/p>\n\n\n\n<p>b. Denunciamos que a pesar de que el pueblo no fue consultado y de no contar con las MIAs evaluadas y aprobadas, el gobierno del Estado de Chiapas dio el banderazo de inicio el 08 de junio de 2025.<\/p>\n\n\n\n<p> c. Denunciamos que el despojo ha iniciado con amenazas, falsas promesas, as\u00ed como la extracci\u00f3n de grava sin consentimiento de los propietarios. <\/p>\n\n\n\n<p>d. Exigimos a las autoridades correspondientes atenci\u00f3n a los dos amparo ingresados y se atiendan bajo derecho sus demandas.<\/p>\n\n\n\n<p>2) Basta ya de la criminalizaci\u00f3n a defensores de Derechos Humanos:<\/p>\n\n\n\n<p>a) Nuestros hermanos defensores del territorio y constructores de la autonom\u00eda, han sido criminalizados por el sistema pol\u00edtico y judicial, enjuiciados por cr\u00edmenes que no cometieron, juicios ama\u00f1ados por jueces corrompidos como son el caso de Pedro Cort\u00e9s y Diego Mendoza, condenados a 110 a\u00f1os de c\u00e1rcel; el sistema de injusticia, muerte, corrupci\u00f3n y de violencia se perpet\u00faa en el municipio de Pantelho\u2019 en donde la paz est\u00e1 cada vez m\u00e1s lejana. Denunciamos que el arresto de estos hermanos nuestros fue arbitrario, ya que nunca se les mostr\u00f3 la orden de aprehensi\u00f3n; fue realizado con\u00a1e violencia;, se les oblig\u00f3 a firmar papeles desconociendo su contenido y se atent\u00f3 contra el derecho fundamental de contar con un int\u00e9rprete tseltal.Exigimos que se revise este caso y se garantice un juicio con todas las garant\u00edas y derechos fundamentales al debido proceso.<\/p>\n\n\n\n<p>b) As\u00ed tambi\u00e9n, nuestro cinco hermanos de San Juan Cancuc sentenciados a 25 a\u00f1os por homicidio, del cual el grupo de la ONU sobre Detenci\u00f3n Arbitraria concluy\u00f3 que el arresto de Manuel Santiz Cruz, Agust\u00edn P\u00e9rez Dom\u00ednguez, Mart\u00edn P\u00e9rez Dom\u00ednguez, Juan Velasco Aguilar y Agust\u00edn P\u00e9rez Velasco fue arbitraria y contraria al derecho internacional. Nos unimos a la exigencia de la ONU sobre estos hermanos nuestros de San Juan Cancuc: Liberaci\u00f3n inmediata, que se les otorgue una indemnizaci\u00f3n y otras reparaciones conforme al derecho internacional, se investiguen las circunstancias que llevaron a su detenci\u00f3n y se determinen responsabilidades por la violaci\u00f3n a sus derechos.<\/p>\n\n\n\n<p>c) Tambi\u00e9n exigimos el alto a la difamaci\u00f3n y hostigamiento a sacerdotes, hermanas, di\u00e1conos, catequistas y dem\u00e1s hombres y mujeres servidores eclesiales y cuidadores de la Madre Tierra.<\/p>\n\n\n\n<p>3) Exigimos cese al Asesinato de defensores de derechos humanos:<\/p>\n\n\n\n<p>a) Nuestro hermano y pastor el padre Marcelo P\u00e9rez, sacerdote ind\u00edgena tsotsil, reconocido nacional e<br>internacionalmente como defensor de los pueblos ind\u00edgenas, asesinado el 20 de octubre de 2024, el autor material fue sentenciado el pasado 6 de agosto a 20 a\u00f1os de prisi\u00f3n, una burla en comparaci\u00f3n con los a\u00f1os de sentencia a Pedro Cort\u00e9s, Diego Mendoza y nuestros hermanos de San Juan Cancuc.<\/p>\n\n\n\n<p>b) Exigimos a los gobiernos alto a la criminalizaci\u00f3n y asesinato de nuestros hermanos, hermanas que buscan la paz y justicia del pueblo.<\/p>\n\n\n\n<p>Hacemos un llamado a la comunidad en general por la justicia clim\u00e1tica y la casa com\u00fan, que exijamos, sin miedo, pero con respeto, a nuestros gobiernos y autoridades la protecci\u00f3n de los pueblos y comunidades locales vulnerables al cambio clim\u00e1tico y amenazados por conflictos sociales y ecol\u00f3gicos, reconociendo su rol clave en la conservaci\u00f3n de los ecosistemas y la biodiversidad.<\/p>\n\n\n\n<p>\u201cReiteramos que la Iglesia, en su misi\u00f3n prof\u00e9tica, no cesar\u00e1 de alzar la voz ante las injusticias ecol\u00f3gicas y sociales, recordando que el clamor de la Tierra es tambi\u00e9n el clamor de los pobres (Laudato si\u2019, 49).<\/p>\n\n\n\n<p class=\"has-text-align-center\"><br><strong>Como iglesia peregrina con los pobres y en las periferias decimos:<br>\u201cS\u00ed a la Madre Tierra, s\u00ed a los pueblos originarios\u201d<br>\u201cNo a la econom\u00eda del descarte, No al despojo\u201d<\/strong><\/p>\n\n\n\n<p class=\"has-text-align-center\"><br>Atentamente:<br>Pueblo de Dios de las cinco vicar\u00edas de la Misi\u00f3n de Bachaj\u00f3n<br>Bachaj\u00f3n, Chil\u00f3n, Chiapas a 9 de agosto de 2025<\/p>\n\n\n\n<p class=\"has-text-align-center\"><\/p>\n\n\n\n<figure class=\"wp-block-gallery has-nested-images columns-default is-cropped wp-block-gallery-1 is-layout-flex wp-block-gallery-is-layout-flex\">\n<figure class=\"wp-block-image size-medium\"><img loading=\"lazy\" decoding=\"async\" width=\"350\" height=\"263\" data-id=\"51592\" src=\"https:\/\/radiozapatista.org\/wp-content\/uploads\/2025\/08\/radiopozol04-350x263.jpeg\" alt=\"\" class=\"wp-image-51592\" srcset=\"https:\/\/radiozapatista.org\/wp-content\/uploads\/2025\/08\/radiopozol04-350x263.jpeg 350w, https:\/\/radiozapatista.org\/wp-content\/uploads\/2025\/08\/radiopozol04-1024x768.jpeg 1024w, https:\/\/radiozapatista.org\/wp-content\/uploads\/2025\/08\/radiopozol04-768x576.jpeg 768w, https:\/\/radiozapatista.org\/wp-content\/uploads\/2025\/08\/radiopozol04.jpeg 1280w\" sizes=\"auto, (max-width: 350px) 100vw, 350px\" \/><\/figure>\n\n\n\n<figure class=\"wp-block-image size-medium\"><img loading=\"lazy\" decoding=\"async\" width=\"350\" height=\"263\" data-id=\"51593\" src=\"https:\/\/radiozapatista.org\/wp-content\/uploads\/2025\/08\/radiopozol09-350x263.jpeg\" alt=\"\" class=\"wp-image-51593\" srcset=\"https:\/\/radiozapatista.org\/wp-content\/uploads\/2025\/08\/radiopozol09-350x263.jpeg 350w, https:\/\/radiozapatista.org\/wp-content\/uploads\/2025\/08\/radiopozol09-1024x768.jpeg 1024w, https:\/\/radiozapatista.org\/wp-content\/uploads\/2025\/08\/radiopozol09-768x576.jpeg 768w, https:\/\/radiozapatista.org\/wp-content\/uploads\/2025\/08\/radiopozol09.jpeg 1280w\" sizes=\"auto, (max-width: 350px) 100vw, 350px\" \/><\/figure>\n\n\n\n<figure class=\"wp-block-image size-medium\"><img loading=\"lazy\" decoding=\"async\" width=\"350\" height=\"263\" data-id=\"51594\" src=\"https:\/\/radiozapatista.org\/wp-content\/uploads\/2025\/08\/radiopozol07-350x263.jpeg\" alt=\"\" class=\"wp-image-51594\" srcset=\"https:\/\/radiozapatista.org\/wp-content\/uploads\/2025\/08\/radiopozol07-350x263.jpeg 350w, https:\/\/radiozapatista.org\/wp-content\/uploads\/2025\/08\/radiopozol07-1024x768.jpeg 1024w, https:\/\/radiozapatista.org\/wp-content\/uploads\/2025\/08\/radiopozol07-768x576.jpeg 768w, https:\/\/radiozapatista.org\/wp-content\/uploads\/2025\/08\/radiopozol07.jpeg 1280w\" sizes=\"auto, (max-width: 350px) 100vw, 350px\" \/><\/figure>\n\n\n\n<figure class=\"wp-block-image size-medium\"><img loading=\"lazy\" decoding=\"async\" width=\"350\" height=\"263\" data-id=\"51595\" src=\"https:\/\/radiozapatista.org\/wp-content\/uploads\/2025\/08\/radiopozol10-350x263.jpeg\" alt=\"\" class=\"wp-image-51595\" srcset=\"https:\/\/radiozapatista.org\/wp-content\/uploads\/2025\/08\/radiopozol10-350x263.jpeg 350w, https:\/\/radiozapatista.org\/wp-content\/uploads\/2025\/08\/radiopozol10-1024x768.jpeg 1024w, https:\/\/radiozapatista.org\/wp-content\/uploads\/2025\/08\/radiopozol10-768x576.jpeg 768w, https:\/\/radiozapatista.org\/wp-content\/uploads\/2025\/08\/radiopozol10.jpeg 1280w\" sizes=\"auto, (max-width: 350px) 100vw, 350px\" \/><\/figure>\n\n\n\n<figure class=\"wp-block-image size-medium\"><img loading=\"lazy\" decoding=\"async\" width=\"350\" height=\"263\" data-id=\"51596\" src=\"https:\/\/radiozapatista.org\/wp-content\/uploads\/2025\/08\/radiopozol11-350x263.jpeg\" alt=\"\" class=\"wp-image-51596\" srcset=\"https:\/\/radiozapatista.org\/wp-content\/uploads\/2025\/08\/radiopozol11-350x263.jpeg 350w, https:\/\/radiozapatista.org\/wp-content\/uploads\/2025\/08\/radiopozol11-1024x768.jpeg 1024w, https:\/\/radiozapatista.org\/wp-content\/uploads\/2025\/08\/radiopozol11-768x576.jpeg 768w, https:\/\/radiozapatista.org\/wp-content\/uploads\/2025\/08\/radiopozol11.jpeg 1280w\" sizes=\"auto, (max-width: 350px) 100vw, 350px\" \/><\/figure>\n\n\n\n<figure class=\"wp-block-image size-medium\"><img loading=\"lazy\" decoding=\"async\" width=\"350\" height=\"263\" data-id=\"51597\" src=\"https:\/\/radiozapatista.org\/wp-content\/uploads\/2025\/08\/radiopozol12-350x263.jpeg\" alt=\"\" class=\"wp-image-51597\" srcset=\"https:\/\/radiozapatista.org\/wp-content\/uploads\/2025\/08\/radiopozol12-350x263.jpeg 350w, https:\/\/radiozapatista.org\/wp-content\/uploads\/2025\/08\/radiopozol12-1024x768.jpeg 1024w, https:\/\/radiozapatista.org\/wp-content\/uploads\/2025\/08\/radiopozol12-768x576.jpeg 768w, https:\/\/radiozapatista.org\/wp-content\/uploads\/2025\/08\/radiopozol12.jpeg 1280w\" sizes=\"auto, (max-width: 350px) 100vw, 350px\" \/><\/figure>\n\n\n\n<figure class=\"wp-block-image size-medium\"><img loading=\"lazy\" decoding=\"async\" width=\"350\" height=\"263\" data-id=\"51601\" src=\"https:\/\/radiozapatista.org\/wp-content\/uploads\/2025\/08\/radiopozol02-350x263.jpeg\" alt=\"\" class=\"wp-image-51601\" srcset=\"https:\/\/radiozapatista.org\/wp-content\/uploads\/2025\/08\/radiopozol02-350x263.jpeg 350w, https:\/\/radiozapatista.org\/wp-content\/uploads\/2025\/08\/radiopozol02-1024x768.jpeg 1024w, https:\/\/radiozapatista.org\/wp-content\/uploads\/2025\/08\/radiopozol02-768x576.jpeg 768w, https:\/\/radiozapatista.org\/wp-content\/uploads\/2025\/08\/radiopozol02.jpeg 1280w\" sizes=\"auto, (max-width: 350px) 100vw, 350px\" \/><\/figure>\n\n\n\n<figure class=\"wp-block-image size-medium\"><img loading=\"lazy\" decoding=\"async\" width=\"350\" height=\"263\" data-id=\"51598\" src=\"https:\/\/radiozapatista.org\/wp-content\/uploads\/2025\/08\/radiopozol01-350x263.jpeg\" alt=\"\" class=\"wp-image-51598\" srcset=\"https:\/\/radiozapatista.org\/wp-content\/uploads\/2025\/08\/radiopozol01-350x263.jpeg 350w, https:\/\/radiozapatista.org\/wp-content\/uploads\/2025\/08\/radiopozol01-1024x768.jpeg 1024w, https:\/\/radiozapatista.org\/wp-content\/uploads\/2025\/08\/radiopozol01-768x576.jpeg 768w, https:\/\/radiozapatista.org\/wp-content\/uploads\/2025\/08\/radiopozol01.jpeg 1280w\" sizes=\"auto, (max-width: 350px) 100vw, 350px\" \/><\/figure>\n\n\n\n<figure class=\"wp-block-image size-medium\"><img loading=\"lazy\" decoding=\"async\" width=\"350\" height=\"263\" data-id=\"51599\" src=\"https:\/\/radiozapatista.org\/wp-content\/uploads\/2025\/08\/radiopozol03-350x263.jpeg\" alt=\"\" class=\"wp-image-51599\" srcset=\"https:\/\/radiozapatista.org\/wp-content\/uploads\/2025\/08\/radiopozol03-350x263.jpeg 350w, https:\/\/radiozapatista.org\/wp-content\/uploads\/2025\/08\/radiopozol03-1024x768.jpeg 1024w, https:\/\/radiozapatista.org\/wp-content\/uploads\/2025\/08\/radiopozol03-768x576.jpeg 768w, https:\/\/radiozapatista.org\/wp-content\/uploads\/2025\/08\/radiopozol03.jpeg 1280w\" sizes=\"auto, (max-width: 350px) 100vw, 350px\" \/><\/figure>\n\n\n\n<figure class=\"wp-block-image size-medium\"><img loading=\"lazy\" decoding=\"async\" width=\"350\" height=\"263\" data-id=\"51600\" src=\"https:\/\/radiozapatista.org\/wp-content\/uploads\/2025\/08\/radiopozol06-350x263.jpeg\" alt=\"\" class=\"wp-image-51600\" srcset=\"https:\/\/radiozapatista.org\/wp-content\/uploads\/2025\/08\/radiopozol06-350x263.jpeg 350w, https:\/\/radiozapatista.org\/wp-content\/uploads\/2025\/08\/radiopozol06-1024x768.jpeg 1024w, https:\/\/radiozapatista.org\/wp-content\/uploads\/2025\/08\/radiopozol06-768x576.jpeg 768w, https:\/\/radiozapatista.org\/wp-content\/uploads\/2025\/08\/radiopozol06.jpeg 1280w\" sizes=\"auto, (max-width: 350px) 100vw, 350px\" \/><\/figure>\n\n\n\n<figure class=\"wp-block-image size-medium\"><img loading=\"lazy\" decoding=\"async\" width=\"350\" height=\"263\" data-id=\"51602\" src=\"https:\/\/radiozapatista.org\/wp-content\/uploads\/2025\/08\/radiopozol05-350x263.jpeg\" alt=\"\" class=\"wp-image-51602\" srcset=\"https:\/\/radiozapatista.org\/wp-content\/uploads\/2025\/08\/radiopozol05-350x263.jpeg 350w, https:\/\/radiozapatista.org\/wp-content\/uploads\/2025\/08\/radiopozol05-1024x768.jpeg 1024w, https:\/\/radiozapatista.org\/wp-content\/uploads\/2025\/08\/radiopozol05-768x576.jpeg 768w, https:\/\/radiozapatista.org\/wp-content\/uploads\/2025\/08\/radiopozol05.jpeg 1280w\" sizes=\"auto, (max-width: 350px) 100vw, 350px\" \/><\/figure>\n\n\n\n<figure class=\"wp-block-image size-medium\"><img loading=\"lazy\" decoding=\"async\" width=\"350\" height=\"263\" data-id=\"51603\" src=\"https:\/\/radiozapatista.org\/wp-content\/uploads\/2025\/08\/radiopozol08-350x263.jpeg\" alt=\"\" class=\"wp-image-51603\" srcset=\"https:\/\/radiozapatista.org\/wp-content\/uploads\/2025\/08\/radiopozol08-350x263.jpeg 350w, https:\/\/radiozapatista.org\/wp-content\/uploads\/2025\/08\/radiopozol08-1024x768.jpeg 1024w, https:\/\/radiozapatista.org\/wp-content\/uploads\/2025\/08\/radiopozol08-768x576.jpeg 768w, https:\/\/radiozapatista.org\/wp-content\/uploads\/2025\/08\/radiopozol08.jpeg 1280w\" sizes=\"auto, (max-width: 350px) 100vw, 350px\" \/><\/figure>\n<\/figure>\n\n\n\n<p>Fotos: Radio Pozol<\/p>\n","protected":false},"excerpt":{"rendered":"<p>A los pueblos originarios de M\u00e9xico y del MundoA todas las organizaciones religiosasA las organizaciones defensoras de derechos humanos e ind\u00edgenasA los Medios de Comunicaci\u00f3n Nacionales e InternacionalesA los Tres Niveles de GobiernoA la Sociedad En General Hoy, d\u00eda internacional de los pueblos originarios, nos convoca el clamor de la Madre Tierra, el esp\u00edritu de [&hellip;]<\/p>\n","protected":false},"author":21,"featured_media":51604,"comment_status":"open","ping_status":"closed","sticky":false,"template":"","format":"standard","meta":{"footnotes":""},"categories":[957,51,6,826,954,962,935],"tags":[58,53,567,147,23,545,87,148,27,483],"class_list":["post-51591","post","type-post","status-publish","format-standard","has-post-thumbnail","hentry","category-autonomia","category-autor","category-chiapas","category-medios-libres-2","category-mexico","category-presos","category-temas","tag-derechos-humanos","tag-justicia","tag-megaproyectos","tag-militarizacion","tag-paramilitares","tag-pueblos-indigenas","tag-represion","tag-resistencia","tag-solidaridad","tag-tierra-y-territorio"],"_links":{"self":[{"href":"https:\/\/radiozapatista.org\/index.php?rest_route=\/wp\/v2\/posts\/51591","targetHints":{"allow":["GET"]}}],"collection":[{"href":"https:\/\/radiozapatista.org\/index.php?rest_route=\/wp\/v2\/posts"}],"about":[{"href":"https:\/\/radiozapatista.org\/index.php?rest_route=\/wp\/v2\/types\/post"}],"author":[{"embeddable":true,"href":"https:\/\/radiozapatista.org\/index.php?rest_route=\/wp\/v2\/users\/21"}],"replies":[{"embeddable":true,"href":"https:\/\/radiozapatista.org\/index.php?rest_route=%2Fwp%2Fv2%2Fcomments&post=51591"}],"version-history":[{"count":3,"href":"https:\/\/radiozapatista.org\/index.php?rest_route=\/wp\/v2\/posts\/51591\/revisions"}],"predecessor-version":[{"id":51608,"href":"https:\/\/radiozapatista.org\/index.php?rest_route=\/wp\/v2\/posts\/51591\/revisions\/51608"}],"wp:featuredmedia":[{"embeddable":true,"href":"https:\/\/radiozapatista.org\/index.php?rest_route=\/wp\/v2\/media\/51604"}],"wp:attachment":[{"href":"https:\/\/radiozapatista.org\/index.php?rest_route=%2Fwp%2Fv2%2Fmedia&parent=51591"}],"wp:term":[{"taxonomy":"category","embeddable":true,"href":"https:\/\/radiozapatista.org\/index.php?rest_route=%2Fwp%2Fv2%2Fcategories&post=51591"},{"taxonomy":"post_tag","embeddable":true,"href":"https:\/\/radiozapatista.org\/index.php?rest_route=%2Fwp%2Fv2%2Ftags&post=51591"}],"curies":[{"name":"wp","href":"https:\/\/api.w.org\/{rel}","templated":true}]}}