{"id":51580,"date":"2025-08-09T12:03:12","date_gmt":"2025-08-09T18:03:12","guid":{"rendered":"https:\/\/radiozapatista.org\/?p=51580"},"modified":"2025-08-09T12:37:21","modified_gmt":"2025-08-09T18:37:21","slug":"resumen-de-la-segunda-participacion-zapatista-en-el-encuentro-de-resistencias-y-rebeldias-dia-5-de-agosto-del-2025-9-de-agosto-de-2025","status":"publish","type":"post","link":"https:\/\/radiozapatista.org\/?p=51580","title":{"rendered":"Resumen: de la segunda participaci\u00f3n zapatista en el Encuentro de Resistencias y Rebeld\u00edas, d\u00eda 5 de agosto del 2025 | 9 de agosto de 2025"},"content":{"rendered":"\n<p class=\"has-text-align-center\"><strong>Resumen: de la segunda participaci\u00f3n zapatista en el Encuentro de Resistencias y Rebeld\u00edas,<br>d\u00eda 5 de agosto del 2025<\/strong><\/p>\n\n\n\n<p><strong><em>Previously<\/em><\/strong><\/p>\n\n\n\n<p>&nbsp; En una sorpresiva mirada al pasado, a nuestros anteriores, los pueblos zapatistas reval\u00faan su presente y los problemas que afrontan.&nbsp; A ra\u00edz de su asistencia a la Asamblea de los Muertos, las comunidades inician un an\u00e1lisis profundo de su forma de gobierno aut\u00f3nomo.&nbsp; Los muertos les han advertido sobre la copia de la pir\u00e1mide opresora.&nbsp; Porque llegar\u00e1 el d\u00eda en que los vivos tendr\u00e1n que rendir cuentas ante los muertos.<\/p>\n\n\n\n<p>&nbsp; Con eso en mente, se dan a la tarea de criticar y autocriticar las fallas en el funcionamiento de los Municipios Aut\u00f3nomos Rebeldes Zapatistas (MAREZ) y las Juntas de Buen Gobierno.&nbsp; En asambleas comunitarias se denuncian corrupciones, robos, malversaciones, inconsecuencias, burocracias y, de plano, chingaderas de algunos turnos de autoridades.&nbsp; De una vez, no se puede creer.&nbsp; Los se\u00f1alamientos son implacables y se aportan pruebas.&nbsp; Se determinan y aplican los distintos castigos y sanciones.<\/p>\n\n\n\n<p>&nbsp; Pero el an\u00e1lisis autocr\u00edtico no para ah\u00ed.&nbsp; Se ve que el modelo de gobierno aut\u00f3nomo est\u00e1 replicando la figura piramidal que el pinche sistema impone en las partes del todo.<\/p>\n\n\n\n<p>&nbsp; Como un viento que inicia como brisa, aumenta su intensidad y se convierte en hurac\u00e1n, la condena crece. &nbsp;<strong><em>J\u00f3venas<\/em><\/strong> y j\u00f3venes con distintas lenguas madres, de ra\u00edz maya, discuten, intercambian ideas, an\u00e1lisis, pensamientos, propuestas. &nbsp;La sentencia es com\u00fan: \u201ca la chingada <strong><em>el<\/em><\/strong> pir\u00e1mide\u201d.<\/p>\n\n\n\n<p>&nbsp; En com\u00fan y organizados, los pueblos zapatistas echan abajo su pir\u00e1mide, desaparecen los MAREZ y las Juntas de Buen Gobierno.&nbsp; Comprometen as\u00ed su lucha para el derrumbe y destrucci\u00f3n de todas las pir\u00e1mides.&nbsp; Especialmente de la pir\u00e1mide madre: el sistema capitalista.&nbsp; Frente a un criminal mundial: resistencia y rebeld\u00eda en las partes del todo, declaran.<\/p>\n\n\n\n<p>&nbsp; Los rumores se confirman: la pir\u00e1mide es desnudada con fuego y es derribada.&nbsp; Sobre sus escombros, un mont\u00f3n de gente baila y canta.&nbsp; Pero s\u00f3lo por un momento, hay que seguir luchando.&nbsp; Hay que ser mirada y o\u00eddo frente a los semejantes en sus diferencias, las partes del todo que resiste, y se revela y rebela contra el sistema.<\/p>\n\n\n\n<p>&nbsp; Las comunidades zapatistas seguir\u00e1n buscando una forma de relaci\u00f3n comunitaria que no sea piramidal\u2026 en com\u00fan y organizadas.<\/p>\n\n\n\n<p>&nbsp; Pero creo no basta con el presente y el pasado.&nbsp; Tal vez habr\u00e1 que mirar tambi\u00e9n el futuro\u2026<\/p>\n\n\n\n<p>Desde las monta\u00f1as del Sureste Mexicano.<\/p>\n\n\n\n<figure class=\"wp-block-image\"><img decoding=\"async\" src=\"https:\/\/i0.wp.com\/enlacezapatista.ezln.org.mx\/wp-content\/uploads\/2023\/11\/firma.png?resize=321%2C260&amp;ssl=1\" alt=\"\" class=\"wp-image-24439\"\/><\/figure>\n\n\n\n<p>El Capit\u00e1n.<br>Jefe del Departamento de Res\u00famenes, S\u00edntesis y <em>Spoilers<\/em> Zapatudos.<br>M\u00e9xico, agosto del 2025.<\/p>\n\n\n\n<figure class=\"wp-block-embed is-type-video is-provider-vimeo wp-block-embed-vimeo\"><div class=\"wp-block-embed__wrapper\">\n<iframe loading=\"lazy\" title=\"Resumen de la segunda parte de la participaci\u00f3n Zapatista en el Encuentro de Resistencias y Rebeld\u00edas, d\u00eda 5 de agosto del 2025\" src=\"https:\/\/player.vimeo.com\/video\/1108697124?dnt=1&amp;app_id=122963\" width=\"500\" height=\"281\" frameborder=\"0\" allow=\"autoplay; fullscreen; picture-in-picture; clipboard-write; encrypted-media; web-share\" referrerpolicy=\"strict-origin-when-cross-origin\"><\/iframe>\n<\/div><\/figure>\n","protected":false},"excerpt":{"rendered":"<p>Resumen: de la segunda participaci\u00f3n zapatista en el Encuentro de Resistencias y Rebeld\u00edas,d\u00eda 5 de agosto del 2025 Previously &nbsp; En una sorpresiva mirada al pasado, a nuestros anteriores, los pueblos zapatistas reval\u00faan su presente y los problemas que afrontan.&nbsp; A ra\u00edz de su asistencia a la Asamblea de los Muertos, las comunidades inician un [&hellip;]<\/p>\n","protected":false},"author":21,"featured_media":51581,"comment_status":"open","ping_status":"closed","sticky":false,"template":"","format":"standard","meta":{"footnotes":""},"categories":[957,51,6,118,955,958,954,935],"tags":[644,926,53,147,23,545,148,27,483],"class_list":["post-51580","post","type-post","status-publish","format-standard","has-post-thumbnail","hentry","category-autonomia","category-autor","category-chiapas","category-ezln","category-ezln-temas","category-megaproyectos","category-mexico","category-temas","tag-comunicados-ezln","tag-ezln","tag-justicia","tag-militarizacion","tag-paramilitares","tag-pueblos-indigenas","tag-resistencia","tag-solidaridad","tag-tierra-y-territorio"],"_links":{"self":[{"href":"https:\/\/radiozapatista.org\/index.php?rest_route=\/wp\/v2\/posts\/51580","targetHints":{"allow":["GET"]}}],"collection":[{"href":"https:\/\/radiozapatista.org\/index.php?rest_route=\/wp\/v2\/posts"}],"about":[{"href":"https:\/\/radiozapatista.org\/index.php?rest_route=\/wp\/v2\/types\/post"}],"author":[{"embeddable":true,"href":"https:\/\/radiozapatista.org\/index.php?rest_route=\/wp\/v2\/users\/21"}],"replies":[{"embeddable":true,"href":"https:\/\/radiozapatista.org\/index.php?rest_route=%2Fwp%2Fv2%2Fcomments&post=51580"}],"version-history":[{"count":2,"href":"https:\/\/radiozapatista.org\/index.php?rest_route=\/wp\/v2\/posts\/51580\/revisions"}],"predecessor-version":[{"id":51590,"href":"https:\/\/radiozapatista.org\/index.php?rest_route=\/wp\/v2\/posts\/51580\/revisions\/51590"}],"wp:featuredmedia":[{"embeddable":true,"href":"https:\/\/radiozapatista.org\/index.php?rest_route=\/wp\/v2\/media\/51581"}],"wp:attachment":[{"href":"https:\/\/radiozapatista.org\/index.php?rest_route=%2Fwp%2Fv2%2Fmedia&parent=51580"}],"wp:term":[{"taxonomy":"category","embeddable":true,"href":"https:\/\/radiozapatista.org\/index.php?rest_route=%2Fwp%2Fv2%2Fcategories&post=51580"},{"taxonomy":"post_tag","embeddable":true,"href":"https:\/\/radiozapatista.org\/index.php?rest_route=%2Fwp%2Fv2%2Ftags&post=51580"}],"curies":[{"name":"wp","href":"https:\/\/api.w.org\/{rel}","templated":true}]}}