{"id":51567,"date":"2025-08-09T12:29:58","date_gmt":"2025-08-09T18:29:58","guid":{"rendered":"https:\/\/radiozapatista.org\/?p=51567"},"modified":"2025-08-14T19:33:45","modified_gmt":"2025-08-15T01:33:45","slug":"dia-6-encuentro-de-resistencias-y-rebeldias-algunas-partes-del-todo","status":"publish","type":"post","link":"https:\/\/radiozapatista.org\/?p=51567","title":{"rendered":"D\u00eda 6 \u2013 Encuentro de Resistencias y Rebeld\u00edas \u201cAlgunas partes del todo\u201d"},"content":{"rendered":"\n<p>El sexto d\u00eda del <a href=\"https:\/\/radiozapatista.org\/?page_id=51802\">Encuentro de Resistencias y Rebeld\u00edas &#8220;Algunas partes del todo&#8221;<\/a>, bases de apoyo zapatistas continuaron con la construcci\u00f3n colectiva de una champa, complementando la compartici\u00f3n de formas de vivir que no dependen de los productos del capital.<\/p>\n\n\n\n<p>En la tarde se retomaron las mesas de compartici\u00f3n. Compa\u00f1eras del Colectivo Antsetik Ts\u2019unun de Mujeres y otros colectivos integrantes del Movimiento en Defensa de la Madre Tierra y Nuestros Territorios dieron su palabra sobre la lucha en defensa de la tierra y el territorio desde la perspectiva de las mujeres. La Brigada Callejera, una organizaci\u00f3n de trabajadoras y trabajadores sexuales en la Ciudad de M\u00e9xico, comparti\u00f3 las problem\u00e1ticas que enfrentan y su trabajo organizativo. La Red Universitaria Anticapitalista, que lucha para que el conocimiento, las ciencias y las artes sean libres para todas y todos y para construir sociedades no capitalistas, tambi\u00e9n dio su palabra. La Casa Comunitaria, ubicada en la Colonia Azteca en la Ciudad de M\u00e9xico, crea espacios de encuentros para personas, grupos u organizaciones interesadas en la cultura, alimentaci\u00f3n, salud y producci\u00f3n, as\u00ed como la participaci\u00f3n social y organizaci\u00f3n. De Slumil K&#8217;ajxemk&#8217;op, la Red Europa Zapatista, nacida en el 2008, comparti\u00f3 su palabra, hablando en particular del trabajo organizativo que realizaron para la Campa\u00f1a &#8220;Un quir\u00f3fano en la Selva Lacandona&#8221;.<\/p>\n\n\n\n<p>En plenaria con comandantes y comandantas del CCRI-CG del EZLN, el Subcomandante Mois\u00e9s y autoridades civiles zapatistas, se analiz\u00f3 la situaci\u00f3n nacional y mundial y su relaci\u00f3n con la situaci\u00f3n local, se discuti\u00f3 el diagn\u00f3stico zapatista que los llev\u00f3 a entender que ninguna estructura piramidal es soluci\u00f3n para la crisis global que enfrentamos y a abolir su propia pir\u00e1mide en el gobierno aut\u00f3nomo zapatista, as\u00ed como el imperativo de organizarse en com\u00fan para hacer frente a la tormenta.<\/p>\n\n\n\n<p>Compartimos aqu\u00ed las palabras compartidas en este sexto d\u00eda del encuentro.<\/p>\n\n\n\n<p>Colectivo Antsetik Ts\u2019unun de Mujeres y otros colectivos integrantes del Movimiento en Defensa de la Madre Tierra y Nuestros Territorios (Chiapas) [podcast]https:\/\/radiozapatista.org\/wp-content\/uploads\/2025\/08\/dia6-01.mp3[\/podcast]<\/p>\n\n\n\n<p>Brigada Callejera (CDMX) [podcast]https:\/\/radiozapatista.org\/wp-content\/uploads\/2025\/08\/dia6-02.mp3[\/podcast]<\/p>\n\n\n\n<p>Red Universitaria Anticapitalista (RUA) (M\u00e9xico) [podcast]https:\/\/radiozapatista.org\/wp-content\/uploads\/2025\/08\/dia6-03.mp3[\/podcast]<\/p>\n\n\n\n<p>Red Europa Zapatista (Slumil K\u2019ajxemk\u2019op) [podcast]https:\/\/radiozapatista.org\/wp-content\/uploads\/2025\/08\/dia6-04.mp3[\/podcast]<\/p>\n\n\n\n<p>Casa Comunitaria (CDMX) [podcast]https:\/\/radiozapatista.org\/wp-content\/uploads\/2025\/08\/dia6-05.mp3[\/podcast]<\/p>\n\n\n\n<p>Plenaria, parte 1 [podcast]https:\/\/radiozapatista.org\/wp-content\/uploads\/2025\/08\/dia6-plenaria1.mp3[\/podcast]<\/p>\n\n\n\n<p>Plenaria, parte 2 [podcast]https:\/\/radiozapatista.org\/wp-content\/uploads\/2025\/08\/dia6-plenaria2.mp3[\/podcast]<\/p>\n\n\n\n<p>Comentario sobre la salud [podcast]https:\/\/radiozapatista.org\/wp-content\/uploads\/2025\/08\/dia6-plenaria01.mp3[\/podcast]<\/p>\n\n\n\n<p>Sobre los conflictos internos de las organizaciones [podcast]https:\/\/radiozapatista.org\/wp-content\/uploads\/2025\/08\/dia6-plenaria02.mp3[\/podcast]<\/p>\n\n\n\n<p>Sobre la conciencia y la concientizaci\u00f3n en los movimientos [podcast]https:\/\/radiozapatista.org\/wp-content\/uploads\/2025\/08\/dia6-plenaria03.mp3[\/podcast]<\/p>\n\n\n\n<p>Sobre la violencia sexual y el acoso en los movimientos, as\u00ed como la criminalizaci\u00f3n [podcast]https:\/\/radiozapatista.org\/wp-content\/uploads\/2025\/08\/dia6-plenaria04.mp3[\/podcast]<\/p>\n\n\n\n<p>Sobre c\u00f3mo se enfrenta el patriarcado [podcast]https:\/\/radiozapatista.org\/wp-content\/uploads\/2025\/08\/dia6-plenaria05.mp3[\/podcast]<\/p>\n\n\n\n<p>Sobre c\u00f3mo luchar en la ciudad [podcast]https:\/\/radiozapatista.org\/wp-content\/uploads\/2025\/08\/dia6-plenaria06.mp3[\/podcast]<\/p>\n\n\n\n<p>Foto de portada: Radio Pozol<\/p>\n","protected":false},"excerpt":{"rendered":"<p>El sexto d\u00eda del Encuentro de Resistencias y Rebeld\u00edas &#8220;Algunas partes del todo&#8221;, bases de apoyo zapatistas continuaron con la construcci\u00f3n colectiva de una champa, complementando la compartici\u00f3n de formas de vivir que no dependen de los productos del capital. En la tarde se retomaron las mesas de compartici\u00f3n. Compa\u00f1eras del Colectivo Antsetik Ts\u2019unun de [&hellip;]<\/p>\n","protected":false},"author":1,"featured_media":51587,"comment_status":"open","ping_status":"closed","sticky":false,"template":"","format":"standard","meta":{"footnotes":""},"categories":[1,957,6,955,954,961,190],"tags":[1502,626,917,1495,56,926,153,657],"class_list":["post-51567","post","type-post","status-publish","format-standard","has-post-thumbnail","hentry","category-audio","category-autonomia","category-chiapas","category-ezln-temas","category-mexico","category-mujeres","category-radiozapatista","tag-caracoles-zapatistas","tag-ccri","tag-chiapas","tag-el-dia-despues","tag-encuentros","tag-ezln","tag-morelia","tag-subcomandante-moises"],"_links":{"self":[{"href":"https:\/\/radiozapatista.org\/index.php?rest_route=\/wp\/v2\/posts\/51567","targetHints":{"allow":["GET"]}}],"collection":[{"href":"https:\/\/radiozapatista.org\/index.php?rest_route=\/wp\/v2\/posts"}],"about":[{"href":"https:\/\/radiozapatista.org\/index.php?rest_route=\/wp\/v2\/types\/post"}],"author":[{"embeddable":true,"href":"https:\/\/radiozapatista.org\/index.php?rest_route=\/wp\/v2\/users\/1"}],"replies":[{"embeddable":true,"href":"https:\/\/radiozapatista.org\/index.php?rest_route=%2Fwp%2Fv2%2Fcomments&post=51567"}],"version-history":[{"count":6,"href":"https:\/\/radiozapatista.org\/index.php?rest_route=\/wp\/v2\/posts\/51567\/revisions"}],"predecessor-version":[{"id":51811,"href":"https:\/\/radiozapatista.org\/index.php?rest_route=\/wp\/v2\/posts\/51567\/revisions\/51811"}],"wp:featuredmedia":[{"embeddable":true,"href":"https:\/\/radiozapatista.org\/index.php?rest_route=\/wp\/v2\/media\/51587"}],"wp:attachment":[{"href":"https:\/\/radiozapatista.org\/index.php?rest_route=%2Fwp%2Fv2%2Fmedia&parent=51567"}],"wp:term":[{"taxonomy":"category","embeddable":true,"href":"https:\/\/radiozapatista.org\/index.php?rest_route=%2Fwp%2Fv2%2Fcategories&post=51567"},{"taxonomy":"post_tag","embeddable":true,"href":"https:\/\/radiozapatista.org\/index.php?rest_route=%2Fwp%2Fv2%2Ftags&post=51567"}],"curies":[{"name":"wp","href":"https:\/\/api.w.org\/{rel}","templated":true}]}}