{"id":51533,"date":"2025-08-07T19:57:22","date_gmt":"2025-08-08T01:57:22","guid":{"rendered":"https:\/\/radiozapatista.org\/?p=51533"},"modified":"2025-08-08T10:04:31","modified_gmt":"2025-08-08T16:04:31","slug":"chiapas-detienen-a-defensor-de-migrantes-un-dia-antes-de-la-salida-de-nueva-caravana","status":"publish","type":"post","link":"https:\/\/radiozapatista.org\/?p=51533","title":{"rendered":"Chiapas: Detienen a defensor de migrantes un d\u00eda antes de la salida de nueva caravana"},"content":{"rendered":"\n<p>Fuente: <a href=\"https:\/\/avispa.org\/chiapas-detienen-a-defensor-de-migrantes-un-dia-antes-de-la-salida-de-nueva-caravana\/\">Avispa Midia<\/a><br>Por Jeny Pascacio<\/p>\n\n\n\n<p>El defensor de los derechos humanos de la comunidad migrante en Chiapas, Luis Garc\u00eda Villagr\u00e1n, fue detenido el martes (5) y trasladado a la Fiscal\u00eda General de la Rep\u00fablica (FGR) en Tapachula, un d\u00eda antes de la salida del \u00e9xodo de personas con necesidades de protecci\u00f3n internacional. A las 7h de este mi\u00e9rcoles (6) se confirm\u00f3 la salida de la nueva caravana desde Tapachula hacia el centro del pa\u00eds.&nbsp;<\/p>\n\n\n\n<p>Te puede interesar \u2013&nbsp;<a href=\"https:\/\/avispa.org\/chiapas-anuncian-nueva-caravana-migrante-tras-incapacidad-de-atencion-institucional\/\" target=\"_blank\" rel=\"noreferrer noopener\">Chiapas: anuncian nueva caravana migrante tras incapacidad de atenci\u00f3n institucional<\/a><\/p>\n\n\n\n<p>Seg\u00fan las primeras versiones, este martes (5) Villagr\u00e1n asisti\u00f3 a una asamblea para ultimar detalles del inicio del \u201c\u00c9xodo de la justicia\u201d, desde el parque Bicentenario, en Tapachula. El grupo busca acceder a los tr\u00e1mites para el refugio y visas humanitarias en M\u00e9xico.<\/p>\n\n\n\n<p>Posteriormente, nadie tuvo contacto con \u00e9l hasta que se comunic\u00f3 con su familia para confirmar la detenci\u00f3n por presunto tr\u00e1fico de personas. \u201cEsto fue repentino\u201d, se\u00f1alaron familiares en entrevista con&nbsp;<em>Avispa M\u00eddia<\/em>.<\/p>\n\n\n\n<p>Las autoridades contin\u00faan sin informar sobre los fundamentos legales del arresto de Garc\u00eda Villagr\u00e1n, pese al despliegue de un operativo militar que permaneci\u00f3 vigilante en las inmediaciones del Centro de Justicia Penal Federal, por la posibilidad de protestas por parte de la comunidad en movilidad humana.<\/p>\n\n\n\n<p>La familia solo recibi\u00f3 un bolet\u00edn informativo del Registro Nacional de Detenciones de la Secretar\u00eda de Seguridad y Protecci\u00f3n Ciudadana (SSyPC), donde se lee que el defensor fue detenido cerca del parque Bicentenario.&nbsp;<\/p>\n\n\n\n<p>\u201cPero no hemos tenido m\u00e1s informaci\u00f3n. Solo sabemos que es obra del gobierno traidor; el gobierno sigue fabricando delitos y se est\u00e1 ensa\u00f1ando con \u00e9l\u201d, dijeron los familiares y recordaron que no es la primera vez que Garc\u00eda Villagr\u00e1n es acusado de delitos que no cometi\u00f3.<\/p>\n\n\n\n<!--more-->\n\n\n\n<p>Hace meses, un juez lo absolvi\u00f3 de se\u00f1alamientos similares tras brindar acompa\u00f1amiento a una caravana migrante. \u201cNo hubo fundamentos y la autoridad determin\u00f3 que no hab\u00eda nada por lo cual condenarlo\u201d, a\u00f1adieron.<\/p>\n\n\n\n<p>En junio de este a\u00f1o, el defensor avis\u00f3 al Mecanismo de Protecci\u00f3n para Personas Defensoras de Derechos Humanos y Periodistas sobre las amenazas, el hostigamiento y el espionaje que padece por su labor en los derechos humanos de las personas en movilidad humana.&nbsp;<\/p>\n\n\n\n<p>\u201cAyer hab\u00eda mucha gente de civil afuera de la Comar [Comisi\u00f3n Mexicana de Ayuda a Refugiados]&nbsp;tomando foto y grabando. Hab\u00edan unas camionetas que cuando yo llegu\u00e9 estaban estacionadas y estaban grabando y tomando foto del lugar. Estaban tomando foto y grabando toda la actividad de don Luis\u201d, dijo una migrante venezolana.&nbsp;<\/p>\n\n\n\n<h3 class=\"wp-block-heading\" id=\"h-posicionamiento-politico-nbsp\"><strong>Posicionamiento pol\u00edtico&nbsp;<\/strong><\/h3>\n\n\n\n<p>Para Irineo Mujica Arzate de \u2018Pueblo sin fronteras\u2019, Omar Garc\u00eda Harfuch, secretario de la SSyPC, coordin\u00f3 la detenci\u00f3n. \u201cSe ha dedicado a encubrir la corrupci\u00f3n del Instituto Nacional de Migraci\u00f3n (INM) y de la Comar\u201d.&nbsp;<\/p>\n\n\n\n<p>\u201cEsto es altamente pol\u00edtico para callar la caravana, para que no salgan y es para encubrir la corrupci\u00f3n. Tenemos d\u00e9cadas denunciando c\u00f3mo el INM est\u00e1 extorsionando a los migrantes y los est\u00e1 llevando en trailers, c\u00f3mo sigue la Comar cobrando por todos los tr\u00e1mites, \u00a1dejense de criminalizarnos, de amedrentarnos para detener la caravana migrante!, \u00a1exigimos la liberaci\u00f3n de Luis Garc\u00eda Villagr\u00e1n!\u201d, enfatiz\u00f3 Mujica Arzate.&nbsp;<\/p>\n\n\n\n<p>El padre Hayman V\u00e1zquez acudi\u00f3 al Centro de Justicia Penal Federal y lament\u00f3 que el Estado utilice las fuerzas federales para la detenci\u00f3n de un defensor de los derechos humanos mientras pol\u00edticos coludidos con la delincuencia organizada siguen sin ser juzgados.&nbsp;<\/p>\n\n\n\n<p>\u201cEl gobierno mexicano es especialista en fabricar delitos, seguramente a Luis lo van a acusar\u2026 lo que ellos hacen, pero es el gobierno el que trafica con los migrantes y que se enriquece con los migrantes. Luis Villagr\u00e1n ha presentado denuncias en la fiscal\u00eda con pruebas y no pasa nada porque el gobierno tiene metidas las manos en el tr\u00e1fico de migrantes\u201d, dijo el p\u00e1rroco.<\/p>\n\n\n\n<p>Durante mucho tiempo, el defensor ha denunciado violencia, amenazas y hostigamiento. Tambi\u00e9n fue privado de la libertad por un c\u00e1rtel, que recibi\u00f3 tres millones de pesos del Estado para matarlo, seg\u00fan&nbsp;<a href=\"https:\/\/avispa.org\/militarizacion-del-proceso-migratorio-debe-continuar-con-nuevo-director-del-inm\/\">denunci\u00f3<\/a>&nbsp;\u00e9l mismo.&nbsp;<\/p>\n\n\n\n<p>Las amenazas aumentaron por las constantes se\u00f1alamientos de las irregularidades del gobierno federal en materia migratoria. Al no encontrar respaldo en las instituciones, anunci\u00f3 su salida de Chiapas con apoyo de organizaciones de protecci\u00f3n a defensores y periodistas.<\/p>\n\n\n\n<p>Aunque intent\u00f3 mantenerse al margen por las amenazas, la crisis migratoria se intensific\u00f3 con la llegada de Donald Trump a la Casa Blanca. Seg\u00fan las personas en movilidad, esto coincidi\u00f3 con un&nbsp;<a href=\"https:\/\/avispa.org\/solicitudes-de-refugio-en-mexico-caen-56-en-2024-inoperancia-de-la-comar-o-barreras-deliberadas\/\">aumento en la inoperancia y la corrupci\u00f3n<\/a>&nbsp;dentro de la Comar y el INM.<\/p>\n\n\n\n<p>La comunidad migrante recurri\u00f3 a Villagr\u00e1n para promover amparos ante jueces federales, forzados por el sistema de \u201ccobro por tr\u00e1mite\u201d en el INM y la Comar, en contubernio con abogados que tramitan los casos y cobran miles de pesos.<\/p>\n","protected":false},"excerpt":{"rendered":"<p>Fuente: Avispa MidiaPor Jeny Pascacio El defensor de los derechos humanos de la comunidad migrante en Chiapas, Luis Garc\u00eda Villagr\u00e1n, fue detenido el martes (5) y trasladado a la Fiscal\u00eda General de la Rep\u00fablica (FGR) en Tapachula, un d\u00eda antes de la salida del \u00e9xodo de personas con necesidades de protecci\u00f3n internacional. A las 7h [&hellip;]<\/p>\n","protected":false},"author":21,"featured_media":51534,"comment_status":"open","ping_status":"closed","sticky":false,"template":"","format":"standard","meta":{"footnotes":""},"categories":[51,6,826,958,954,959,935],"tags":[58,53,567,30,147,23,87,148,27],"class_list":["post-51533","post","type-post","status-publish","format-standard","has-post-thumbnail","hentry","category-autor","category-chiapas","category-medios-libres-2","category-megaproyectos","category-mexico","category-migracion","category-temas","tag-derechos-humanos","tag-justicia","tag-megaproyectos","tag-migracion","tag-militarizacion","tag-paramilitares","tag-represion","tag-resistencia","tag-solidaridad"],"_links":{"self":[{"href":"https:\/\/radiozapatista.org\/index.php?rest_route=\/wp\/v2\/posts\/51533","targetHints":{"allow":["GET"]}}],"collection":[{"href":"https:\/\/radiozapatista.org\/index.php?rest_route=\/wp\/v2\/posts"}],"about":[{"href":"https:\/\/radiozapatista.org\/index.php?rest_route=\/wp\/v2\/types\/post"}],"author":[{"embeddable":true,"href":"https:\/\/radiozapatista.org\/index.php?rest_route=\/wp\/v2\/users\/21"}],"replies":[{"embeddable":true,"href":"https:\/\/radiozapatista.org\/index.php?rest_route=%2Fwp%2Fv2%2Fcomments&post=51533"}],"version-history":[{"count":2,"href":"https:\/\/radiozapatista.org\/index.php?rest_route=\/wp\/v2\/posts\/51533\/revisions"}],"predecessor-version":[{"id":51536,"href":"https:\/\/radiozapatista.org\/index.php?rest_route=\/wp\/v2\/posts\/51533\/revisions\/51536"}],"wp:featuredmedia":[{"embeddable":true,"href":"https:\/\/radiozapatista.org\/index.php?rest_route=\/wp\/v2\/media\/51534"}],"wp:attachment":[{"href":"https:\/\/radiozapatista.org\/index.php?rest_route=%2Fwp%2Fv2%2Fmedia&parent=51533"}],"wp:term":[{"taxonomy":"category","embeddable":true,"href":"https:\/\/radiozapatista.org\/index.php?rest_route=%2Fwp%2Fv2%2Fcategories&post=51533"},{"taxonomy":"post_tag","embeddable":true,"href":"https:\/\/radiozapatista.org\/index.php?rest_route=%2Fwp%2Fv2%2Ftags&post=51533"}],"curies":[{"name":"wp","href":"https:\/\/api.w.org\/{rel}","templated":true}]}}