{"id":51528,"date":"2025-08-07T10:05:00","date_gmt":"2025-08-07T16:05:00","guid":{"rendered":"https:\/\/radiozapatista.org\/?p=51528"},"modified":"2025-08-07T12:07:34","modified_gmt":"2025-08-07T18:07:34","slug":"foro-para-la-defensa-del-territorio-frente-a-megaproyectos-en-la-chontal-e-istmo","status":"publish","type":"post","link":"https:\/\/radiozapatista.org\/?p=51528","title":{"rendered":"Foro para la defensa del territorio frente a megaproyectos en la Chontal e Istmo"},"content":{"rendered":"\n<p>Autoridades agrarias, organizaciones de la sociedad civil y organizaciones sociales, convocan al Foro regional: \u201cDefensa del Territorio y Autonom\u00eda frente a Megaproyectos en la Chontal e Istmo\u201d, a realizarse el 9 de agosto en Santo Domingo Tehuantepec, Oaxaca.<\/p>\n\n\n\n<p>Las comunidades chontales e istme\u00f1as enfrentan una ola de despojo disfrazada de desarrollo: miner\u00eda, proyectos tur\u00edsticos, concesiones de agua y el Corredor Interoce\u00e1nico amenazan sus territorios y formas de vida.<\/p>\n\n\n\n<p>Ante este contexto, las autoridades comunitarias, organizaciones, colectivos, defensoras y defensores del territorio invitan a este foro regional \u201cpara escucharnos, compartir experiencias, estrategias y articularnos como pueblos para la defensa de la propiedad social, la vida comunitaria y nuestra autonom\u00eda\u201d.<\/p>\n\n\n\n<p>Con estas mismas reflexiones tanto similares como urgentes, en d\u00edas pasados se celebr\u00f3 en Chiapas el \u201cEncuentro Internacional en Defensa de la Vida: el ma\u00edz, el agua, El territorio y la madre tierra\u201d, en el que se denunci\u00f3 que los territorios de los pueblos originarios se encuentran amenazados por los megaproyectos de los gobiernos federal y estatales, la militarizaci\u00f3n y la presencia del crimen organizado.<\/p>\n\n\n\n<p>\u201cNuestros territorios tienen una gran diversidad biocultural que nos han heredado nuestros ancestros y ancestras, las cuales est\u00e1n puestas en grave peligro a causa de un modelo de desarrollo extractivista que, bajo la l\u00f3gica individualista, capitalista y patriarcal, nos est\u00e1 despojando de todo lo que nos da vida\u201c.<\/p>\n\n\n\n<p>\u201cLos territorios de los pueblos originarios se encuentran amenazados por los megaproyectos de los gobiernos federal y estatales, la militarizaci\u00f3n y la presencia del crimen organizado\u201d.<\/p>\n\n\n\n<p>En el caso de Oaxaca se mencionaron las luchas de comunidades y organizaciones de la sociedad civil contra el Corredor Interoce\u00e1nico, la presa Margarita Maza de Ju\u00e1rez y las concesiones mineras.<\/p>\n\n\n\n<p><\/p>\n","protected":false},"excerpt":{"rendered":"<p>Autoridades agrarias, organizaciones de la sociedad civil y organizaciones sociales, convocan al Foro regional: \u201cDefensa del Territorio y Autonom\u00eda frente a Megaproyectos en la Chontal e Istmo\u201d, a realizarse el 9 de agosto en Santo Domingo Tehuantepec, Oaxaca. Las comunidades chontales e istme\u00f1as enfrentan una ola de despojo disfrazada de desarrollo: miner\u00eda, proyectos tur\u00edsticos, concesiones [&hellip;]<\/p>\n","protected":false},"author":1,"featured_media":51529,"comment_status":"open","ping_status":"closed","sticky":false,"template":"","format":"standard","meta":{"footnotes":""},"categories":[957,943,958,954],"tags":[1288,579,79,56,171,567,147,137,918,545,483],"class_list":["post-51528","post","type-post","status-publish","format-standard","has-post-thumbnail","hentry","category-autonomia","category-cni","category-megaproyectos","category-mexico","tag-4t","tag-agua","tag-autonomia","tag-encuentros","tag-medio-ambiente","tag-megaproyectos","tag-militarizacion","tag-mineria","tag-oaxaca","tag-pueblos-indigenas","tag-tierra-y-territorio"],"_links":{"self":[{"href":"https:\/\/radiozapatista.org\/index.php?rest_route=\/wp\/v2\/posts\/51528","targetHints":{"allow":["GET"]}}],"collection":[{"href":"https:\/\/radiozapatista.org\/index.php?rest_route=\/wp\/v2\/posts"}],"about":[{"href":"https:\/\/radiozapatista.org\/index.php?rest_route=\/wp\/v2\/types\/post"}],"author":[{"embeddable":true,"href":"https:\/\/radiozapatista.org\/index.php?rest_route=\/wp\/v2\/users\/1"}],"replies":[{"embeddable":true,"href":"https:\/\/radiozapatista.org\/index.php?rest_route=%2Fwp%2Fv2%2Fcomments&post=51528"}],"version-history":[{"count":1,"href":"https:\/\/radiozapatista.org\/index.php?rest_route=\/wp\/v2\/posts\/51528\/revisions"}],"predecessor-version":[{"id":51530,"href":"https:\/\/radiozapatista.org\/index.php?rest_route=\/wp\/v2\/posts\/51528\/revisions\/51530"}],"wp:featuredmedia":[{"embeddable":true,"href":"https:\/\/radiozapatista.org\/index.php?rest_route=\/wp\/v2\/media\/51529"}],"wp:attachment":[{"href":"https:\/\/radiozapatista.org\/index.php?rest_route=%2Fwp%2Fv2%2Fmedia&parent=51528"}],"wp:term":[{"taxonomy":"category","embeddable":true,"href":"https:\/\/radiozapatista.org\/index.php?rest_route=%2Fwp%2Fv2%2Fcategories&post=51528"},{"taxonomy":"post_tag","embeddable":true,"href":"https:\/\/radiozapatista.org\/index.php?rest_route=%2Fwp%2Fv2%2Ftags&post=51528"}],"curies":[{"name":"wp","href":"https:\/\/api.w.org\/{rel}","templated":true}]}}