{"id":51503,"date":"2025-08-07T11:03:43","date_gmt":"2025-08-07T17:03:43","guid":{"rendered":"https:\/\/radiozapatista.org\/?p=51503"},"modified":"2025-08-14T19:34:33","modified_gmt":"2025-08-15T01:34:33","slug":"dia-4-encuentro-de-resistencias-y-rebeldias-algunas-partes-del-todo","status":"publish","type":"post","link":"https:\/\/radiozapatista.org\/?p=51503","title":{"rendered":"D\u00eda 4 \u2013 Encuentro de Resistencias y Rebeld\u00edas \u201cAlgunas partes del todo\u201d"},"content":{"rendered":"\n<p>El cuarto d\u00eda del <a href=\"https:\/\/radiozapatista.org\/?page_id=51802\">Encuentro de Resistencias y Rebeld\u00edas &#8220;Algunas partes del todo&#8221;<\/a>, que se lleva a cabo en el semillero Comandanta Ramona del Caracol de Morelia del 3 al 16 de agosto, continu\u00f3 con compartici\u00f3n de luchas en el Estado Espa\u00f1ol, Italia, Grecia, Brasil, Francia y Ecuador, as\u00ed como varias geograf\u00edas de M\u00e9xico.<\/p>\n\n\n\n<p>Como siempre, Palestina estuvo presente en las palabras de muchas de las organizaciones y colectivos y en las acciones de solidaridad. Entre ellos, Pallasos en Rebeld\u00eda del Estado Espa\u00f1ol, que desde hace d\u00e9cadas trabaja en Palestina. En Francia, la red internacional BDS se organiza para combatir el genocidio del pueblo palestino por medio de campa\u00f1as globales de Boicot, Desinversi\u00f3n y Sanciones. <\/p>\n\n\n\n<p>La organizaci\u00f3n Desde el Margen en Ecuador comparti\u00f3 la situaci\u00f3n de violencia criminal y estatal en ese pa\u00eds y las acciones para enfrentarla. En Francia, el sindicato de base Educaci\u00f3n Solidaria defiende los derechos de los trabajadores de la educaci\u00f3n y trabajan para la transformaci\u00f3n social por medio de la educaci\u00f3n. En pleno Atenas central, en Grecia, la Comunidad Okupa de Prosfygika es una comunidad autogestionada de 1.5 hect\u00e1reas que alberga 400 personas de 27 nacionalidades. En Sicilia, Terra Insumisa Alcamo es una plataforma de investigaci\u00f3n radical sobre pr\u00e1cticas ecol\u00f3gicas orientadas a la autonom\u00eda y defensa de la tierra y el territorio. En el Estado Espa\u00f1ol, Sieso de Jaca es un pueblo abandonado que fue ocupado por un grupo de personas orientadas por &#8220;el com\u00fan&#8221;, donde todo se decide en colectivo y no existe la propiedad privada. En Brasil, el pueblo guaran\u00ed Tenond\u00e9 Por\u00e3 resiste y construye la autonom\u00eda en tierras recuperadas. <\/p>\n\n\n\n<p>En M\u00e9xico, faciliadores se organizan en la Red \u00c1gil para acuerpar comunidades en lucha y contribuir para un cambio de lo piramidal a lo participativo. El movimiento Deuda por Clima trabaja para la anular las deudas ileg\u00edtimas del sur global. Tambi\u00e9n en M\u00e9xico, diversas organizaciones y colectivos se organizan para ofrecer atenci\u00f3n a la salud mental en contextos de terror de Estado. En el Estado de M\u00e9xico, las periferias se organizan con encuentros pol\u00edticos y sociales para construir alternativas fundamentadas en la autonom\u00eda, uniendo diversos procesos de lucha.<\/p>\n\n\n\n<p>Lxs j\u00f3venxs zapatistas presentaron una obra de teatro donde, tras el llamado de los muertos en la obra anterior, se re\u00fanen los miembros de la Comandancia y de las Juntas de Buen Gobierno para analizar no s\u00f3lo las fallas, sino tambi\u00e9n los logros de la estructura piramidal del gobierno aut\u00f3nomo desde la creaci\u00f3n de los MAREZ y Juntas de Buen Gobierno. Despu\u00e9s, ense\u00f1an el camino de la resistencia y la rebeld\u00eda, de la construcci\u00f3n de una vida digna por medio del com\u00fan, a las nuevas generaciones, representadas por un grupo de \u00f3vulos y espermas, &#8220;ag\u00fcitas&#8221;, quienes llevar\u00e1n adelante la lucha por la vida.<\/p>\n\n\n\n<figure class=\"wp-block-embed is-type-video is-provider-youtube wp-block-embed-youtube wp-embed-aspect-16-9 wp-has-aspect-ratio\"><div class=\"wp-block-embed__wrapper\">\n<iframe loading=\"lazy\" title=\"Encuentro Zapatista &quot;Las partes del Todo &quot;D\u00eda 4 Obra de Teatro\" width=\"500\" height=\"281\" src=\"https:\/\/www.youtube.com\/embed\/PPSSWoeO3t0?feature=oembed\" frameborder=\"0\" allow=\"accelerometer; autoplay; clipboard-write; encrypted-media; gyroscope; picture-in-picture; web-share\" referrerpolicy=\"strict-origin-when-cross-origin\" allowfullscreen><\/iframe>\n<\/div><\/figure>\n\n\n\n<p>Compartimos aqu\u00ed los audios de la mayor\u00eda de las presentaciones en este cuarto d\u00eda del encuentro.<\/p>\n\n\n\n<p>Pallasos en Rebeld\u00eda (Estado Espa\u00f1ol)[podcast]https:\/\/radiozapatista.org\/wp-content\/uploads\/2025\/08\/Dia4_M1_01.mp3[\/podcast]<\/p>\n\n\n\n<p>Red \u00c1gil \/ Alianza R\u00edos Maya (M\u00e9xico)[podcast]https:\/\/radiozapatista.org\/wp-content\/uploads\/2025\/08\/Dia4_M1_02.mp3[\/podcast]<\/p>\n\n\n\n<p>Monira y Yosibel, Sindicato de base Sud \u00c9ducation Solidaire (Francia)[podcast]https:\/\/radiozapatista.org\/wp-content\/uploads\/2025\/08\/Dia4_M2_01.mp3[\/podcast]<\/p>\n\n\n\n<p>Organizaci\u00f3n Desde el Margen (Ecuador)[podcast]https:\/\/radiozapatista.org\/wp-content\/uploads\/2025\/08\/Dia4_M2_02.mp3[\/podcast]<\/p>\n\n\n\n<p>Comentarios del Subcomandante Mois\u00e9s[podcast]https:\/\/radiozapatista.org\/wp-content\/uploads\/2025\/08\/Dia4_M2_03Sup-Moi.mp3[\/podcast]<\/p>\n\n\n\n<p>Segunda intervenci\u00f3n del Subcomandante Mois\u00e9s[podcast]https:\/\/radiozapatista.org\/wp-content\/uploads\/2025\/08\/Dia4_M2_04SupMoi.mp3[\/podcast]<\/p>\n\n\n\n<p>Deuda x Clima (M\u00e9xico)[podcast]https:\/\/radiozapatista.org\/wp-content\/uploads\/2025\/08\/Dia4_M1_01.mp3[\/podcast]<\/p>\n\n\n\n<p>Comentario del Subcomandante Mois\u00e9s[podcast]https:\/\/radiozapatista.org\/wp-content\/uploads\/2025\/08\/Dia4_MD1_02SupMoi.mp3[\/podcast]<\/p>\n\n\n\n<p>Comentario Deuda x Clima[podcast]https:\/\/radiozapatista.org\/wp-content\/uploads\/2025\/08\/Dia4_MD1_03.mp3[\/podcast]<\/p>\n\n\n\n<p>Seg\u00fan Comentario del Subcomandante Mois\u00e9s[podcast]https:\/\/radiozapatista.org\/wp-content\/uploads\/2025\/08\/Dia4_MD1_04SupMoi.mp3[\/podcast]<\/p>\n\n\n\n<p>Valentina Victoria \u2013 salud mental (M\u00e9xico)[podcast]https:\/\/radiozapatista.org\/wp-content\/uploads\/2025\/08\/Dia4_MD2_01.mp3[\/podcast]<\/p>\n\n\n\n<p><a href=\"https:\/\/bdsmovement.net\/es\/what-is-bds\">Boicot, Desinversi\u00f3n y Sanciones (BDS)<\/a> (Francia)[podcast]https:\/\/radiozapatista.org\/wp-content\/uploads\/2025\/08\/Dia4_T1_01.mp3[\/podcast]<\/p>\n\n\n\n<p>Comunidad Okupa de Prosfygika (Grecia)[podcast]https:\/\/radiozapatista.org\/wp-content\/uploads\/2025\/08\/Dia4_T1_02.mp3[\/podcast]<\/p>\n\n\n\n<p>Colectivo Terra Insumisa Alcamo y la Red Sicilia Sud Globale (Italia)[podcast]https:\/\/radiozapatista.org\/wp-content\/uploads\/2025\/08\/Dia4_T1_03.mp3[\/podcast]<\/p>\n\n\n\n<p>Las periferias existen porque resisten (Estado de M\u00e9xico)[podcast]https:\/\/radiozapatista.org\/wp-content\/uploads\/2025\/08\/Dia4_T2_01.mp3[\/podcast]<\/p>\n\n\n\n<p>Di\u00e1logo con el Subcomandante Mois\u00e9s[podcast]https:\/\/radiozapatista.org\/wp-content\/uploads\/2025\/08\/Dia4_T2_02-SupMoi.mp3[\/podcast]<\/p>\n\n\n\n<p>Sieso de Jaca Pueblo Ocupado (Estado Espa\u00f1ol)[podcast]https:\/\/radiozapatista.org\/wp-content\/uploads\/2025\/08\/Dia4_T2_03.mp3[\/podcast]<\/p>\n\n\n\n<p>Colectivo del Territorio Guaran\u00ed Tenond\u00e9 Por\u00e3 (Brasil)[podcast]https:\/\/radiozapatista.org\/wp-content\/uploads\/2025\/08\/Dia4_T2_04.mp3[\/podcast]<\/p>\n\n\n\n<p>Foto de portada: Radio Pozol<br>Video de la obra zapatista: Tejemedios<\/p>\n","protected":false},"excerpt":{"rendered":"<p>El cuarto d\u00eda del Encuentro de Resistencias y Rebeld\u00edas &#8220;Algunas partes del todo&#8221;, que se lleva a cabo en el semillero Comandanta Ramona del Caracol de Morelia del 3 al 16 de agosto, continu\u00f3 con compartici\u00f3n de luchas en el Estado Espa\u00f1ol, Italia, Grecia, Brasil, Francia y Ecuador, as\u00ed como varias geograf\u00edas de M\u00e9xico. Como [&hellip;]<\/p>\n","protected":false},"author":1,"featured_media":51513,"comment_status":"open","ping_status":"closed","sticky":false,"template":"","format":"standard","meta":{"footnotes":""},"categories":[1,957,6,955,954,190,222],"tags":[79,1502,917,1495,56,926,153,148],"class_list":["post-51503","post","type-post","status-publish","format-standard","has-post-thumbnail","hentry","category-audio","category-autonomia","category-chiapas","category-ezln-temas","category-mexico","category-radiozapatista","category-video","tag-autonomia","tag-caracoles-zapatistas","tag-chiapas","tag-el-dia-despues","tag-encuentros","tag-ezln","tag-morelia","tag-resistencia"],"_links":{"self":[{"href":"https:\/\/radiozapatista.org\/index.php?rest_route=\/wp\/v2\/posts\/51503","targetHints":{"allow":["GET"]}}],"collection":[{"href":"https:\/\/radiozapatista.org\/index.php?rest_route=\/wp\/v2\/posts"}],"about":[{"href":"https:\/\/radiozapatista.org\/index.php?rest_route=\/wp\/v2\/types\/post"}],"author":[{"embeddable":true,"href":"https:\/\/radiozapatista.org\/index.php?rest_route=\/wp\/v2\/users\/1"}],"replies":[{"embeddable":true,"href":"https:\/\/radiozapatista.org\/index.php?rest_route=%2Fwp%2Fv2%2Fcomments&post=51503"}],"version-history":[{"count":10,"href":"https:\/\/radiozapatista.org\/index.php?rest_route=\/wp\/v2\/posts\/51503\/revisions"}],"predecessor-version":[{"id":51813,"href":"https:\/\/radiozapatista.org\/index.php?rest_route=\/wp\/v2\/posts\/51503\/revisions\/51813"}],"wp:featuredmedia":[{"embeddable":true,"href":"https:\/\/radiozapatista.org\/index.php?rest_route=\/wp\/v2\/media\/51513"}],"wp:attachment":[{"href":"https:\/\/radiozapatista.org\/index.php?rest_route=%2Fwp%2Fv2%2Fmedia&parent=51503"}],"wp:term":[{"taxonomy":"category","embeddable":true,"href":"https:\/\/radiozapatista.org\/index.php?rest_route=%2Fwp%2Fv2%2Fcategories&post=51503"},{"taxonomy":"post_tag","embeddable":true,"href":"https:\/\/radiozapatista.org\/index.php?rest_route=%2Fwp%2Fv2%2Ftags&post=51503"}],"curies":[{"name":"wp","href":"https:\/\/api.w.org\/{rel}","templated":true}]}}