{"id":51482,"date":"2025-08-06T10:52:56","date_gmt":"2025-08-06T16:52:56","guid":{"rendered":"https:\/\/radiozapatista.org\/?p=51482"},"modified":"2025-08-14T19:35:06","modified_gmt":"2025-08-15T01:35:06","slug":"dia-3-encuentro-de-resistencias-y-rebeldias-algunas-partes-del-todo","status":"publish","type":"post","link":"https:\/\/radiozapatista.org\/?p=51482","title":{"rendered":"D\u00eda 3 &#8211; Encuentro de Resistencias y Rebeld\u00edas &#8220;Algunas partes del todo&#8221;"},"content":{"rendered":"\n<p>El tercer d\u00eda de este gran <a href=\"https:\/\/radiozapatista.org\/?page_id=51802\">encuentro de resistencias y rebeld\u00edas<\/a> en territorio zapatista escuchamos y dialogamos sobre pr\u00e1cticas de lucha de algunas partes de M\u00e9xico y de otras geograf\u00edas (Grecia, Brasil, Italia, Estados Unidos, Chipre, Uruguay, as\u00ed como esfuerzos transnacionales).<\/p>\n\n\n\n<p>Pueblos originarios chichimecas de Jalisco defienden el territorio de diferentes formas de despojo violento. En las periferias del Estado de M\u00e9xico, diversos colectivos se unen para resistir por medio de la cultura popular. Desde el mundo acad\u00e9mico en la Ciudad de M\u00e9xico, una red feminista se pregunta qu\u00e9 es y qu\u00e9 deber\u00eda ser la universidad y se organizan para transformarla. Del trabajo educativo con la poblaci\u00f3n tsotsil desplazada en San Pedro Polh\u00f3, Chiapas, surge un bello libro que nos desaf\u00eda a repensar la educaci\u00f3n. <\/p>\n\n\n\n<p>En Atenas, Grecia, un centro social lucha por los derechos pol\u00edticos y sociales, apoya a lxs migrantes y mucho m\u00e1s. En Brasil, un colectivo se organiza alrededor de la educaci\u00f3n popular. En Italia, psic\u00f3logos se organizan en una asociaci\u00f3n internacional de voluntariado con acciones de salud mental desde y para las comunidades. Tambi\u00e9n en Italia, una organizaci\u00f3n realiza acciones en solidaridad con las comunidades zapatistas, construye un centro de documentaci\u00f3n y estudio, y se moviliza para enfrentar m\u00faltiples embestidas del capital y del Estado contra los de abajo en el contexto local. En Estados Unidos, colectivos adherentes a la Sexta se organizan en red para resistir desde el coraz\u00f3n del capitalismo. En Chipre, un colectivo se organiza para resistir la imposici\u00f3n de un Estado autoritario y violento. En Uruguay, un colectivo lucha por la memoria contra la impunidad en ese pa\u00eds, as\u00ed como en M\u00e9xico y en otras partes del mundo. De muchas partes del mundo, colectivos, organizaciones e individuos organizados en red impulsan acciones internacionalistas desde abajo, basadas en la ayuda mutua y el intercambio de experiencias.<\/p>\n\n\n\n<p>Por otro lado, la juventud zapatista present\u00f3 la obra &#8220;Los males de la pir\u00e1mide&#8221;, donde exploraron las dificultades que enfrentaron en los casi 30 a\u00f1os de vida de los Municipios Aut\u00f3nomos Rebeldes Zapatistas y los 20 a\u00f1os de las Juntas de Buen Gobierno, que los llev\u00f3 a los grandes cambios en las estructuras del gobierno civil aut\u00f3nomo que se implementaron en 2023. El problema, explic\u00f3 el Subcomandante Mois\u00e9s al terminar la obra, es la pir\u00e1mide. La estructura de gobierno aut\u00f3nomo zapatista (Juntas de Buen Gobierno &#8211; Municipios Aut\u00f3nomos &#8211; Comunidades), que durante dos d\u00e9cadas represent\u00f3 una de las m\u00e1s audaces experiencias de democracia directa del mundo, se revel\u00f3 deficiente justamente debido a su forma piramidal. Ni qu\u00e9 decir de la estructura piramidal de la supuesta democracia liberal que rige nuestro pa\u00eds y la mayor parte del mundo. El camino trazado hoy por el zapatismo es tumbar todas las pir\u00e1mides. As\u00ed, la gran pir\u00e1mide plantada en la explanada del semillero Comandanta Ramona del Caracol de Morelia fue destruida en colectivo, para la alegr\u00eda de todas y todos. Tras su destrucci\u00f3n, lo que permanece es la base, o sea, el pueblo. De qu\u00e9 manera se organizar\u00e1 para construir una sociedad otra, sin la pir\u00e1mide que la oprim\u00eda, a\u00fan est\u00e1 por verse. En los pr\u00f3ximos d\u00edas, el zapatismo nos ir\u00e1 mostrando, con sus obras de teatro y sus palabras, pero sobre todo con sus acciones, el camino que ya est\u00e1 caminando.<\/p>\n\n\n\n<figure class=\"wp-block-embed is-type-video is-provider-youtube wp-block-embed-youtube wp-embed-aspect-16-9 wp-has-aspect-ratio\"><div class=\"wp-block-embed__wrapper\">\n<iframe loading=\"lazy\" title=\"Encuentro de Resistencias y Rebeld\u00edas algunas partes del todo\" width=\"500\" height=\"281\" src=\"https:\/\/www.youtube.com\/embed\/fAlFJo3ElAc?feature=oembed\" frameborder=\"0\" allow=\"accelerometer; autoplay; clipboard-write; encrypted-media; gyroscope; picture-in-picture; web-share\" referrerpolicy=\"strict-origin-when-cross-origin\" allowfullscreen><\/iframe>\n<\/div><\/figure>\n\n\n\n<p>Compartimos aqu\u00ed los audios de la mayor\u00eda de las palabras de los participantes en este cuarto d\u00eda del encuentro.<\/p>\n\n\n\n<p>Presentaci\u00f3n del libro <em>Ta Spol Be <\/em>(<em>Abriendo camino<\/em>), un proyecto educativo con poblaci\u00f3n Tsotsil desplazada en el Municipio Aut\u00f3nomo Rebelde Zapatista de San Pedro Polh\u00f3 (Chiapas)[podcast]https:\/\/radiozapatista.org\/wp-content\/uploads\/2025\/08\/dia3-01.mp3[\/podcast]<\/p>\n\n\n\n<p>Centro Social en Atenas (Grecia)[podcast]https:\/\/radiozapatista.org\/wp-content\/uploads\/2025\/08\/dia3-02.mp3[\/podcast]<\/p>\n\n\n\n<p>Centro Educativo Popular y colectivos de las periferias del Estado de M\u00e9xico[podcast]https:\/\/radiozapatista.org\/wp-content\/uploads\/2025\/08\/dia3-03.mp3[\/podcast]<\/p>\n\n\n\n<p>Red de Feminismos Descoloniales (Ciudad de M\u00e9xico)[podcast]https:\/\/radiozapatista.org\/wp-content\/uploads\/2025\/08\/dia3-04.mp3[\/podcast]<\/p>\n\n\n\n<p>Colectivo de Educaci\u00f3n Popular y solidaridad con Aldea Maracan\u00e1 (Brasil)[podcast]https:\/\/radiozapatista.org\/wp-content\/uploads\/2025\/08\/dia3-05.mp3[\/podcast]<\/p>\n\n\n\n<p>Asociaci\u00f3n Psic\u00f3logos en el Mundo (Italia)[podcast]https:\/\/radiozapatista.org\/wp-content\/uploads\/2025\/08\/dia3-06.mp3[\/podcast]<\/p>\n\n\n\n<p>Sexta Grietas del Norte (Estados Unidos)[podcast]https:\/\/radiozapatista.org\/wp-content\/uploads\/2025\/08\/dia3-07.mp3[\/podcast]<\/p>\n\n\n\n<p>Colectivo Ramona (Chipre)[podcast]https:\/\/radiozapatista.org\/wp-content\/uploads\/2025\/08\/dia3-08.mp3[\/podcast]<\/p>\n\n\n\n<p>Comentario del Subcomandante Mois\u00e9s[podcast]https:\/\/radiozapatista.org\/wp-content\/uploads\/2025\/08\/dia3-09.mp3[\/podcast]<\/p>\n\n\n\n<p>Contra la Impunidad (Uruguay)[podcast]https:\/\/radiozapatista.org\/wp-content\/uploads\/2025\/08\/dia3-10.mp3[\/podcast]<\/p>\n\n\n\n<p>Consejo General de Pueblos Ind\u00edgenas de San Juan de la Laguna (Jalisco)[podcast]https:\/\/radiozapatista.org\/wp-content\/uploads\/2025\/08\/dia3-11.mp3[\/podcast]<\/p>\n\n\n\n<p><a href=\"https:\/\/thepeopleswant.org\/es\/\">Los pueblos quieren<\/a> (Red internacionalista)[podcast]https:\/\/radiozapatista.org\/wp-content\/uploads\/2025\/08\/dia3-12.mp3[\/podcast]<\/p>\n\n\n\n<p>Cooperazione Rebelde Napoli (Italia)[podcast]https:\/\/radiozapatista.org\/wp-content\/uploads\/2025\/08\/dia3-13.mp3[\/podcast]<\/p>\n","protected":false},"excerpt":{"rendered":"<p>El tercer d\u00eda de este gran encuentro de resistencias y rebeld\u00edas en territorio zapatista escuchamos y dialogamos sobre pr\u00e1cticas de lucha de algunas partes de M\u00e9xico y de otras geograf\u00edas (Grecia, Brasil, Italia, Estados Unidos, Chipre, Uruguay, as\u00ed como esfuerzos transnacionales). Pueblos originarios chichimecas de Jalisco defienden el territorio de diferentes formas de despojo violento. [&hellip;]<\/p>\n","protected":false},"author":1,"featured_media":51500,"comment_status":"open","ping_status":"closed","sticky":false,"template":"","format":"standard","meta":{"footnotes":""},"categories":[1,957,6,955,954,190,222],"tags":[79,1502,56,153,148,27,657],"class_list":["post-51482","post","type-post","status-publish","format-standard","has-post-thumbnail","hentry","category-audio","category-autonomia","category-chiapas","category-ezln-temas","category-mexico","category-radiozapatista","category-video","tag-autonomia","tag-caracoles-zapatistas","tag-encuentros","tag-morelia","tag-resistencia","tag-solidaridad","tag-subcomandante-moises"],"_links":{"self":[{"href":"https:\/\/radiozapatista.org\/index.php?rest_route=\/wp\/v2\/posts\/51482","targetHints":{"allow":["GET"]}}],"collection":[{"href":"https:\/\/radiozapatista.org\/index.php?rest_route=\/wp\/v2\/posts"}],"about":[{"href":"https:\/\/radiozapatista.org\/index.php?rest_route=\/wp\/v2\/types\/post"}],"author":[{"embeddable":true,"href":"https:\/\/radiozapatista.org\/index.php?rest_route=\/wp\/v2\/users\/1"}],"replies":[{"embeddable":true,"href":"https:\/\/radiozapatista.org\/index.php?rest_route=%2Fwp%2Fv2%2Fcomments&post=51482"}],"version-history":[{"count":7,"href":"https:\/\/radiozapatista.org\/index.php?rest_route=\/wp\/v2\/posts\/51482\/revisions"}],"predecessor-version":[{"id":51814,"href":"https:\/\/radiozapatista.org\/index.php?rest_route=\/wp\/v2\/posts\/51482\/revisions\/51814"}],"wp:featuredmedia":[{"embeddable":true,"href":"https:\/\/radiozapatista.org\/index.php?rest_route=\/wp\/v2\/media\/51500"}],"wp:attachment":[{"href":"https:\/\/radiozapatista.org\/index.php?rest_route=%2Fwp%2Fv2%2Fmedia&parent=51482"}],"wp:term":[{"taxonomy":"category","embeddable":true,"href":"https:\/\/radiozapatista.org\/index.php?rest_route=%2Fwp%2Fv2%2Fcategories&post=51482"},{"taxonomy":"post_tag","embeddable":true,"href":"https:\/\/radiozapatista.org\/index.php?rest_route=%2Fwp%2Fv2%2Ftags&post=51482"}],"curies":[{"name":"wp","href":"https:\/\/api.w.org\/{rel}","templated":true}]}}