{"id":51478,"date":"2025-08-05T15:12:16","date_gmt":"2025-08-05T21:12:16","guid":{"rendered":"https:\/\/radiozapatista.org\/?p=51478"},"modified":"2025-08-22T09:58:16","modified_gmt":"2025-08-22T15:58:16","slug":"resumen-de-la-primera-participacion-zapatista-en-el-encuentro-de-resistencias-y-rebeldias-dia-4-de-agosto-del-2025-4-de-agosto-2025","status":"publish","type":"post","link":"https:\/\/radiozapatista.org\/?p=51478","title":{"rendered":"Resumen: de la primera participaci\u00f3n zapatista en el Encuentro de Resistencias y Rebeld\u00edas, d\u00eda 4 de agosto del 2025 | 4 de agosto 2025"},"content":{"rendered":"\n<p class=\"has-text-align-center\"><strong>Resumen: de la primera participaci\u00f3n zapatista en el <\/strong><br><strong>Encuentro de Resistencias y Rebeld\u00edas, d\u00eda 4 de agosto del 2025:<\/strong><\/p>\n\n\n\n<p>&nbsp; En la asamblea de una comunidad zapatista, est\u00e1n discutiendo c\u00f3mo se van a organizar por los problemas que hay en los municipios aut\u00f3nomos rebeldes zapatistas y las juntas de buen gobierno.&nbsp; Entonces llegan unos enviados de la asamblea de nuestros muertos y muertas, quienes murieron luchando por libertad y justicia.&nbsp; Esos enviados citan a la asamblea de vivos a que rindan cuentas frente a los ca\u00eddos en tantos a\u00f1os de lucha.&nbsp; Los vivos quieren mandar una comisi\u00f3n, pero les dicen que no, tienen que asistir todos y todas.&nbsp; En la asamblea de los ca\u00eddos les explican a los vivos c\u00f3mo ha sido la lucha por siglos, que luchan y mueren y siempre queda alguien arriba, en la punta de la pir\u00e1mide.&nbsp; Entonces los muertos les demandan a los vivos que no repitan lo mismo, que no copien o calquen lo que da el sistema de la pir\u00e1mide.&nbsp; Les dicen que ellos, los vivos, tienen que ver que vali\u00f3 la pena la lucha y no terminar en lo mismo de antes.<\/p>\n\n\n\n<p>&nbsp; (No s\u00e9 ustedes, pero creo que est\u00e1n juzgando y sentenciando la pir\u00e1mide.&nbsp; \u00bfSer\u00e1 absuelta o condenada?&nbsp; No s\u00e9, pero creo que algo significa esa construcci\u00f3n que flanquea la presentaci\u00f3n teatral y que algo va a pasar.&nbsp; Oh, lo s\u00e9, es s\u00f3lo un supositorio, alentado por los rumores que llegan a esta capitan\u00eda de puerto.&nbsp; As\u00ed que habr\u00e1 que esperar las siguientes partes para tener la imagen del todo).<\/p>\n\n\n\n<figure class=\"wp-block-image\"><img decoding=\"async\" src=\"https:\/\/i0.wp.com\/enlacezapatista.ezln.org.mx\/wp-content\/uploads\/2023\/11\/firma.png?resize=321%2C260&amp;ssl=1\" alt=\"\" class=\"wp-image-24439\"\/><\/figure>\n\n\n\n<p>El Capit\u00e1n.<br>Agosto del 2025.<\/p>\n\n\n\n<figure class=\"wp-block-embed is-type-video is-provider-vimeo wp-block-embed-vimeo\"><div class=\"wp-block-embed__wrapper\">\n<iframe loading=\"lazy\" title=\"Resumen: de la primera participaci\u00f3n zapatista en el Encuentro de Resistencias y Rebeld\u00edas, d\u00eda 4 de agosto del 2025\" src=\"https:\/\/player.vimeo.com\/video\/1107527397?dnt=1&amp;app_id=122963\" width=\"500\" height=\"281\" frameborder=\"0\" allow=\"autoplay; fullscreen; picture-in-picture; clipboard-write; encrypted-media; web-share\" referrerpolicy=\"strict-origin-when-cross-origin\"><\/iframe>\n<\/div><\/figure>\n\n\n\n<figure class=\"wp-block-image\"><a class=\"a2a_dd addtoany_share_save addtoany_share\" href=\"https:\/\/www.addtoany.com\/share#url=https%3A%2F%2Fenlacezapatista.ezln.org.mx%2F2025%2F08%2F05%2Fresumen-de-la-primera-participacion-zapatista-en-el-encuentro-de-resistencias-y-rebeldias-dia-4-de-agosto-del-2025%2F&amp;title=Resumen%3A%20de%20la%20primera%20participaci%C3%B3n%20zapatista%20en%20el%20Encuentro%20de%20Resistencias%20y%20Rebeld%C3%ADas%2C%20d%C3%ADa%204%20de%20agosto%20del%202025\"><img decoding=\"async\" src=\"https:\/\/i0.wp.com\/static.addtoany.com\/buttons\/share_save_171_16.png?ssl=1\" alt=\"Share\"\/><\/a><\/figure>\n","protected":false},"excerpt":{"rendered":"<p>Resumen: de la primera participaci\u00f3n zapatista en el Encuentro de Resistencias y Rebeld\u00edas, d\u00eda 4 de agosto del 2025: &nbsp; En la asamblea de una comunidad zapatista, est\u00e1n discutiendo c\u00f3mo se van a organizar por los problemas que hay en los municipios aut\u00f3nomos rebeldes zapatistas y las juntas de buen gobierno.&nbsp; Entonces llegan unos enviados [&hellip;]<\/p>\n","protected":false},"author":21,"featured_media":51480,"comment_status":"open","ping_status":"closed","sticky":false,"template":"","format":"standard","meta":{"footnotes":""},"categories":[957,51,955,118,958,954,935],"tags":[644,926,567,545,148,27,483],"class_list":["post-51478","post","type-post","status-publish","format-standard","has-post-thumbnail","hentry","category-autonomia","category-autor","category-ezln-temas","category-ezln","category-megaproyectos","category-mexico","category-temas","tag-comunicados-ezln","tag-ezln","tag-megaproyectos","tag-pueblos-indigenas","tag-resistencia","tag-solidaridad","tag-tierra-y-territorio"],"_links":{"self":[{"href":"https:\/\/radiozapatista.org\/index.php?rest_route=\/wp\/v2\/posts\/51478","targetHints":{"allow":["GET"]}}],"collection":[{"href":"https:\/\/radiozapatista.org\/index.php?rest_route=\/wp\/v2\/posts"}],"about":[{"href":"https:\/\/radiozapatista.org\/index.php?rest_route=\/wp\/v2\/types\/post"}],"author":[{"embeddable":true,"href":"https:\/\/radiozapatista.org\/index.php?rest_route=\/wp\/v2\/users\/21"}],"replies":[{"embeddable":true,"href":"https:\/\/radiozapatista.org\/index.php?rest_route=%2Fwp%2Fv2%2Fcomments&post=51478"}],"version-history":[{"count":2,"href":"https:\/\/radiozapatista.org\/index.php?rest_route=\/wp\/v2\/posts\/51478\/revisions"}],"predecessor-version":[{"id":52043,"href":"https:\/\/radiozapatista.org\/index.php?rest_route=\/wp\/v2\/posts\/51478\/revisions\/52043"}],"wp:featuredmedia":[{"embeddable":true,"href":"https:\/\/radiozapatista.org\/index.php?rest_route=\/wp\/v2\/media\/51480"}],"wp:attachment":[{"href":"https:\/\/radiozapatista.org\/index.php?rest_route=%2Fwp%2Fv2%2Fmedia&parent=51478"}],"wp:term":[{"taxonomy":"category","embeddable":true,"href":"https:\/\/radiozapatista.org\/index.php?rest_route=%2Fwp%2Fv2%2Fcategories&post=51478"},{"taxonomy":"post_tag","embeddable":true,"href":"https:\/\/radiozapatista.org\/index.php?rest_route=%2Fwp%2Fv2%2Ftags&post=51478"}],"curies":[{"name":"wp","href":"https:\/\/api.w.org\/{rel}","templated":true}]}}