{"id":51459,"date":"2025-08-05T11:07:49","date_gmt":"2025-08-05T17:07:49","guid":{"rendered":"https:\/\/radiozapatista.org\/?p=51459"},"modified":"2025-08-14T19:36:16","modified_gmt":"2025-08-15T01:36:16","slug":"dia-2-encuentro-de-resistencias-y-rebeldias-algunas-partes-del-todo","status":"publish","type":"post","link":"https:\/\/radiozapatista.org\/?p=51459","title":{"rendered":"D\u00eda 2 \u2013 Encuentro de Resistencias y Rebeld\u00edas \u201cAlgunas partes del todo\u201d"},"content":{"rendered":"\n<p><small>Foto de portada: Radio Pozol<\/small><\/p>\n\n\n\n<p>El semillero &#8220;Comandanta Ramona&#8221; del Caracol de Morelia amaneci\u00f3 animado este 4 de agosto con miles de personas dispuestas a escuchar y compartir historias de lucha ante las muchas formas de violencia y despojo que se viven en distintas geograf\u00edas, en este <a href=\"https:\/\/radiozapatista.org\/?page_id=51802\">Encuentro de Resistencias y Rebeld\u00edas &#8220;Algunas partes del todo&#8221;<\/a>.<\/p>\n\n\n\n<p>Desde diferentes rincones de M\u00e9xico y de otras naciones (Grecia, Italia, Francia, Canad\u00e1, Catalu\u00f1a), diversos colectivos se organizan para enfrentar la violencia contra las mujeres y las disidencias sexogen\u00e9ricas, para generar alternativas de salud integral desde la visi\u00f3n de los pueblos, para crear procesos educativos y formativos para las nuevas generaciones, para la sanaci\u00f3n del esp\u00edritu recurriendo a pr\u00e1cticas ancestrales, para tender una mano compa\u00f1era a los pueblos que sufren la brutalidad del sistema, como Palestina y El Salvador, para construir la comunalidad en diversos contextos, para divulgar la palabra rebelde capaz de incentivar acciones por un mundo otro, para luchar contra la violencia carcelaria, para defender la tierra y el territorio, para generar cambios a partir de las artes.<\/p>\n\n\n\n<p>Compartimos aqu\u00ed las palabras de algunos de los colectivos y organizaciones que participaron en este segundo d\u00eda del encuentro.<\/p>\n\n\n\n<p>P\u00e1jara Ti Colectivo [podcast]https:\/\/radiozapatista.org\/wp-content\/uploads\/2025\/08\/dia2-01.mp3[\/podcast]<\/p>\n\n\n\n<p>Colectivo Caminando al Horizonte en Com\u00fan [podcast]https:\/\/radiozapatista.org\/wp-content\/uploads\/2025\/08\/dia2-02.mp3[\/podcast]<\/p>\n\n\n\n<p>ISS Liberaci\u00f3n Colectiva Palestina y El Salvador [podcast]https:\/\/radiozapatista.org\/wp-content\/uploads\/2025\/08\/dia2-03.mp3[\/podcast]<\/p>\n\n\n\n<p>Carpeta gr\u00e1fica \u201cEnraizando Solidaridad con Palestina\u201d [podcast]https:\/\/radiozapatista.org\/wp-content\/uploads\/2025\/08\/dia2-04.mp3[\/podcast]<\/p>\n\n\n\n<p>Compa\u00f1era Anishinaabe Ojibwe (Canad\u00e1) [podcast]https:\/\/radiozapatista.org\/wp-content\/uploads\/2025\/08\/dia2-05.mp3[\/podcast]<\/p>\n\n\n\n<p>0ZLN (Italia) [podcast]https:\/\/radiozapatista.org\/wp-content\/uploads\/2025\/08\/dia2-06.mp3[\/podcast]<\/p>\n\n\n\n<p>Batec Zapatista (Catalu\u00f1a) [podcast]https:\/\/radiozapatista.org\/wp-content\/uploads\/2025\/08\/dia2-07.mp3[\/podcast]<\/p>\n\n\n\n<p>Lleg\u00f3 la Hora de los Pueblos y Colectivo Hermanas en la Sombra (Red Feminista Anticarcelaria de Am\u00e9rica Latina) [podcast]https:\/\/radiozapatista.org\/wp-content\/uploads\/2025\/08\/dia2-08.mp3[\/podcast]<\/p>\n\n\n\n<p>Comentarios Subcomandante Mois\u00e9s [podcast]https:\/\/radiozapatista.org\/wp-content\/uploads\/2025\/08\/dia2-09.mp3[\/podcast]<\/p>\n\n\n\n<p>Colectivo Calendario Zapatista (Grecia) [podcast]https:\/\/radiozapatista.org\/wp-content\/uploads\/2025\/08\/dia2-10.mp3[\/podcast]<\/p>\n\n\n\n<p>Pueblos Chichimecas de los pueblos de Moya, San Miguel Buena Vista y San Juan de la Laguna (Jalisco) [podcast]https:\/\/radiozapatista.org\/wp-content\/uploads\/2025\/08\/dia2-11.mp3[\/podcast]<\/p>\n\n\n\n<p>Kiki House of Karnalas (Ciudad de M\u00e9xico) [podcast]https:\/\/radiozapatista.org\/wp-content\/uploads\/2025\/08\/dia2-12.mp3[\/podcast]<\/p>\n\n\n\n<p>Semillero Cine Liberaci\u00f3n (Ciudad de M\u00e9xico) [podcast]https:\/\/radiozapatista.org\/wp-content\/uploads\/2025\/08\/dia2-13.mp3[\/podcast]<\/p>\n\n\n\n<p>Centro Social Gabrio (Tur\u00edn, Italia) [podcast]https:\/\/radiozapatista.org\/wp-content\/uploads\/2025\/08\/dia2-14.mp3[\/podcast]<\/p>\n","protected":false},"excerpt":{"rendered":"<p>Foto de portada: Radio Pozol El semillero &#8220;Comandanta Ramona&#8221; del Caracol de Morelia amaneci\u00f3 animado este 4 de agosto con miles de personas dispuestas a escuchar y compartir historias de lucha ante las muchas formas de violencia y despojo que se viven en distintas geograf\u00edas, en este Encuentro de Resistencias y Rebeld\u00edas &#8220;Algunas partes del [&hellip;]<\/p>\n","protected":false},"author":1,"featured_media":51475,"comment_status":"open","ping_status":"closed","sticky":false,"template":"","format":"standard","meta":{"footnotes":""},"categories":[1,957,6,955,954,190],"tags":[79,1502,56,926,153,148],"class_list":["post-51459","post","type-post","status-publish","format-standard","has-post-thumbnail","hentry","category-audio","category-autonomia","category-chiapas","category-ezln-temas","category-mexico","category-radiozapatista","tag-autonomia","tag-caracoles-zapatistas","tag-encuentros","tag-ezln","tag-morelia","tag-resistencia"],"_links":{"self":[{"href":"https:\/\/radiozapatista.org\/index.php?rest_route=\/wp\/v2\/posts\/51459","targetHints":{"allow":["GET"]}}],"collection":[{"href":"https:\/\/radiozapatista.org\/index.php?rest_route=\/wp\/v2\/posts"}],"about":[{"href":"https:\/\/radiozapatista.org\/index.php?rest_route=\/wp\/v2\/types\/post"}],"author":[{"embeddable":true,"href":"https:\/\/radiozapatista.org\/index.php?rest_route=\/wp\/v2\/users\/1"}],"replies":[{"embeddable":true,"href":"https:\/\/radiozapatista.org\/index.php?rest_route=%2Fwp%2Fv2%2Fcomments&post=51459"}],"version-history":[{"count":3,"href":"https:\/\/radiozapatista.org\/index.php?rest_route=\/wp\/v2\/posts\/51459\/revisions"}],"predecessor-version":[{"id":51815,"href":"https:\/\/radiozapatista.org\/index.php?rest_route=\/wp\/v2\/posts\/51459\/revisions\/51815"}],"wp:featuredmedia":[{"embeddable":true,"href":"https:\/\/radiozapatista.org\/index.php?rest_route=\/wp\/v2\/media\/51475"}],"wp:attachment":[{"href":"https:\/\/radiozapatista.org\/index.php?rest_route=%2Fwp%2Fv2%2Fmedia&parent=51459"}],"wp:term":[{"taxonomy":"category","embeddable":true,"href":"https:\/\/radiozapatista.org\/index.php?rest_route=%2Fwp%2Fv2%2Fcategories&post=51459"},{"taxonomy":"post_tag","embeddable":true,"href":"https:\/\/radiozapatista.org\/index.php?rest_route=%2Fwp%2Fv2%2Ftags&post=51459"}],"curies":[{"name":"wp","href":"https:\/\/api.w.org\/{rel}","templated":true}]}}