{"id":51396,"date":"2025-08-02T11:53:09","date_gmt":"2025-08-02T17:53:09","guid":{"rendered":"https:\/\/radiozapatista.org\/?p=51396"},"modified":"2025-08-02T11:53:10","modified_gmt":"2025-08-02T17:53:10","slug":"notifrayba-criminalizan-a-indigenas-defensores-de-los-derechos-humanos-en-san-juan-cancuc-chiapas","status":"publish","type":"post","link":"https:\/\/radiozapatista.org\/?p=51396","title":{"rendered":"NotiFrayba: Criminalizan a ind\u00edgenas defensores de los derechos humanos en San Juan Cancuc, Chiapas"},"content":{"rendered":"\n<p>Los 5 de San Juan Cancuc \u2014Manuel Santiz Cruz, Agust\u00edn P\u00e9rez Dom\u00ednguez, Juan Velasco Aguilar, Mart\u00edn P\u00e9rez Dom\u00ednguez y Agust\u00edn P\u00e9rez Velasco\u2014, son defensores del territorio; maya tseltales, fueron detenidos arbitrariamente en mayo de 2022.<\/p>\n\n\n\n<p>La <a href=\"https:\/\/www.ohchr.org\/sites\/default\/files\/documents\/issues\/detention-wg\/opinions\/session102\/a-hrc-wgad-2025-21-aev.pdf\"><strong>Opini\u00f3n No. 21\/2025 del Grupo de Trabajo sobre la Detenci\u00f3n Arbitraria de la ONU<\/strong><\/a>, advierte que tres de los cinco defensores fueron v\u00edctimas de desaparici\u00f3n forzada durante 24 horas; todos fueron sometidos a prisi\u00f3n preventiva oficiosa por un a\u00f1o, y privados de un proceso judicial justo, sin acceso a una defensa adecuada ni a un int\u00e9rprete en su lengua materna.<\/p>\n\n\n\n<p>Escucha el episodio de NotiFrayba sobre el caso:<\/p>\n\n\n[podcast]https:\/\/archive.org\/download\/220613-notifrayba-cancuc\/220613_Notifrayba_Cancuc.mp3[\/podcast]\n\n","protected":false},"excerpt":{"rendered":"<p>Los 5 de San Juan Cancuc \u2014Manuel Santiz Cruz, Agust\u00edn P\u00e9rez Dom\u00ednguez, Juan Velasco Aguilar, Mart\u00edn P\u00e9rez Dom\u00ednguez y Agust\u00edn P\u00e9rez Velasco\u2014, son defensores del territorio; maya tseltales, fueron detenidos arbitrariamente en mayo de 2022. La Opini\u00f3n No. 21\/2025 del Grupo de Trabajo sobre la Detenci\u00f3n Arbitraria de la ONU, advierte que tres de los [&hellip;]<\/p>\n","protected":false},"author":1,"featured_media":51397,"comment_status":"open","ping_status":"closed","sticky":false,"template":"","format":"standard","meta":{"footnotes":""},"categories":[1,6,55,962],"tags":[917,925,53,37],"class_list":["post-51396","post","type-post","status-publish","format-standard","has-post-thumbnail","hentry","category-audio","category-chiapas","category-frayba","category-presos","tag-chiapas","tag-frayba","tag-justicia","tag-presos-politicos"],"_links":{"self":[{"href":"https:\/\/radiozapatista.org\/index.php?rest_route=\/wp\/v2\/posts\/51396","targetHints":{"allow":["GET"]}}],"collection":[{"href":"https:\/\/radiozapatista.org\/index.php?rest_route=\/wp\/v2\/posts"}],"about":[{"href":"https:\/\/radiozapatista.org\/index.php?rest_route=\/wp\/v2\/types\/post"}],"author":[{"embeddable":true,"href":"https:\/\/radiozapatista.org\/index.php?rest_route=\/wp\/v2\/users\/1"}],"replies":[{"embeddable":true,"href":"https:\/\/radiozapatista.org\/index.php?rest_route=%2Fwp%2Fv2%2Fcomments&post=51396"}],"version-history":[{"count":1,"href":"https:\/\/radiozapatista.org\/index.php?rest_route=\/wp\/v2\/posts\/51396\/revisions"}],"predecessor-version":[{"id":51398,"href":"https:\/\/radiozapatista.org\/index.php?rest_route=\/wp\/v2\/posts\/51396\/revisions\/51398"}],"wp:featuredmedia":[{"embeddable":true,"href":"https:\/\/radiozapatista.org\/index.php?rest_route=\/wp\/v2\/media\/51397"}],"wp:attachment":[{"href":"https:\/\/radiozapatista.org\/index.php?rest_route=%2Fwp%2Fv2%2Fmedia&parent=51396"}],"wp:term":[{"taxonomy":"category","embeddable":true,"href":"https:\/\/radiozapatista.org\/index.php?rest_route=%2Fwp%2Fv2%2Fcategories&post=51396"},{"taxonomy":"post_tag","embeddable":true,"href":"https:\/\/radiozapatista.org\/index.php?rest_route=%2Fwp%2Fv2%2Ftags&post=51396"}],"curies":[{"name":"wp","href":"https:\/\/api.w.org\/{rel}","templated":true}]}}