{"id":51381,"date":"2025-07-31T16:12:29","date_gmt":"2025-07-31T22:12:29","guid":{"rendered":"https:\/\/radiozapatista.org\/?p=51381"},"modified":"2025-08-02T11:44:29","modified_gmt":"2025-08-02T17:44:29","slug":"quienes-resistimos-el-consejo-supremo-indigena-de-michoacan-csim","status":"publish","type":"post","link":"https:\/\/radiozapatista.org\/?p=51381","title":{"rendered":"\u00bfQuienes resistimos? El Consejo Supremo Ind\u00edgena de Michoac\u00e1n #CSIM"},"content":{"rendered":"\n<p>\u00bfA qu\u00e9 resistimos? Al capitalismo voraz, a la destrucci\u00f3n de los bienes comunales y en contra del despojo de tierras, r\u00edos y lagos.<\/p>\n\n\n\n<p>\u00bfC\u00f3mo resistimos? Organiz\u00e1ndonos a trav\u00e9s de Asambleas Generales, formando Consejos de Gobierno Comunal y rescatando a las Rondas Tradicionales y a los Jueces Ancestrales.<\/p>\n\n\n\n<p>Orgullosamente formamos parte del Congreso Nacional Ind\u00edgena #CNI<\/p>\n\n\n\n<p>Consejo Supremo Ind\u00edgena de Michoac\u00e1n #CSIM<\/p>\n\n\n\n<p><\/p>\n","protected":false},"excerpt":{"rendered":"<p>\u00bfA qu\u00e9 resistimos? Al capitalismo voraz, a la destrucci\u00f3n de los bienes comunales y en contra del despojo de tierras, r\u00edos y lagos. \u00bfC\u00f3mo resistimos? Organiz\u00e1ndonos a trav\u00e9s de Asambleas Generales, formando Consejos de Gobierno Comunal y rescatando a las Rondas Tradicionales y a los Jueces Ancestrales. Orgullosamente formamos parte del Congreso Nacional Ind\u00edgena #CNI [&hellip;]<\/p>\n","protected":false},"author":21,"featured_media":51384,"comment_status":"open","ping_status":"closed","sticky":false,"template":"","format":"standard","meta":{"footnotes":""},"categories":[957,51,943,958,954,935],"tags":[58,53,567,549,147,23,545,148,27,483],"class_list":["post-51381","post","type-post","status-publish","format-standard","has-post-thumbnail","hentry","category-autonomia","category-autor","category-cni","category-megaproyectos","category-mexico","category-temas","tag-derechos-humanos","tag-justicia","tag-megaproyectos","tag-michoacan","tag-militarizacion","tag-paramilitares","tag-pueblos-indigenas","tag-resistencia","tag-solidaridad","tag-tierra-y-territorio"],"_links":{"self":[{"href":"https:\/\/radiozapatista.org\/index.php?rest_route=\/wp\/v2\/posts\/51381","targetHints":{"allow":["GET"]}}],"collection":[{"href":"https:\/\/radiozapatista.org\/index.php?rest_route=\/wp\/v2\/posts"}],"about":[{"href":"https:\/\/radiozapatista.org\/index.php?rest_route=\/wp\/v2\/types\/post"}],"author":[{"embeddable":true,"href":"https:\/\/radiozapatista.org\/index.php?rest_route=\/wp\/v2\/users\/21"}],"replies":[{"embeddable":true,"href":"https:\/\/radiozapatista.org\/index.php?rest_route=%2Fwp%2Fv2%2Fcomments&post=51381"}],"version-history":[{"count":3,"href":"https:\/\/radiozapatista.org\/index.php?rest_route=\/wp\/v2\/posts\/51381\/revisions"}],"predecessor-version":[{"id":51395,"href":"https:\/\/radiozapatista.org\/index.php?rest_route=\/wp\/v2\/posts\/51381\/revisions\/51395"}],"wp:featuredmedia":[{"embeddable":true,"href":"https:\/\/radiozapatista.org\/index.php?rest_route=\/wp\/v2\/media\/51384"}],"wp:attachment":[{"href":"https:\/\/radiozapatista.org\/index.php?rest_route=%2Fwp%2Fv2%2Fmedia&parent=51381"}],"wp:term":[{"taxonomy":"category","embeddable":true,"href":"https:\/\/radiozapatista.org\/index.php?rest_route=%2Fwp%2Fv2%2Fcategories&post=51381"},{"taxonomy":"post_tag","embeddable":true,"href":"https:\/\/radiozapatista.org\/index.php?rest_route=%2Fwp%2Fv2%2Ftags&post=51381"}],"curies":[{"name":"wp","href":"https:\/\/api.w.org\/{rel}","templated":true}]}}