{"id":51362,"date":"2025-07-30T12:12:36","date_gmt":"2025-07-30T18:12:36","guid":{"rendered":"https:\/\/radiozapatista.org\/?p=51362"},"modified":"2025-07-30T12:50:16","modified_gmt":"2025-07-30T18:50:16","slug":"encuentro-internacional-en-defensa-de-la-vida-el-maiz-el-agua-el-territorio-y-la-madre-tierra","status":"publish","type":"post","link":"https:\/\/radiozapatista.org\/?p=51362","title":{"rendered":"Encuentro Internacional en Defensa de la Vida: el Ma\u00edz, el Agua, el Territorio y la Madre Tierra"},"content":{"rendered":"<p><\/p>\n\n\n<p><\/p>\n\n\n<p>Del 25 al 27 de julio de 2025 se reunieron en Chiapas 250 personas de 60 comunidades, organizaciones y redes provenientes de diferentes estados de M\u00e9xico y de otros pa\u00edses para un Encuentro Internacional en Defensa de la Vida: el Ma\u00edz, el Agua, el Territorio y la Madre Tierra. El objetivo del encuentro fue compartir experiencias organizativas en defensa de la vida y pensar en com\u00fan c\u00f3mo hacer frente a los proyectos y megaproyectos, as\u00ed como la militarizaci\u00f3n y el crimen organizado, que atentan contra la vida.<\/p>\n\n\n\n<p>Tras tres d\u00edas de encuentro, los presentes emitieron una declaratoria en la que analizan la situaci\u00f3n actual que se vive en los territorios. <\/p>\n\n\n\n<figure class=\"wp-block-embed is-type-video is-provider-youtube wp-block-embed-youtube wp-embed-aspect-16-9 wp-has-aspect-ratio\"><div class=\"wp-block-embed__wrapper\">\n<iframe loading=\"lazy\" title=\"Declaratoria del Encuentro Internacional en Defensa de la Vida. Ahlan Muc\u00b4ul Ha\u00b4, Chi\u00f3n, Chiapas\" width=\"500\" height=\"281\" src=\"https:\/\/www.youtube.com\/embed\/7KmNWrTxi0c?feature=oembed\" frameborder=\"0\" allow=\"accelerometer; autoplay; clipboard-write; encrypted-media; gyroscope; picture-in-picture; web-share\" referrerpolicy=\"strict-origin-when-cross-origin\" allowfullscreen><\/iframe>\n<\/div><\/figure>\n\n\n\n<p class=\"has-text-align-center\"><strong>DECLARATORIA<\/strong><br><strong>S\u00cd A LA VIDA, NO A LOS PROYECTOS DE MUERTE<\/strong><\/p>\n\n\n\n<p>A la Sociedad Civil local, nacional e internacional<br>A los organismos defensores de derechos humanos<br>A los Estados y a los gobiernos del Planeta Tierra<br>A los movimientos, luchas dignas y rebeldes<br>A la prensa local, nacional e internacional<\/p>\n\n\n\n<p>Estando presentes 250 personas, integrantes de 60 comunidades, organizaciones y redes nos reunimos los d\u00edas 25, 26 y 27 de julio de 2025 en la comunidad Ahlan Muc\u2019ul Ha\u2019 (Abajo del R\u00edo Grande), en el municipio de Chil\u00f3n, Chiapas, con el objetivo de compartir experiencias organizativas y comunitarias en las resistencias y en la defensa de la vida, el agua, el ma\u00edz, el territorio y la Madre Tierra.<\/p>\n\n\n\n<p>Somos mujeres, hombres, j\u00f3venas, j\u00f3venes, mayores y mayoras, ni\u00f1os y ni\u00f1as, reconoci\u00e9ndonos en nuestras diversidades culturales, generacionales, espirituales y sexo-gen\u00e9ricas.<\/p>\n\n\n\n<p>Venimos de diferentes territorios de M\u00e9xico, tales como Oaxaca, Coahuila, Veracruz, Hidalgo, Guerrero, Puebla, Estado de M\u00e9xico, Chiapas, as\u00ed como Colombia, Pa\u00eds Valenciano y Alemania.<\/p>\n\n\n\n<p>Nos hemos encontrado para buscar juntes c\u00f3mo hacer frente a los proyectos de muerte tejiendo con mayor fuerza nuestras alternativas que ya estamos construyendo en cada familia, comunidad, pueblo, regi\u00f3n, territorio, organizaci\u00f3n y lucha.<\/p>\n\n\n\n<p><em>Luego de tres d\u00edas de compartir y analizar lo que sucede en nuestras regiones y en el mundo, DECLARAMOS Y REAFIRMAMOS que:<\/em><\/p>\n\n\n\n<p>Nuestros territorios tienen una gran diversidad biocultural que nos han heredado nuestros ancestros y ancestras, las cuales est\u00e1n puestas en grave peligro a causa de un modelo de desarrollo extractivista que, bajo la l\u00f3gica individualista, capitalista y patriarcal, nos est\u00e1 despojando de todo lo que nos da vida.<\/p>\n\n\n\n<p>Reconocemos que sufrimos las mismas amenazas: a) la violaci\u00f3n de nuestros derechos como mujeres, ni\u00f1eces, j\u00f3venes, j\u00f3venas, hombres, diversidades sexo-gen\u00e9ricas, pueblos y Madre Tierra; b) la militarizaci\u00f3n de nuestros territorios por las diferentes fuerzas de seguridad local, regional y nacional, as\u00ed como, c) la presencia del crimen organizado y su complicidad con los gobiernos y los Estados.<\/p>\n\n\n\n<p>Denunciamos que, en todos nuestros territorios, se nos imponen proyectos sin el consentimiento de los pueblos e instrumentalizando las consultas para efectuar y consumar el despojo. Tambi\u00e9n denunciamos c\u00f3mo de forma sist\u00e9mica se instiga, desde el poder institucional y los poderes f\u00e1cticos, la divisi\u00f3n comunitaria a favor de las empresas capitalistas.<\/p>\n\n\n\n<p>En un mundo que est\u00e1 agotado sabemos que nuestro enemigo es el mismo y por eso declaramos que no estamos a favor del desarrollo colonialista y patriarcal porque nunca ha funcionado para nosotros y nosotras.<\/p>\n\n\n\n<p><em>GRACIAS A LAS COMPARTICIONES QUE REALIZAMOS<\/em>, hemos conocido de viva voz la lucha que las mujeres y los pueblos de los municipios que conforman el MODEVITE (Movimiento en Defensa de la Vida y el Territorio), el Gobierno Comunitario de Chil\u00f3n, as\u00ed como de su Pluriversidad Aut\u00f3noma Comunal Yutsilal Bahlumilal-Gobierno Comunitario Ch\u2019ich\u2019.<\/p>\n\n\n\n<p>El MODEVITE nos ha compartido su experiencia de m\u00e1s de 10 a\u00f1os de resistencia contra la Autopista San Crist\u00f3bal de Las Casas-Palenque, mal llamada \u201cla Carretera de las Culturas\u201d. Esta lucha reson\u00f3 junto a las luchas de comunidades y organizaciones de la sociedad civil de Oaxaca contra el Corredor Interoce\u00e1nico, la presa Margarita Maza de Ju\u00e1rez y las concesiones mineras. Desde el sureste de Coahuila compartieron la resistencia contra el basurero de residuos t\u00f3xicos industriales, ilegal y clandestino y la defensa del agua del arroyo San Miguel. Las compa\u00f1eras de Hidalgo compartieron la lucha contra el parque solar que se quiere establecer en ciudad Sahag\u00fan y la contaminaci\u00f3n del agua en Tula, proveniente de los desechos de la zona metropolitana de la Ciudad de M\u00e9xico. Desde el norte de Veracruz se denunci\u00f3 la distribuci\u00f3n gubernamental de fertilizantes y agrot\u00f3xicos que enferman la tierra y la salud de las comunidades.<\/p>\n\n\n\n<p>A la par conocimos por parte de Crianzas Mutuas Colombia la defensa de los r\u00edos en el municipio de Su\u00e1rez en el valle del Cauca. De ese mismo pa\u00eds, nos trajeron las palabras de las luchas del Cabildo de Taganga, Santa Marta, realizada por las comunidades de pescadores de la costa atl\u00e1ntica colombiana quienes luchan por defender sus <em>maritorios<\/em>.<\/p>\n\n\n\n<p>Hemos compartido nuestros dolores, pero tambi\u00e9n nuestras esperanzas y fortalezas: nuestra organizaci\u00f3n comunitaria tejida a trav\u00e9s de nuestros sistemas normativos, nuestras espiritualidades y ceremonias, as\u00ed como el trabajo colectivo comunitario que sostiene las alternativas que caminamos en nuestra cotidianidad.<\/p>\n\n\n\n<p>Hemos tejido nuestra capacidad de compartir y de so\u00f1ar en medio de las violencias y guerras que nos atraviesan.<\/p>\n\n\n\n<p><em>DENUNCIAMOS<\/em><\/p>\n\n\n\n<p>las estrategias de los gobiernos, partidos pol\u00edticos, \u00e9lites empresariales y caciques locales que buscan desestabilizar nuestras organizaciones comunitarias para despojarnos de nuestros territorios, a favor de sus intereses capitalistas.<\/p>\n\n\n\n<!--more-->\n\n\n\n<p>Exigimos el respeto a nuestros derechos y los de nuestra Madre Tierra, as\u00ed como el respeto a la vida de los y las defensoras del territorio y de los derechos humanos que est\u00e1n en pie de lucha en toda Am\u00e9rica Latina y el Planeta Tierra.<\/p>\n\n\n\n<p>Exigimos respeto a la autonom\u00eda de los pueblos originarios, negros y afrodescendientes, que se respeten las decisiones que se toman dentro del ejercicio de su libre determinaci\u00f3n, as\u00ed como todos sus derechos colectivos reconocidos en la legislaci\u00f3n nacional e internacional.&nbsp;<\/p>\n\n\n\n<p>Exigimos la inmediata detenci\u00f3n de los megaproyectos que est\u00e1n en nuestros territorios, de las megacarreteras y las concesiones que permiten el despojo de la Madre Tierra, y la extracci\u00f3n de los bienes naturales, imponiendo un modelo de desarrollo colonialista que no proviene de nuestra sabidur\u00eda como pueblos originarios.<\/p>\n\n\n\n<p>Exigimos el respeto a las mujeres, juventudes, ni\u00f1eces, diversidades sexo-gen\u00e9ricas en general y, en particular, a las de los pueblos originarios, \u00e9tnicos, campesinos, pesqueros, negros y afrodescendientes.<\/p>\n\n\n\n<p>Las juventudes exigimos nuestro derecho a florecer en nuestras propias comunidades, aportando nuestras habilidades y saberes.<\/p>\n\n\n\n<p>Nos solidarizamos con los movimientos sociales colombianos que se manifiestan contra las transnacionales que explotan el gas, el petr\u00f3leo en el fondo marino, construyen represas da\u00f1ando los r\u00edos y desarrollan miner\u00eda a gran escala.<\/p>\n\n\n\n<p>Nos solidarizamos con el MODEVITE y todas los colectivos, comunidades, organizaciones y redes que luchan contra los megaproyectos extractivistas y depredadores.<\/p>\n\n\n\n<p><em>DESDE ESTE TERRITORIO SAGRADO MAYA HACEMOS UN CONTUNDENTE LLAMADO:<\/em><\/p>\n\n\n\n<p>A los pueblos originarios y a la sociedad civil local, nacional e internacional a acompa\u00f1ar presencialmente o desde la distancia, el pr\u00f3ximo 9 de agosto de este 2025, D\u00eda Internacional de los Derechos de los Pueblos Ind\u00edgenas, la peregrinaci\u00f3n convocada por el Pueblo Creyente de la Misi\u00f3n jesuita de Bachaj\u00f3n para mostrar su rechazo a la autopista que atravesar\u00e1 estos territorios mayas ind\u00edgenas, cuya implementaci\u00f3n no ha respetado los derechos de los pueblos originarios, y que, junto con el Corredor Interoce\u00e1nico,&nbsp; el Tren mal llamado Maya y la privatizaci\u00f3n del agua, son parte del reordenamiento territorial del Sur-Sureste mexicano al servicio del gran capital.<\/p>\n\n\n\n<p>Les exhortamos a seguir tejiendo por todos los diversos medios y formas que podamos, nuestra sabidur\u00eda ancestral y nuestras espiritualidades para fortalecer lo que tenemos en com\u00fan en la b\u00fasqueda de la paz con justicia y dignidad y en la defensa de la vida.<\/p>\n\n\n\n<p>Invitamos a revalorizar la vida campesina y de las comunidades que siembran nuestros alimentos, as\u00ed como la defensa de semillas nativas libres de transg\u00e9nicos y de la producci\u00f3n natural de nuestros alimentos para recuperar la fertilidad de nuestras tierras.<\/p>\n\n\n\n<p>Sabemos que ni los gobiernos ni los Estados van a solucionar nuestros problemas, por ello, debemos seguir caminando juntes, tejiendo nuestros saberes y espiritualidades para el respeto de la VIDA, empezando por nuestro cuerpo, territorio, tierra.<\/p>\n\n\n\n<p>Llamamos a todos los pueblos y la sociedad civil local, nacional e internacional a seguir luchando con un solo coraz\u00f3n.<\/p>\n\n\n\n<p><em>SALUDAMOS Y ABRAZAMOS<\/em> <em>A LAS Y LOS COMPA\u00d1EROS Y COMPA\u00d1ERAS DE:<\/em><\/p>\n\n\n\n<p>La comunidad de Cher\u00e1n<em> K\u2019eri<\/em>. Les decimos: \u00a1No est\u00e1n solos y su lucha es nuestra lucha!<\/p>\n\n\n\n<p>Apoyamos la lucha de <em>Jlumaltik <\/em>Candelariapor el reconocimiento de su gobierno y autonom\u00eda comunitaria.<\/p>\n\n\n\n<p>Abrazamos a las y los zapatistas y al Encuentro de Resistencias y Rebeld\u00edas \u201cAlgunas Partes del Todo\u201d convocado por ellas, ellos, <em>elloas<\/em> en su territorio a realizarse del 2 al 17 de agosto.<\/p>\n\n\n\n<p>Apoyamos la lucha de la Organizaci\u00f3n Sociedad Civil Las Abejas por justicia, paz y dignidad.<\/p>\n\n\n\n<p>Abrazamos a los y las organizadores del Foro Regional en Defensa del Territorio y la Autonom\u00eda frente a megaproyectos en la Chontal e Istmo a celebrarse el 9 de agosto.<\/p>\n\n\n\n<p>Al Congreso Internacional de Comunalidad a llevarse a cabo el 7, 8 y 9 de agosto.<\/p>\n\n\n\n<p>A la lucha de las y los trabajadores de la educaci\u00f3n de la CNTE<\/p>\n\n\n\n<p>A las compa\u00f1eras de la Academia Jineoloj\u00ee en Rojava, as\u00ed como a la Academia Modernidad Democr\u00e1tica y a todo el movimiento de mujeres kurdas y del Confederalismo Democr\u00e1tico del Kurdist\u00e1n.<\/p>\n\n\n\n<p>A nuestros compa\u00f1eras y compa\u00f1eras parte del Tejido Global de Alternativas (TGA): Crianzas Mutuas Colombia, Vikalp Sangam de India y el Movimiento de Alternativas y Solidaridad del Sureste Asi\u00e1tico (MASSA).<\/p>\n\n\n\n<p class=\"has-text-align-center\">\u00a1No al genocidio en Gaza!<br>\u00a1No a las guerras, S\u00ed a la Vida!<\/p>\n\n\n\n<p class=\"has-text-align-center\">Planeta Tierra, Comunidad Ahlan Muc\u2019ul Ha\u00b4\u2019. Chil\u00f3n, Chiapas<br>Domingo 27 de julio de 2025<\/p>\n\n\n\n<p><strong>Firmas colectivas:<\/strong><\/p>\n\n\n\n<ul class=\"wp-block-list\">\n<li>Crianza Mutua M\u00e9xico parte del Tejido Global de Alternativas (TGA)<\/li>\n\n\n\n<li>Crianzas Mutuas Colombia parte del Tejido Global de Alternativas (TGA)<\/li>\n\n\n\n<li>Movimiento en Defensa de la Vida y el Territorio (MODEVITE), Chiapas, M\u00e9xico<\/li>\n\n\n\n<li>Asociaci\u00f3n de Consejos Comunitarios del Municipio de Su\u00e1rez, Cauca, Colombia<\/li>\n\n\n\n<li>Gobierno Comunitario Chil\u00f3n, Chiapas, M\u00e9xico<\/li>\n\n\n\n<li>Cabildo Ind\u00edgena de Taganga, Santa Marta, Colombia<\/li>\n\n\n\n<li>Comunidad Ahlan Muc\u2019ul Ha\u2019, Chil\u00f3n, Chiapas, M\u00e9xico<\/li>\n\n\n\n<li>Pluriversidad Aut\u00f3noma Comunal Yutsilal Bahlumilal de Gobierno Comunitario Ch\u2019ich\u2019, Chiapas, M\u00e9xico<\/li>\n\n\n\n<li>Movimiento de R\u00edos Vivos de Colombia<\/li>\n\n\n\n<li>Corporaci\u00f3n de Chinchorreros de Taganga de Colombia<\/li>\n\n\n\n<li>Proyecto de Educaci\u00f3n Alternativa (PEA),&nbsp; Regi\u00f3n Selva Ocosingo,&nbsp; Secci\u00f3n VII de la CNTE Chiapas, M\u00e9xico<\/li>\n\n\n\n<li>Custodios del Agua del Sureste de Coahuila, M\u00e9xico<\/li>\n\n\n\n<li>Misi\u00f3n de Bachaj\u00f3n, Chiapas, M\u00e9xico<\/li>\n\n\n\n<li>Centro de Derechos Ind\u00edgenas A.C (CEDIAC), Chiapas, M\u00e9xico<\/li>\n\n\n\n<li>Colectivo Proyecto Videoastas Ind\u00edgenas de la Frontera Sur (PVIFS), Chiapas, M\u00e9xico<\/li>\n\n\n\n<li>Foro Oaxaque\u00f1o del Agua, Oaxaca, M\u00e9xico<\/li>\n\n\n\n<li>Grupo de Trabajo \u201cCuerpos, Territorios, Resistencias\u201d \u2013 GT CUTER CLACSO<\/li>\n\n\n\n<li>Colectivo S\u00ed a la Vida de Jalpa, Coahuila, M\u00e9xico<\/li>\n\n\n\n<li>Comunidad de Pedagogas(os) Cr\u00edticas(os) y Educadoras(es) Populares de Chiapas, M\u00e9xico<\/li>\n\n\n\n<li>Universidad de la Tierra Huitzo Yelao, Oaxaca, M\u00e9xico<\/li>\n\n\n\n<li>Centro Universitario Comunal de Guelatao de la Universidad Aut\u00f3noma Comunal de Oaxaca, M\u00e9xico<\/li>\n\n\n\n<li>Observatorio de Participaci\u00f3n Social y Calidad Democr\u00e1tica de la Universidad Iberoamericana Puebla, M\u00e9xico<\/li>\n\n\n\n<li>Observatorio Ciudadano\/Comunitario del Agua y Medio Ambiente de los Valles Centrales de Oaxaca, M\u00e9xico<\/li>\n\n\n\n<li>Observatorio de las democracias: sur de M\u00e9xico y Centroam\u00e9rica \u2013 ODEMCA<\/li>\n\n\n\n<li>Colectivo Tsijilba&nbsp; Bij de Agua Clara de Chiapas, M\u00e9xico<\/li>\n\n\n\n<li>Tejidos de Sanaci\u00f3n de Oaxaca\/Ciudad de M\u00e9xico<\/li>\n\n\n\n<li>Servicios Comunitarios de Oaxaca, M\u00e9xico<\/li>\n\n\n\n<li>Colectivo Kokopelli del Norte de Veracruz, M\u00e9xico<\/li>\n\n\n\n<li>Centro Universitario Comunal de San Pedro Comitancillo de la Universidad Aut\u00f3noma Comunal de Oaxaca, M\u00e9xico<\/li>\n\n\n\n<li>Cooperativa Editorial de la Red Transnacional Otros Saberes, Chiapas, M\u00e9xico (RETOS).<\/li>\n\n\n\n<li>Colectivo Machtia (Espacios de Aprendizajes Libres) de Hidalgo, M\u00e9xico<\/li>\n\n\n\n<li>Proyecto Silvestra: Ba\u00f1os Composteros de Oaxaca, M\u00e9xico<\/li>\n\n\n\n<li>Satil Film, Chiapas, M\u00e9xico<\/li>\n\n\n\n<li>Red Savi de la Mixteca de Oaxaca, M\u00e9xico<\/li>\n\n\n\n<li>Colectivos Nichimal Cuxlejalil (Floreciendo la vida), Chiapas, M\u00e9xico<\/li>\n\n\n\n<li>Musiqueros Principales, Regi\u00f3n Ch\u2019ich\u2019, Chil\u00f3n, Chiapas, M\u00e9xico<\/li>\n\n\n\n<li>Ach\u2019ix Querem Ec\u2019 Chil\u00f3n, Chiapas, M\u00e9xico<\/li>\n\n\n\n<li>Tejido de Colectivos Universidad de la Tierra Caldas y Suroccidente Colombiano<\/li>\n<\/ul>\n\n\n\n<figure class=\"wp-block-embed is-type-video is-provider-youtube wp-block-embed-youtube wp-embed-aspect-16-9 wp-has-aspect-ratio\"><div class=\"wp-block-embed__wrapper\">\n<iframe loading=\"lazy\" title=\"Encuentro Internacional en Defensa de la vida: el Ma\u00edz, el Agua, el Territorio y la Madre Tierra.\" width=\"500\" height=\"281\" src=\"https:\/\/www.youtube.com\/embed\/Xutc_Odd13c?feature=oembed\" frameborder=\"0\" allow=\"accelerometer; autoplay; clipboard-write; encrypted-media; gyroscope; picture-in-picture; web-share\" referrerpolicy=\"strict-origin-when-cross-origin\" allowfullscreen><\/iframe>\n<\/div><\/figure>\n\n\n<p><\/p>","protected":false},"excerpt":{"rendered":"<p>Del 25 al 27 de julio de 2025 se reunieron en Chiapas 250 personas de 60 comunidades, organizaciones y redes provenientes de diferentes estados de M\u00e9xico y de otros pa\u00edses para un Encuentro Internacional en Defensa de la Vida: el Ma\u00edz, el Agua, el Territorio y la Madre Tierra. El objetivo del encuentro fue compartir [&hellip;]<\/p>\n","protected":false},"author":1,"featured_media":51363,"comment_status":"open","ping_status":"closed","sticky":false,"template":"","format":"standard","meta":{"footnotes":""},"categories":[957,6,958,954,190],"tags":[579,1061,978,255,56,567,147,912,483],"class_list":["post-51362","post","type-post","status-publish","format-standard","has-post-thumbnail","hentry","category-autonomia","category-chiapas","category-megaproyectos","category-mexico","category-radiozapatista","tag-agua","tag-crimen-organizado","tag-defensa-del-medioambiente","tag-despojo","tag-encuentros","tag-megaproyectos","tag-militarizacion","tag-narcoestado","tag-tierra-y-territorio"],"_links":{"self":[{"href":"https:\/\/radiozapatista.org\/index.php?rest_route=\/wp\/v2\/posts\/51362","targetHints":{"allow":["GET"]}}],"collection":[{"href":"https:\/\/radiozapatista.org\/index.php?rest_route=\/wp\/v2\/posts"}],"about":[{"href":"https:\/\/radiozapatista.org\/index.php?rest_route=\/wp\/v2\/types\/post"}],"author":[{"embeddable":true,"href":"https:\/\/radiozapatista.org\/index.php?rest_route=\/wp\/v2\/users\/1"}],"replies":[{"embeddable":true,"href":"https:\/\/radiozapatista.org\/index.php?rest_route=%2Fwp%2Fv2%2Fcomments&post=51362"}],"version-history":[{"count":3,"href":"https:\/\/radiozapatista.org\/index.php?rest_route=\/wp\/v2\/posts\/51362\/revisions"}],"predecessor-version":[{"id":51370,"href":"https:\/\/radiozapatista.org\/index.php?rest_route=\/wp\/v2\/posts\/51362\/revisions\/51370"}],"wp:featuredmedia":[{"embeddable":true,"href":"https:\/\/radiozapatista.org\/index.php?rest_route=\/wp\/v2\/media\/51363"}],"wp:attachment":[{"href":"https:\/\/radiozapatista.org\/index.php?rest_route=%2Fwp%2Fv2%2Fmedia&parent=51362"}],"wp:term":[{"taxonomy":"category","embeddable":true,"href":"https:\/\/radiozapatista.org\/index.php?rest_route=%2Fwp%2Fv2%2Fcategories&post=51362"},{"taxonomy":"post_tag","embeddable":true,"href":"https:\/\/radiozapatista.org\/index.php?rest_route=%2Fwp%2Fv2%2Ftags&post=51362"}],"curies":[{"name":"wp","href":"https:\/\/api.w.org\/{rel}","templated":true}]}}