{"id":51344,"date":"2025-07-25T11:17:32","date_gmt":"2025-07-25T17:17:32","guid":{"rendered":"https:\/\/radiozapatista.org\/?p=51344"},"modified":"2025-07-25T11:17:33","modified_gmt":"2025-07-25T17:17:33","slug":"continua-la-criminalizacion-de-los-miembros-del-cni-en-tila-chiapas","status":"publish","type":"post","link":"https:\/\/radiozapatista.org\/?p=51344","title":{"rendered":"Contin\u00faa la criminalizaci\u00f3n de los miembros del CNI en Tila, Chiapas"},"content":{"rendered":"\n<p>Como <a href=\"https:\/\/radiozapatista.org\/?p=51217\">reportamos recientemente<\/a>, los miembros de CNI del Ejido Tila y sus anexos, as\u00ed como de los municipios vecinos de Tumbal\u00e1, Sabanilla, Yajal\u00f3n y Salto de Agua en el norte de Chiapas, han estado sufriendo hostigamientos, amenazas, agresiones y detenciones arbitrarias, adem\u00e1s de calumnias y difamaci\u00f3n, por parte de los diferentes niveles de gobierno. Todo esto, con la participaci\u00f3n activa de un grupo criminal denominado &#8220;Karma&#8221;, que itene v\u00ednculos tanto con ayuntamiento que durante a\u00f1os estuvo asentado ilegalmente en tierras ejidales, como con el grupo paramilitar Paz y Justicia que aterroriz\u00f3 a la poblaci\u00f3n en la segunda mitad de la d\u00e9cada de 1990, como parte de la estrategia contrainsurgente del Estado para destruir al EZLN.<\/p>\n\n\n\n<p>Como <a href=\"https:\/\/radiozapatista.org\/?p=48295\">denunciamos en junio de 2024<\/a>, tanto el Estado como los medios de comunicaci\u00f3n han hecho caso omiso de la historia de lucha por la tierra y territorio, as\u00ed como el despojo y la violencia criminales orquestradas desde hace d\u00e9cadas por el mismo Estado contra el pueblo chol de Tila.<\/p>\n\n\n\n<p>En un <a href=\"https:\/\/www.congresonacionalindigena.org\/2025\/07\/22\/denuncia-cni-tila\/\">comunicado publicado por el Congreso Nacional Ind\u00edgena<\/a>, el pueblo chol de Tila hace un recorrido hist\u00f3rico de dicha lucha, y exige el cumplimiento de las resoluciones legales a favor de los ejidatarios y el cese inmediato a la represi\u00f3n y criminalizaci\u00f3n. <\/p>\n\n\n\n<p>A seguir, un resumen de la lucha hist\u00f3rica del Ejido Tila:<\/p>\n\n\n\n<p><strong>Antecedentes Hist\u00f3ricos (1900\u20131936)<\/strong><\/p>\n\n\n\n<ul class=\"wp-block-list\">\n<li><strong>1900<\/strong>: El pueblo chol sufre su <strong>primer despojo de tierras<\/strong> por la finca <em>Pensilvania Company Plantation<\/em>, propiedad del finquero Maximiliano Rodemberg.<\/li>\n\n\n\n<li><strong>1910\u20131918<\/strong>: Con la Revoluci\u00f3n Mexicana, los choles comienzan a <strong>organizarse pol\u00edticamente<\/strong> y recuperan tierras. La gripe espa\u00f1ola de 1918 provoca la muerte de sus l\u00edderes.<\/li>\n\n\n\n<li><strong>1922\u20131934<\/strong>: El gobierno federal otorga <strong>resoluciones presidenciales<\/strong>, reconociendo el <strong>ejido de Tila<\/strong> con una superficie total de <strong>5,405 hect\u00e1reas<\/strong> (2,938 hect\u00e1reas de terrenos nacionales y 2,466 de la finca Pensilvania).<\/li>\n\n\n\n<li><strong>1936<\/strong>: Se realiza el <strong>reparto oficial a 836 ejidatarios<\/strong>, con reconocimiento legal conforme al art\u00edculo 27 constitucional.<\/li>\n<\/ul>\n\n\n\n<p><strong>Intentos de Despojo y Conflictos con el Municipio (1943\u20131980)<\/strong><\/p>\n\n\n\n<ul class=\"wp-block-list\">\n<li>Desde <strong>1943<\/strong>, el <strong>ayuntamiento municipal de Tila<\/strong> comienza a registrar casas y solares, <strong>invadiendo terrenos ejidales<\/strong>.<\/li>\n\n\n\n<li>En <strong>1966<\/strong>, el gobierno local intenta crear un \u201cfundo legal\u201d de <strong>130 hect\u00e1reas<\/strong> dentro del ejido. Esto se formaliza con el <strong>Decreto Expropiatorio N.\u00ba 72 (1980)<\/strong>.<\/li>\n\n\n\n<li><strong>Ejidatarios impugnan el decreto<\/strong>, lo consideran una expropiaci\u00f3n fraudulenta.<\/li>\n<\/ul>\n\n\n\n<p><strong>Conflictos Agrarios y Represi\u00f3n (1980\u20132000)<\/strong><\/p>\n\n\n\n<ul class=\"wp-block-list\">\n<li>En <strong>1981<\/strong>, los caciques locales y autoridades estatales retoman el poder mediante <strong>violencia y conflictos armados<\/strong>, despojando m\u00e1s tierras.<\/li>\n\n\n\n<li><strong>Represi\u00f3n constante<\/strong>: Arrestos arbitrarios, destrucci\u00f3n del patrimonio ejidal, instalaci\u00f3n de mercados sin permiso y apropiaci\u00f3n de espacios ejidales.<\/li>\n\n\n\n<li>Entre <strong>1990 y 2000<\/strong>, l\u00edderes ejidales, activistas y comunidades enfrentan <strong>hostigamiento, detenciones y amenazas<\/strong>.<\/li>\n<\/ul>\n\n\n\n<p><strong>Paramilitarismo y Manipulaci\u00f3n Institucional (1994\u20132015)<\/strong><\/p>\n\n\n\n<ul class=\"wp-block-list\">\n<li>El grupo <strong>Paz y Justicia<\/strong> y otros <strong>grupos paramilitares<\/strong> son usados para controlar el territorio y reprimir a los ejidatarios.<\/li>\n\n\n\n<li>Autoridades locales manipulan elecciones de comisariados y falsifican documentos para <strong>legitimar su control<\/strong> sobre el ejido.<\/li>\n\n\n\n<li>Se intentan imponer proyectos sin el consentimiento de la asamblea (subestaciones, auditorios, mercados, etc.).<\/li>\n<\/ul>\n\n\n\n<p><strong>Resistencia Legal y Sentencias de Amparo (2008\u20132018)<\/strong><\/p>\n\n\n\n<ul class=\"wp-block-list\">\n<li>En <strong>2008<\/strong>, se presenta el <strong>amparo 259<\/strong>, y en <strong>2018<\/strong>, la Suprema Corte determina que:\n<ul class=\"wp-block-list\">\n<li>Nunca existi\u00f3 legalmente un <strong>fundo legal en Tila<\/strong>.<\/li>\n\n\n\n<li>Las <strong>130 hect\u00e1reas<\/strong> son parte del ejido y pertenecen a los <strong>836 ejidatarios<\/strong>.<\/li>\n\n\n\n<li>El <strong>Decreto 72 de 1980<\/strong> fue <strong>inconstitucional<\/strong> y se declara <strong>insubsistente en 2019<\/strong> por el gobernador Rutilio Escand\u00f3n.<\/li>\n<\/ul>\n<\/li>\n<\/ul>\n\n\n\n<p><strong>Corrupci\u00f3n, Falsificaci\u00f3n y Violencia (2018\u20132023)<\/strong><\/p>\n\n\n\n<ul class=\"wp-block-list\">\n<li><strong>Autoridades estatales y federales<\/strong> en complicidad con el <strong>grupo paramilitar \u201cKarma\u201d<\/strong> y l\u00edderes corruptos intentan desconocer las resoluciones judiciales.<\/li>\n\n\n\n<li>Se <strong>falsifican firmas<\/strong> y se nombra ilegalmente a comisariados como Miguel V\u00e1zquez Guti\u00e9rrez.<\/li>\n\n\n\n<li><strong>Bloqueos, enfrentamientos armados y asesinatos<\/strong> ocurren, especialmente en 2020 (3 muertos), con impunidad total para los responsables.<\/li>\n<\/ul>\n\n\n\n<p><strong>Persecuci\u00f3n Reciente y Violaciones a Derechos (2021\u20132023)<\/strong><\/p>\n\n\n\n<ul class=\"wp-block-list\">\n<li>Contin\u00faa la <strong>persecuci\u00f3n armada<\/strong> contra l\u00edderes y habitantes del ejido.<\/li>\n\n\n\n<li>Se identifican agresores armados relacionados con el grupo \u201cKarma\u201d.<\/li>\n\n\n\n<li>El <strong>13\u201314 de julio de 2023<\/strong>, se documenta el <strong>ingreso del gobierno estatal con el grupo armado<\/strong>, violando m\u00faltiples art\u00edculos constitucionales y de la <strong>Ley Agraria<\/strong>.<\/li>\n\n\n\n<li>Se denuncian <strong>\u00f3rdenes de aprehensi\u00f3n fabricadas<\/strong> contra inocentes y nula acci\u00f3n contra los agresores.<\/li>\n<\/ul>\n\n\n\n<p><strong>Demandas del Ejido<\/strong><\/p>\n\n\n\n<ul class=\"wp-block-list\">\n<li>Cumplimiento <strong>\u00edntegro del amparo<\/strong> ganado en 2018.<\/li>\n\n\n\n<li>Cancelaci\u00f3n del decreto expropiatorio y todo acto derivado del \u201cfundo legal\u201d.<\/li>\n\n\n\n<li>Respeto a la <strong>autonom\u00eda del pueblo chol<\/strong>, reconocido por la Constituci\u00f3n (art. 2 y 39), convenios internacionales (OIT 169), y por la Suprema Corte.<\/li>\n\n\n\n<li>Cese inmediato a la <strong>represi\u00f3n y criminalizaci\u00f3n<\/strong> de ejidatarios.<\/li>\n<\/ul>\n\n\n\n<p><\/p>\n","protected":false},"excerpt":{"rendered":"<p>Como reportamos recientemente, los miembros de CNI del Ejido Tila y sus anexos, as\u00ed como de los municipios vecinos de Tumbal\u00e1, Sabanilla, Yajal\u00f3n y Salto de Agua en el norte de Chiapas, han estado sufriendo hostigamientos, amenazas, agresiones y detenciones arbitrarias, adem\u00e1s de calumnias y difamaci\u00f3n, por parte de los diferentes niveles de gobierno. Todo [&hellip;]<\/p>\n","protected":false},"author":1,"featured_media":18213,"comment_status":"open","ping_status":"closed","sticky":false,"template":"","format":"standard","meta":{"footnotes":""},"categories":[957,6,1024,190],"tags":[917,63,284,912,23,545,483,95],"class_list":["post-51344","post","type-post","status-publish","format-standard","has-post-thumbnail","hentry","category-autonomia","category-chiapas","category-cni-temas","category-radiozapatista","tag-chiapas","tag-cni","tag-criminalizacion","tag-narcoestado","tag-paramilitares","tag-pueblos-indigenas","tag-tierra-y-territorio","tag-tila"],"_links":{"self":[{"href":"https:\/\/radiozapatista.org\/index.php?rest_route=\/wp\/v2\/posts\/51344","targetHints":{"allow":["GET"]}}],"collection":[{"href":"https:\/\/radiozapatista.org\/index.php?rest_route=\/wp\/v2\/posts"}],"about":[{"href":"https:\/\/radiozapatista.org\/index.php?rest_route=\/wp\/v2\/types\/post"}],"author":[{"embeddable":true,"href":"https:\/\/radiozapatista.org\/index.php?rest_route=\/wp\/v2\/users\/1"}],"replies":[{"embeddable":true,"href":"https:\/\/radiozapatista.org\/index.php?rest_route=%2Fwp%2Fv2%2Fcomments&post=51344"}],"version-history":[{"count":1,"href":"https:\/\/radiozapatista.org\/index.php?rest_route=\/wp\/v2\/posts\/51344\/revisions"}],"predecessor-version":[{"id":51345,"href":"https:\/\/radiozapatista.org\/index.php?rest_route=\/wp\/v2\/posts\/51344\/revisions\/51345"}],"wp:featuredmedia":[{"embeddable":true,"href":"https:\/\/radiozapatista.org\/index.php?rest_route=\/wp\/v2\/media\/18213"}],"wp:attachment":[{"href":"https:\/\/radiozapatista.org\/index.php?rest_route=%2Fwp%2Fv2%2Fmedia&parent=51344"}],"wp:term":[{"taxonomy":"category","embeddable":true,"href":"https:\/\/radiozapatista.org\/index.php?rest_route=%2Fwp%2Fv2%2Fcategories&post=51344"},{"taxonomy":"post_tag","embeddable":true,"href":"https:\/\/radiozapatista.org\/index.php?rest_route=%2Fwp%2Fv2%2Ftags&post=51344"}],"curies":[{"name":"wp","href":"https:\/\/api.w.org\/{rel}","templated":true}]}}