{"id":51327,"date":"2025-07-24T21:51:07","date_gmt":"2025-07-25T03:51:07","guid":{"rendered":"https:\/\/radiozapatista.org\/?p=51327"},"modified":"2025-07-25T10:04:54","modified_gmt":"2025-07-25T16:04:54","slug":"allanamiento-a-la-vivienda-de-la-directora-del-frayba","status":"publish","type":"post","link":"https:\/\/radiozapatista.org\/?p=51327","title":{"rendered":"Allanamiento a la vivienda de la Directora del Frayba"},"content":{"rendered":"\n<figure class=\"wp-block-image\"><img decoding=\"async\" src=\"https:\/\/frayba.org.mx\/sites\/default\/files\/styles\/articulo\/public\/articles\/Disen%CC%83o%20sin%20ti%CC%81tulo%283%29_1.jpg?itok=r0aGPcPW\" alt=\"\"\/><\/figure>\n\n\n\n<h3 class=\"wp-block-heading has-text-align-center\">Allanamiento a la vivienda de la Directora del Frayba<\/h3>\n\n\n\n<p class=\"has-text-align-right\">San Crist\u00f3bal de Las Casas, Chiapas<br>24 de julio de 2025<br><strong>Bolet\u00edn No. 05<\/strong><\/p>\n\n\n\n<ul class=\"wp-block-list\">\n<li><strong>En riesgo a la vida e integridad de personas defensoras en el estado \u201cm\u00e1s seguro de M\u00e9xico\u201d.<\/strong><\/li>\n\n\n\n<li><strong>En menos de 10 meses 2 hallanamientos contra integrantes del Frayba.<\/strong><\/li>\n<\/ul>\n\n\n\n<p>El Centro de Derechos Humanos Fray Bartolom\u00e9 de Las Casas (Frayba) manifiesta su profunda preocupaci\u00f3n ante el allanamiento a la vivienda de nuestra Directora, Dora Roblero, ocurrido la noche del 22 de julio de 2025 en San Crist\u00f3bal de Las Casas, Chiapas.<\/p>\n\n\n\n<p>Este hecho no es aislado. Tal como lo documentamos en nuestro informe m\u00e1s reciente \u201cChiapas, en la espiral de la violencia armada criminal y criminal\u201d, la situaci\u00f3n de riesgo para quienes defendemos los derechos humanos en la entidad se ha recrudecido. En menos de diez meses, este ser\u00eda el segundo allanamiento contra un integrante del Frayba, en un contexto marcado por hostigamientos, intimidaciones y vigilancia sistem\u00e1tica denunciados ante instancias del gobierno federal y estatal, as\u00ed como ante la Comisi\u00f3n Interamericana de Derechos Humanos (CIDH), que otorg\u00f3 al Frayba las Medidas Cautelares MC-5210.<\/p>\n\n\n\n<p>Cabe se\u00f1alar que Dora Roblero fue recientemente ratificada como Directora del Frayba por su Consejo Directivo el pasado 4 de julio, en el mismo contexto en el que se perpetra este acto violento como una medida represiva en torno a la continuidad pol\u00edtica de este Centro.<\/p>\n\n\n\n<p>El allanamiento ocurri\u00f3 aproximadamente a las 19:52 hrs., cuando una vecina advirti\u00f3 que la puerta de entrada de la casa de Dora Roblero estaba abierta, tras recibir el aviso, Dora les solicit\u00f3 encendieran la luz de la sala y cerraran la puerta, al hacer este hecho se percataron de un ruido en la planta alta, por lo que procedieron a cerrar inmediatamente la puerta y retirarse del lugar, acto seguido arribaron para acompa\u00f1ar integrantes del equipo Frayba, quienes llegaron al domicilio a las 20:30 hrs.<\/p>\n\n\n\n<p>A su llegada, constataron varios signos de irrupci\u00f3n: las l\u00e1mparas de la calle no funcionaban, pese a estar activadas por sensores de movimiento, la chapa de la puerta principal estaba forzada, una silla hab\u00eda sido desplazada hacia la cocina, la puerta del traspatio carec\u00eda de pasador, una ventana del segundo piso se encontraba abierta de par en par, un frasco de champ\u00fa estaba tirado en la regadera.<\/p>\n\n\n\n<p>Ante la gravedad de lo observado, a las 21:30 horas se activ\u00f3 el bot\u00f3n de emergencia del Mecanismo de Protecci\u00f3n para Personas Defensoras de Derechos Humanos. Sin embargo, la respuesta institucional fue negligente y evasiva. A las 21:39 hrs., un agente estatal se comunic\u00f3 \u00fanicamente para preguntar sobre las medidas cautelares, sin ofrecer respaldo ni canalizar acci\u00f3n alguna. Dora se\u00f1al\u00f3 que jam\u00e1s recibi\u00f3 los n\u00fameros de contacto de los agentes responsables de los rondines en su domicilio. Como \u00fanica sugerencia, el agente le indic\u00f3 que marcara al 911.<\/p>\n\n\n\n<p>La desprotecci\u00f3n continu\u00f3. A las 22:02 PM, una patrulla de la Polic\u00eda Municipal lleg\u00f3 al lugar con cuatro elementos, quienes se limitaron a levantar una entrevista sin diligencia alguna. A las 22:40 hrs., llegaron cuatro agentes de la Guardia Estatal, sin que se activara un protocolo adecuado de protecci\u00f3n, retir\u00e1ndose del lugar a las 23.00 hrs.<\/p>\n\n\n\n<p>Ante estos hechos realizamos la denuncia formal ante la Fiscal\u00eda de Distrito Altos, por los delitos de allanamiento y los que resulten con el n\u00famero R.A. 0958-078-0305-2025. Es claro que la justicia no vendr\u00e1 del gobierno mexicano, as\u00ed lo demuestra los casos de impunidad que se mantienen como una loza inquebrantable como es el caso de Sim\u00f3n Pedro o el caso del Padre Marcelo.<\/p>\n\n\n\n<p>Este acto constituye una grave violaci\u00f3n a los derechos humanos y al marco de protecci\u00f3n internacional, pues transgrede las medidas cautelares dictadas por la CIDH, que el Estado mexicano est\u00e1 obligado a cumplir. M\u00e1s a\u00fan, representa una agresi\u00f3n directa contra Dora Roblero, el Frayba como instituci\u00f3n y quienes les integran, una clara represalia por su labor de defensa y denuncia ante las m\u00faltiples violencias que se ejercen en Chiapas.<\/p>\n\n\n\n<p>En el Frayba hemos documentado este hecho como parte de una serie de agresiones que evidencian el grave deterioro en la garant\u00eda de derechos humanos en M\u00e9xico, especialmente para quienes luchan por la justicia desde los territorios.<\/p>\n\n\n\n<p>La omisi\u00f3n, descoordinaci\u00f3n y falta de voluntad institucional es parte de una pol\u00edtica sistem\u00e1tica de desprotecci\u00f3n que expone constantemente a quienes defienden la vida y el territorio, en contradicci\u00f3n con el discurso oficial del gobierno estatal, que prioriza la propaganda y el control poblacional por encima de la garant\u00eda de derechos, vaciando de contenido conceptos de paz y justicia, utiliz\u00e1ndolos de una manera publicitaria y trivial.&nbsp;&nbsp;<\/p>\n\n\n\n<p>Exigimos al Estado mexicano: Que garantice plenamente y de manera inmediata la seguridad integral de Dora Roblero y del equipo del Frayba; que se investigue con seriedad y sin dilaci\u00f3n el allanamiento ocurrido; que se cumpla cabalmente con las medidas cautelares dictadas por la CIDH; se ponga fin a las omisiones y simulaciones institucionales que vulneran los derechos de quienes defienden la vida y la dignidad.&nbsp;Convocamos a personas, organizaciones y colectivas solidarias a manifestarse frente a esta violencia directa y estructural promovida por los gobiernos federal y estatal; en estos momentos obscuros es vital defender y proteger la vida de quienes luchan por los derechos humanos, de la tierra y el territorio en Chiapas.<\/p>\n\n\n\n<p><a href=\"https:\/\/frayba.org.mx\/sites\/default\/files\/2025-07\/250724_allanamiento-frayba-boletin-borrador-final.pdf\">Descarga el Bolet\u00edn No. 5 en PDF<\/a>(312.44 KB)<\/p>\n\n\n\n<p><\/p>\n","protected":false},"excerpt":{"rendered":"<p>Allanamiento a la vivienda de la Directora del Frayba San Crist\u00f3bal de Las Casas, Chiapas24 de julio de 2025Bolet\u00edn No. 05 El Centro de Derechos Humanos Fray Bartolom\u00e9 de Las Casas (Frayba) manifiesta su profunda preocupaci\u00f3n ante el allanamiento a la vivienda de nuestra Directora, Dora Roblero, ocurrido la noche del 22 de julio de [&hellip;]<\/p>\n","protected":false},"author":21,"featured_media":51329,"comment_status":"open","ping_status":"closed","sticky":false,"template":"","format":"standard","meta":{"footnotes":""},"categories":[957,51,6,55,954,961,935],"tags":[1288,58,198,53,147,23,545,87,148,27],"class_list":["post-51327","post","type-post","status-publish","format-standard","has-post-thumbnail","hentry","category-autonomia","category-autor","category-chiapas","category-frayba","category-mexico","category-mujeres","category-temas","tag-4t","tag-derechos-humanos","tag-impunidad","tag-justicia","tag-militarizacion","tag-paramilitares","tag-pueblos-indigenas","tag-represion","tag-resistencia","tag-solidaridad"],"_links":{"self":[{"href":"https:\/\/radiozapatista.org\/index.php?rest_route=\/wp\/v2\/posts\/51327","targetHints":{"allow":["GET"]}}],"collection":[{"href":"https:\/\/radiozapatista.org\/index.php?rest_route=\/wp\/v2\/posts"}],"about":[{"href":"https:\/\/radiozapatista.org\/index.php?rest_route=\/wp\/v2\/types\/post"}],"author":[{"embeddable":true,"href":"https:\/\/radiozapatista.org\/index.php?rest_route=\/wp\/v2\/users\/21"}],"replies":[{"embeddable":true,"href":"https:\/\/radiozapatista.org\/index.php?rest_route=%2Fwp%2Fv2%2Fcomments&post=51327"}],"version-history":[{"count":2,"href":"https:\/\/radiozapatista.org\/index.php?rest_route=\/wp\/v2\/posts\/51327\/revisions"}],"predecessor-version":[{"id":51332,"href":"https:\/\/radiozapatista.org\/index.php?rest_route=\/wp\/v2\/posts\/51327\/revisions\/51332"}],"wp:featuredmedia":[{"embeddable":true,"href":"https:\/\/radiozapatista.org\/index.php?rest_route=\/wp\/v2\/media\/51329"}],"wp:attachment":[{"href":"https:\/\/radiozapatista.org\/index.php?rest_route=%2Fwp%2Fv2%2Fmedia&parent=51327"}],"wp:term":[{"taxonomy":"category","embeddable":true,"href":"https:\/\/radiozapatista.org\/index.php?rest_route=%2Fwp%2Fv2%2Fcategories&post=51327"},{"taxonomy":"post_tag","embeddable":true,"href":"https:\/\/radiozapatista.org\/index.php?rest_route=%2Fwp%2Fv2%2Ftags&post=51327"}],"curies":[{"name":"wp","href":"https:\/\/api.w.org\/{rel}","templated":true}]}}