{"id":51323,"date":"2025-07-23T16:17:44","date_gmt":"2025-07-23T22:17:44","guid":{"rendered":"https:\/\/radiozapatista.org\/?p=51323"},"modified":"2025-07-25T10:10:04","modified_gmt":"2025-07-25T16:10:04","slug":"soya-y-ganaderia-arrasan-con-45-millones-de-hectareas-de-la-amazonia-solo-en-2024","status":"publish","type":"post","link":"https:\/\/radiozapatista.org\/?p=51323","title":{"rendered":"Soya y ganader\u00eda arrasan con 4,5\u00a0millones de hect\u00e1reas de la Amazon\u00eda solo en 2024"},"content":{"rendered":"\n<p>Fuente: <a href=\"https:\/\/avispa.org\/soya-y-ganaderia-arrasan-con-45-millones-de-hectareas-de-la-amazonia-solo-en-2024\/\">Avispa Midia<\/a><br>Por Javier Bed\u00eda Prado<\/p>\n\n\n\n<p>Los incendios forestales en la Amazon\u00eda superaron en el a\u00f1o 2024 los m\u00e1ximos registros hist\u00f3ricos, concentr\u00e1ndose en Bolivia y Brasil, puntualmente en \u00e1reas de expansi\u00f3n del monocultivo de soya y la ganader\u00eda.<\/p>\n\n\n\n<p>En total, el fuego y la deforestaci\u00f3n destruyeron 4,5 millones de hect\u00e1reas de bosques primarios, seg\u00fan las observaciones satelitales del Proyecto Monitoreo de la Amazon\u00eda Andina (MAAP).&nbsp;El impacto sin precedentes en el territorio amaz\u00f3nico supera alarmantemente las 3,4 millones&nbsp;de hect\u00e1reas perdidas en 2016,&nbsp;la mayor cantidad hasta entonces.<\/p>\n\n\n\n<p>De las 2,8 millones&nbsp;de hect\u00e1reas arrasadas solamente por incendios el a\u00f1o pasado en toda la Amazon\u00eda, el 95% se localiza solo en Brasil y Bolivia.&nbsp;<\/p>\n\n\n\n<p>\u201cEl acontecimiento pol\u00edtico dominante del 2024 fue la temporada de incendios que bati\u00f3 r\u00e9cords en toda la Amazon\u00eda. Los registros son especialmente significativos dado que la Amazon\u00eda ha experimentado varios a\u00f1os de incendios intensos en las \u00faltimas dos d\u00e9cadas. El m\u00e1s notable se produjo en 2016, tras el fen\u00f3meno de El Ni\u00f1o Godzilla. Sin embargo, las condiciones extremas de sequ\u00eda de 2023 y 2024, asociadas a El Ni\u00f1o, superaron esos puntos de referencia anteriores, creando condiciones extremas\u201d, se\u00f1ala el MAAP.<\/p>\n\n\n\n<!--more-->\n\n\n\n<figure class=\"wp-block-image\"><a class=\"td-modal-image\" href=\"https:\/\/avispa.org\/wp-content\/uploads\/2025\/07\/incendio.jpg\"><img decoding=\"async\" src=\"https:\/\/avispa.org\/wp-content\/uploads\/2025\/07\/incendio.jpg\" alt=\"\" class=\"wp-image-120354\"\/><\/a><\/figure>\n\n\n\n<p>En la mayor\u00eda de \u00e1reasde p\u00e9rdida intensa&nbsp;de bosques se detectaron incendios, focalizados principalmente en las fronteras de la soya y el ganado de las&nbsp;selvas amaz\u00f3nicas brasile\u00f1a&nbsp;y boliviana<strong>.<\/strong>&nbsp;<\/p>\n\n\n\n<p>En Brasil, el primer productor mundial de soya, la superficie cultivada del grano superar\u00e1 este a\u00f1o las 47 millones de hect\u00e1reas, seg\u00fan proyecciones de la industria. Por su parte, la ganader\u00eda es la principal responsable de la deforestaci\u00f3n de la Amazon\u00eda: el 90% del \u00e1rea deforestada fue ocupada por pastos, de acuerdo a datos de MapBiomas de 2024.&nbsp;<\/p>\n\n\n\n<p>As\u00ed como Brasil y Bolivia, el Per\u00fa, Guyana, Surinam y la Guayana Francesa establecieron sus m\u00e1ximos niveles anuales de quema de bosques amaz\u00f3nicos.&nbsp;<\/p>\n\n\n\n<figure class=\"wp-block-image\"><a class=\"td-modal-image\" href=\"https:\/\/avispa.org\/wp-content\/uploads\/2025\/07\/incendiosforestales2.jpg\"><img decoding=\"async\" src=\"https:\/\/avispa.org\/wp-content\/uploads\/2025\/07\/incendiosforestales2-1024x767.jpg\" alt=\"\" class=\"wp-image-120356\"\/><\/a><\/figure>\n\n\n\n<p><strong>Frontera soyera se expande en Bolivia<\/strong><\/p>\n\n\n\n<p>En Bolivia, los incendios afectaron directamente&nbsp;779.960 hect\u00e1reas de bosques primarios, concentradas en la frontera soyera ubicada en el sudeste del departamento de Santa Cruz. La cifra es tres veces superior al m\u00e1ximo registro anterior, en 2023.<\/p>\n\n\n\n<p>En este punto se detecta una expansi\u00f3n de las plantaciones de soya hacia el norte. Santa Cruz es parte del corredor del monocultivo transg\u00e9nico conformado por Bolivia, Paraguay, Brasil, Argentina y Uruguay, que hasta 2020 sumaban un \u00e1rea cultivada de 94 millones de hect\u00e1reas, seg\u00fan cifras del&nbsp;<a href=\"https:\/\/www.biodiversidadla.org\/Atlas\">Atlas del Agronegocio transg\u00e9nico en el Cono Sur<\/a>, de Acci\u00f3n por la Biodiversidad.<\/p>\n\n\n\n<p>En la frontera entre los departamentos de Beni y Pando, y m\u00e1s cerca de la Cordillera de los Andes, en La Paz y Beni, tambi\u00e9n se localiz\u00f3 una considerable cantidad de quema de vegetaci\u00f3n.<\/p>\n\n\n\n<p>Mientras que los focos de deforestaci\u00f3n sin incendios se centraron en la frontera soyera del sureste, en el Chaco. En 2024, la Amazonia boliviana perdi\u00f3&nbsp;476.030&nbsp;hect\u00e1reas&nbsp;de bosques debido al extractivismo forestal, superando en casi el doble el m\u00e1ximo contabilizado de 245.177 hect\u00e1reas, en 2022.&nbsp;<\/p>\n\n\n\n<p>Aunque la deforestaci\u00f3n suele preceder a los incendios, en Bolivia es usual que se produzca una segunda ronda de fuego. \u201cEsto sugiere que pueden ser necesarias intervenciones pol\u00edticas adicionales o distintas, como la regulaci\u00f3n del uso de la tierra, incentivos para el desbroce de tierras sin incendios, o educaci\u00f3n y aplicaci\u00f3n de la ley espec\u00edficas en las fronteras agr\u00edcolas\u201d, indica el MAAP.<\/p>\n\n\n\n<figure class=\"wp-block-image\"><a class=\"td-modal-image\" href=\"https:\/\/avispa.org\/wp-content\/uploads\/2025\/07\/incendiosforestales3.jpg\"><img decoding=\"async\" src=\"https:\/\/avispa.org\/wp-content\/uploads\/2025\/07\/incendiosforestales3.jpg\" alt=\"\" class=\"wp-image-120357\"\/><\/a><\/figure>\n\n\n\n<p><strong>Incendios siguen trazos de carreteras en Brasil<\/strong><\/p>\n\n\n\n<p>En Brasil todos los&nbsp;focos de p\u00e9rdida de bosques se caracterizaron por incendios intensos: el fuego destruy\u00f3&nbsp;1.9 millones de hect\u00e1reas de tierras ancestrales.&nbsp;<\/p>\n\n\n\n<p>Se detecta una concentraci\u00f3n en el sureste de la Amazon\u00eda brasile\u00f1a, a lo largo de la carretera que conecta de norte a sur el estado de Par\u00e1 y alrededores de la v\u00eda. Tambi\u00e9n se encontr\u00f3 una expansi\u00f3n hacia la frontera de la soya del estado de Mato Grosso.<\/p>\n\n\n\n<p>Te puede interesar \u2013&nbsp;<a href=\"https:\/\/avispa.org\/palma-aceitera-y-conservaci%c3%b3n-aliadas-en-la-expulsi%c3%b3n-de-comunidades-en-la-amazon%c3%ada-brasile%c3%b1a\/\">Palma aceitera y conservaci\u00f3n: aliadas en la expulsi\u00f3n de comunidades en la amazon\u00eda brasile\u00f1a<\/a><\/p>\n\n\n\n<p>En el estado norte\u00f1o de Roraima y siguiendo otras grandes&nbsp;redes de caminos, como la Carretera Transamaz\u00f3nica (estados de Par\u00e1 y Amazonas) y la carretera BR-364 (Acre), se hallan otros puntos de incendios.<\/p>\n\n\n\n<p>De acuerdo a reportes del MAAP, m\u00e1s del 70% de los grandes incendios de la Amazon\u00eda brasile\u00f1a queman zonas recientemente deforestadas. En 2024, Brasil perdi\u00f3&nbsp;954.126 hect\u00e1reas&nbsp;de bosques por causa de la deforestaci\u00f3n.&nbsp;<\/p>\n\n\n\n<p>\u201cLa pol\u00edtica de incendios se est\u00e1 convirtiendo en un pilar central de la conservaci\u00f3n de la Amazon\u00eda, junto con los esfuerzos de larga data para frenar la deforestaci\u00f3n. Esta creciente importancia est\u00e1 directamente relacionada con el cambio clim\u00e1tico, tanto en lo que respecta a la intensificaci\u00f3n de las estaciones secas como al aumento previsto de la frecuencia, duraci\u00f3n y gravedad de los fen\u00f3menos de El Ni\u00f1o\u201d, explica el MAAP.<\/p>\n\n\n\n<p><strong>Agroindustria y oro&nbsp;<\/strong><\/p>\n\n\n\n<p>Desde el a\u00f1o 2002 se estiman en 33,7 millones las hect\u00e1reas de bosques amaz\u00f3nicos deforestados; mientras que 10,6 millones de hect\u00e1reas fueron afectadas por incendios, muchos de los cuales se extienden desde zonas recientemente taladas y desmontadas. Las condiciones de sequ\u00eda prolongada favorecen a la propagaci\u00f3n.<\/p>\n\n\n\n<p>El fuego es indicador de una degradaci\u00f3n forestal, observan los especialistas, a diferencia de los impactos m\u00e1s permanentes de la deforestaci\u00f3n, cuyos epicentros en la Amazon\u00eda sin grandes incendios asociados se debieron en 2024, en gran medida, a la agricultura y la miner\u00eda aur\u00edfera, especialmente en Bolivia, Brasil, Colombia, Ecuador y Per\u00fa.&nbsp;<\/p>\n\n\n\n<p>El a\u00f1o pasado, la deforestaci\u00f3n&nbsp;fue la quinta m\u00e1s alta registrada desde 2002, con&nbsp;1,7 millones de hect\u00e1reas de vegetaci\u00f3n amaz\u00f3nica destruida, entre&nbsp;Brasil (54,7%), Bolivia (27,3%), Per\u00fa (8,1%)&nbsp;y&nbsp;Colombia (4,7%).&nbsp;<\/p>\n\n\n\n<p>En Colombia se detecta actividad muy alta alrededor del parque nacional de Chiribiquete, y en los parques nacionales de Tinigua y la Macarena, vinculada a las organizaciones armadas. Los motivos principales son el cultivo de coca, la realizaci\u00f3n de carreteras y el acaparamiento de tierras y pastos para ganado.<\/p>\n\n\n\n<p>En los \u00faltimos a\u00f1os, el aumento de la extracci\u00f3n de oro en el norte de Ecuador y el sur de Per\u00fa, as\u00ed como la expansi\u00f3n de colonias menonitas en la Amazon\u00eda central peruana, son otras causas de deforestaci\u00f3n masiva.<\/p>\n","protected":false},"excerpt":{"rendered":"<p>Fuente: Avispa MidiaPor Javier Bed\u00eda Prado Los incendios forestales en la Amazon\u00eda superaron en el a\u00f1o 2024 los m\u00e1ximos registros hist\u00f3ricos, concentr\u00e1ndose en Bolivia y Brasil, puntualmente en \u00e1reas de expansi\u00f3n del monocultivo de soya y la ganader\u00eda. En total, el fuego y la deforestaci\u00f3n destruyeron 4,5 millones de hect\u00e1reas de bosques primarios, seg\u00fan las [&hellip;]<\/p>\n","protected":false},"author":21,"featured_media":51324,"comment_status":"open","ping_status":"closed","sticky":false,"template":"","format":"standard","meta":{"footnotes":""},"categories":[51,1284,826,958,935],"tags":[1160,567,147,545,483],"class_list":["post-51323","post","type-post","status-publish","format-standard","has-post-thumbnail","hentry","category-autor","category-latinoamerica","category-medios-libres-2","category-megaproyectos","category-temas","tag-amazonia","tag-megaproyectos","tag-militarizacion","tag-pueblos-indigenas","tag-tierra-y-territorio"],"_links":{"self":[{"href":"https:\/\/radiozapatista.org\/index.php?rest_route=\/wp\/v2\/posts\/51323","targetHints":{"allow":["GET"]}}],"collection":[{"href":"https:\/\/radiozapatista.org\/index.php?rest_route=\/wp\/v2\/posts"}],"about":[{"href":"https:\/\/radiozapatista.org\/index.php?rest_route=\/wp\/v2\/types\/post"}],"author":[{"embeddable":true,"href":"https:\/\/radiozapatista.org\/index.php?rest_route=\/wp\/v2\/users\/21"}],"replies":[{"embeddable":true,"href":"https:\/\/radiozapatista.org\/index.php?rest_route=%2Fwp%2Fv2%2Fcomments&post=51323"}],"version-history":[{"count":2,"href":"https:\/\/radiozapatista.org\/index.php?rest_route=\/wp\/v2\/posts\/51323\/revisions"}],"predecessor-version":[{"id":51333,"href":"https:\/\/radiozapatista.org\/index.php?rest_route=\/wp\/v2\/posts\/51323\/revisions\/51333"}],"wp:featuredmedia":[{"embeddable":true,"href":"https:\/\/radiozapatista.org\/index.php?rest_route=\/wp\/v2\/media\/51324"}],"wp:attachment":[{"href":"https:\/\/radiozapatista.org\/index.php?rest_route=%2Fwp%2Fv2%2Fmedia&parent=51323"}],"wp:term":[{"taxonomy":"category","embeddable":true,"href":"https:\/\/radiozapatista.org\/index.php?rest_route=%2Fwp%2Fv2%2Fcategories&post=51323"},{"taxonomy":"post_tag","embeddable":true,"href":"https:\/\/radiozapatista.org\/index.php?rest_route=%2Fwp%2Fv2%2Ftags&post=51323"}],"curies":[{"name":"wp","href":"https:\/\/api.w.org\/{rel}","templated":true}]}}