{"id":51312,"date":"2025-07-23T15:45:09","date_gmt":"2025-07-23T21:45:09","guid":{"rendered":"https:\/\/radiozapatista.org\/?p=51312"},"modified":"2025-07-25T10:10:48","modified_gmt":"2025-07-25T16:10:48","slug":"llaman-a-conformar-nodos-de-trabajo-contra-la-gentrificacion-encuentro-nacional-en-oaxaca","status":"publish","type":"post","link":"https:\/\/radiozapatista.org\/?p=51312","title":{"rendered":"Llaman a conformar nodos de trabajo contra la gentrificaci\u00f3n: Encuentro Nacional en Oaxaca"},"content":{"rendered":"\n<p>Fuente: <a href=\"https:\/\/avispa.org\/llaman-a-conformar-nodos-de-trabajo-contra-la-gentrificacion-encuentro-nacional-en-oaxaca\/\">Avispa Midia<\/a><br>Por Renata Bessi<\/p>\n\n\n\n<p><sup>Foto de portada por Renata Bessi<\/sup><\/p>\n\n\n\n<p>Mientras en la tarde del \u00faltimo domingo (20) el presidente municipal de Oaxaca, Raymundo Chagoya, recorr\u00eda el centro hist\u00f3rico para supervisar las obras de las calles Aldama y Las Casas, que hacen parte de la \u201crevitalizaci\u00f3n\u201d del centro hist\u00f3rico, a unas pocas cuadras de all\u00ed, en el Z\u00f3calo de la ciudad, se daba el mitin de cierre del Encuentro Nacional contra la Gentrificaci\u00f3n, iniciado el mi\u00e9rcoles, 16 de julio, cuya finalizaci\u00f3n de las actividades, que se extender\u00edan hasta el lunes (21), fue adelantada por cuestiones de seguridad.&nbsp;<\/p>\n\n\n\n<p>La integrante del Observatorio Memoria y Libertad, Karen Castillo, una de las organizaciones convocantes de este encuentro, se\u00f1al\u00f3 que documentaron la \u201cpresencia y el acoso policial durante todo el encuentro; varios de nosotros fuimos perseguidos por patrullas pues intentando salir del encuentro y dirigirnos a nuestros hogares\u201d. De igual manera, durante el encuentro en el Z\u00f3calo, dos polic\u00edas estatales se metieron en el mitin e hicieron captura de im\u00e1genes de los participantes.<\/p>\n\n\n\n<p>Las obras de embellecimiento urbano que supervisaba Chagoya fueron inauguradas la misma tarde del domingo, seguido de un acto festivo al tono del megaevento de la Guelaguetza, que se lleva a cabo durante todo el mes de julio en la ciudad, con la presencia masiva de turistas nacionales e internacionales en el centro hist\u00f3rico de esta ciudad. En la inauguraci\u00f3n de las obras estuvieron el gobernador Salom\u00f3n Jara y la ind\u00edgena oaxaque\u00f1a elegida en el contexto de la Guelaguetza como la Diosa Cent\u00e9otl, la mazateca Patricia Casiano Zaragoza.<\/p>\n\n\n\n<!--more-->\n\n\n\n<figure class=\"wp-block-image\"><a class=\"td-modal-image\" href=\"https:\/\/avispa.org\/wp-content\/uploads\/2025\/07\/Chagoya-ignagurando-obras-2.png\"><img decoding=\"async\" src=\"https:\/\/avispa.org\/wp-content\/uploads\/2025\/07\/Chagoya-ignagurando-obras-2-1024x653.png\" alt=\"\" class=\"wp-image-120338\"\/><\/a><\/figure>\n\n\n\n<p><sup>Persona de en medio, de camisa blanca, Raymundo Chagoya presidente municipal del centro de Oaxaca inaugurando obras.<\/sup><\/p>\n\n\n\n<p>Nuevas luminarias,&nbsp;\u00e1rboles, banquetas y mobiliario urbano \u201cembellecen nuestra ciudad y mejoran la movilidad en esta zona emblem\u00e1tica\u201d, se lee en las redes sociales oficiales de la Secretar\u00eda de Obras P\u00fablicas y Desarrollo Urbano del Estado. La intervenci\u00f3n fue realizada en cuatro cuadras en total y costaron&nbsp;12.3 millones de pesos, dentro del programa nombrado&nbsp;<em>Oaxaca Camina<\/em>. Chagoya en sus redes sociales dijo que este programa \u201ctransforma el coraz\u00f3n del centro hist\u00f3rico\u201d.<\/p>\n\n\n\n<p>Los comerciantes informales que ten\u00edan sus puestos en la zona, alrededor de 60, fueron \u201creubicados\u201d, de acuerdo con declaraciones de No\u00e9 Jara Cruz, secretario de gobierno del municipio de Oaxaca. Durante el inicio de las obras, en mayo de 2025, fueron tendidas mantas de protesta en la zona en las cuales se reclamaban que dichas obras solamente beneficiar\u00edan a los turistas y comerciantes.&nbsp;<\/p>\n\n\n\n<figure class=\"wp-block-image\"><a class=\"td-modal-image\" href=\"https:\/\/avispa.org\/wp-content\/uploads\/2025\/07\/Encuentro-contra-la-gentrificacion-Oaxaca-7.jpg\"><img decoding=\"async\" src=\"https:\/\/avispa.org\/wp-content\/uploads\/2025\/07\/Encuentro-contra-la-gentrificacion-Oaxaca-7-1024x684.jpg\" alt=\"\" class=\"wp-image-120348\"\/><\/a><\/figure>\n\n\n\n<p>\u201cMucho del \u2018desarrollo urbano\u2019 se concentra en el centro hist\u00f3rico y las cosas no bellas, no bonitas, lo que el centro no quiere est\u00e1n siendo desplazadas a las periferias. Tambi\u00e9n las personas que no son deseables para la ciudad como los migrantes, las personas en situaci\u00f3n de calle, se hace constantemente una limpieza del centro. Y as\u00ed sucede con todo aquello que no alimenta la imagen ideal de la ciudad de Oaxaca\u201d, dijo a&nbsp;<em>Avispa M\u00eddia<\/em>&nbsp;una de las organizadoras del encuentro contra la gentrificaci\u00f3n, Donaj\u00ed, integrante del colectivo Radical Oaxaca, se\u00f1alando que este fue uno de los temas recurrentes mencionados por participantes de distintas latitudes durante el encuentro.<\/p>\n\n\n\n<p><strong>No es espont\u00e1neo<\/strong><\/p>\n\n\n\n<p>El foro contra la gentrificaci\u00f3n fue un esfuerzo de autogesti\u00f3n que reuni\u00f3&nbsp;colectividades, disidencias sexog\u00e9nericas e individualidades que, con sus propios recursos, viajaron hasta Oaxaca, desde de Ciudad de M\u00e9xico, Baja California Sur, Morelia, Estado de M\u00e9xico, Tur\u00edn Italia, Sevilla Espa\u00f1a, Inglaterra, Bolivia, Colombia.<\/p>\n\n\n\n<p>\u201cSentimos que necesit\u00e1bamos profundizar las informaciones sobre estos temas, conversar entre todas y todos, que necesit\u00e1bamos un momento de di\u00e1logo, de reflexi\u00f3n, de sentarnos a pensar cu\u00e1les son las problem\u00e1ticas en nuestros lugares, qui\u00e9nes est\u00e1n propiciando estas situaciones y tambi\u00e9n buscar posibles soluciones colectivas\u201d, sostuvo Donaj\u00ed refiri\u00e9ndose a lo qu\u00e9 motiv\u00f3 alrededor de 40 colectivos convocar a dicho encuentro.<\/p>\n\n\n\n<figure class=\"wp-block-image\"><a class=\"td-modal-image\" href=\"https:\/\/avispa.org\/wp-content\/uploads\/2025\/07\/Encuentro-contra-la-gentrificacion-Oaxaca-6.jpg\"><img decoding=\"async\" src=\"https:\/\/avispa.org\/wp-content\/uploads\/2025\/07\/Encuentro-contra-la-gentrificacion-Oaxaca-6-1024x627.jpg\" alt=\"\" class=\"wp-image-120344\"\/><\/a><\/figure>\n\n\n\n<p><sup>Conferencia de prensa de los resultados del Encuentro Nacional Contra la Gentrificaci\u00f3n. Foto por Renata Bessi<\/sup><\/p>\n\n\n\n<p>Uno de los puntos&nbsp;\u00e1lgidos del debate fue acerca del significado de los t\u00e9rminos gentrificaci\u00f3n y turistificaci\u00f3n. \u201cNos dimos cuenta que estos conceptos pueden no expresar estrictamente lo que vivimos en nuestros territorios porque son muy diversos, pero en este momento ese concepto nos est\u00e1 ayudando a nombrar lo que vivimos y entonces me parece que es \u00fatil (\u2026), nos esta ayudando a nombrar las diversas formas de despojo\u201d, puntualiz\u00f3 la activista.<\/p>\n\n\n\n<p>Estos procesos no son homog\u00e9neos, argumentan, y adquieren formas espec\u00edficas en cada territorio. En el Istmo de Tehuantepec, por ejemplo, se entrelazan con megaproyectos federales como el Corredor Interoce\u00e1nico. En Ciudad de M\u00e9xico, con la financiarizaci\u00f3n de la vivienda y el avance de plataformas como Airbnb. En Oaxaca, con la apropiaci\u00f3n del centro hist\u00f3rico y la reducci\u00f3n del patrimonio cultural a mercanc\u00eda tur\u00edstica. En Baja California, con el extractivismo inmobiliario que amenaza la costa y los v\u00ednculos comunitarios.<\/p>\n\n\n\n<p>Lo cierto, advierten, es que estos procesos que atraviesan las ciudades, barrios y territorios no son fen\u00f3menos aislados ni espont\u00e1neos. Son estrategias de despojo estructuradas desde el capital y el Estado que, bajo el disfraz del desarrollo, la modernizaci\u00f3n o la revitalizaci\u00f3n, reconfiguran violentamente los espacios de vida para ponerlos al servicio del mercado y de las \u00e9lites. Estos procesos, sostienen los activistas, se alimentan del desarraigo, la especulaci\u00f3n, la privatizaci\u00f3n y la exclusi\u00f3n, y son sostenidos por pol\u00edticas p\u00fablicas, discursos institucionales y actores corporativos que operan en red.<\/p>\n\n\n\n<figure class=\"wp-block-image\"><a class=\"td-modal-image\" href=\"https:\/\/avispa.org\/wp-content\/uploads\/2025\/07\/IMG20250720105330.jpg\"><img decoding=\"async\" src=\"https:\/\/avispa.org\/wp-content\/uploads\/2025\/07\/IMG20250720105330-1024x768.jpg\" alt=\"\u201cNuestra lucha es colectiva, aut\u00f3noma y creativa; no buscamos solo frenar estos procesos, sino construir nuevas formas de habitar y construir la vida\u201d\" class=\"wp-image-120345\"\/><\/a><\/figure>\n\n\n\n<p><sup>Foto por Renata Bessi<\/sup><\/p>\n\n\n\n<p><strong>Desde las mujeres y&nbsp;<\/strong><strong>disidencias sexog\u00e9nericas<\/strong><\/p>\n\n\n\n<p>El derecho a la ciudad pensado desde las mujeres, desde las disidencias sexog\u00e9nericas que, seg\u00fan sus propios relatos, son desplazadxs de los espacios, tambi\u00e9n fueron puntos nodales del debate durante estos d\u00edas de encuentro. C\u00f3mo construir una ciudad que no sea patriarcal, que no sea centrada en el pensamiento masculino, \u201cque est\u00e1 muy de la mano con el pensamiento actual, el que genera la simplificaci\u00f3n de la visi\u00f3n sobre el espacio, que piensa antes de todo en las ganancias\u201d, dijo Donaj\u00ed y a\u00f1ade&nbsp;que, de los grupos de trabajo que emanaron del encuentro, \u201cme parece que ese va a ser uno de los m\u00e1s interesantes\u201d.<\/p>\n\n\n\n<p><strong>Invitaci\u00f3n<\/strong><\/p>\n\n\n\n<p>En el pronunciamiento final del encuentro, las diversas colectividades enfatizaron que su lucha \u201ces colectiva, aut\u00f3noma y creativa; no buscamos solo frenar estos procesos, sino construir nuevas formas de habitar, de organizar la vida, de defender el derecho al territorio\u201d.<\/p>\n\n\n\n<p>As\u00ed, la propuesta es que los colectivos&nbsp;se mantengan coordinados. Del mismo modo invitan&nbsp;a todas las personas que sientan que viven los efectos de alguna desigualdad, que quieran pensar la ciudad, que quieran pensar su comunidad, que se sumen a los nodos de trabajo que se conformaron a partir del encuentro. O que conformen sus propios nodos de trabajo, que&nbsp;documenten, investiguen, se organicen, y se sumen a&nbsp;los&nbsp;nodos&nbsp;ya&nbsp;propuestos&nbsp;\u201cpara fortalecer la lucha contra la&nbsp;gentrificaci\u00f3n y la turistificaci\u00f3n\u201d.<\/p>\n\n\n\n<p>Donaj\u00ed adelanta que brevemente se har\u00e1n p\u00fablicos los medios a trav\u00e9s de los cuales se podr\u00e1 conocer el seguimiento que se dar\u00e1 a los nodos de trabajo. <\/p>\n\n\n\n<figure class=\"wp-block-embed is-type-video is-provider-youtube wp-block-embed-youtube wp-embed-aspect-16-9 wp-has-aspect-ratio\"><div class=\"wp-block-embed__wrapper\">\n<iframe loading=\"lazy\" title=\"Oaxaca: Encuentro nacional contra la gentrificaci\u00f3n\" width=\"500\" height=\"281\" src=\"https:\/\/www.youtube.com\/embed\/2DB6nKMlsvI?feature=oembed\" frameborder=\"0\" allow=\"accelerometer; autoplay; clipboard-write; encrypted-media; gyroscope; picture-in-picture; web-share\" referrerpolicy=\"strict-origin-when-cross-origin\" allowfullscreen><\/iframe>\n<\/div><\/figure>\n","protected":false},"excerpt":{"rendered":"<p>Fuente: Avispa MidiaPor Renata Bessi Foto de portada por Renata Bessi Mientras en la tarde del \u00faltimo domingo (20) el presidente municipal de Oaxaca, Raymundo Chagoya, recorr\u00eda el centro hist\u00f3rico para supervisar las obras de las calles Aldama y Las Casas, que hacen parte de la \u201crevitalizaci\u00f3n\u201d del centro hist\u00f3rico, a unas pocas cuadras de [&hellip;]<\/p>\n","protected":false},"author":21,"featured_media":51314,"comment_status":"open","ping_status":"closed","sticky":false,"template":"","format":"standard","meta":{"footnotes":""},"categories":[957,51,826,958,954,935],"tags":[58,146,147,918,87,148,483],"class_list":["post-51312","post","type-post","status-publish","format-standard","has-post-thumbnail","hentry","category-autonomia","category-autor","category-medios-libres-2","category-megaproyectos","category-mexico","category-temas","tag-derechos-humanos","tag-gentrification","tag-militarizacion","tag-oaxaca","tag-represion","tag-resistencia","tag-tierra-y-territorio"],"_links":{"self":[{"href":"https:\/\/radiozapatista.org\/index.php?rest_route=\/wp\/v2\/posts\/51312","targetHints":{"allow":["GET"]}}],"collection":[{"href":"https:\/\/radiozapatista.org\/index.php?rest_route=\/wp\/v2\/posts"}],"about":[{"href":"https:\/\/radiozapatista.org\/index.php?rest_route=\/wp\/v2\/types\/post"}],"author":[{"embeddable":true,"href":"https:\/\/radiozapatista.org\/index.php?rest_route=\/wp\/v2\/users\/21"}],"replies":[{"embeddable":true,"href":"https:\/\/radiozapatista.org\/index.php?rest_route=%2Fwp%2Fv2%2Fcomments&post=51312"}],"version-history":[{"count":2,"href":"https:\/\/radiozapatista.org\/index.php?rest_route=\/wp\/v2\/posts\/51312\/revisions"}],"predecessor-version":[{"id":51335,"href":"https:\/\/radiozapatista.org\/index.php?rest_route=\/wp\/v2\/posts\/51312\/revisions\/51335"}],"wp:featuredmedia":[{"embeddable":true,"href":"https:\/\/radiozapatista.org\/index.php?rest_route=\/wp\/v2\/media\/51314"}],"wp:attachment":[{"href":"https:\/\/radiozapatista.org\/index.php?rest_route=%2Fwp%2Fv2%2Fmedia&parent=51312"}],"wp:term":[{"taxonomy":"category","embeddable":true,"href":"https:\/\/radiozapatista.org\/index.php?rest_route=%2Fwp%2Fv2%2Fcategories&post=51312"},{"taxonomy":"post_tag","embeddable":true,"href":"https:\/\/radiozapatista.org\/index.php?rest_route=%2Fwp%2Fv2%2Ftags&post=51312"}],"curies":[{"name":"wp","href":"https:\/\/api.w.org\/{rel}","templated":true}]}}