{"id":51306,"date":"2025-07-23T15:00:17","date_gmt":"2025-07-23T21:00:17","guid":{"rendered":"https:\/\/radiozapatista.org\/?p=51306"},"modified":"2025-07-25T10:12:22","modified_gmt":"2025-07-25T16:12:22","slug":"defensoras-y-defensores-del-peru-denuncian-injerencia-del-estado-a-organizaciones","status":"publish","type":"post","link":"https:\/\/radiozapatista.org\/?p=51306","title":{"rendered":"Defensoras y defensores del Per\u00fa denuncian injerencia del Estado a organizaciones"},"content":{"rendered":"\n<p>Fuente: <a href=\"https:\/\/avispa.org\/defensoras-y-defensores-del-peru-denuncian-injerencia-del-estado-a-organizaciones\/\">Avispa Midia<\/a><br>Por Javier Bed\u00eda Prado<br><sup><code>Foto de portada por Red Muqui<\/code><\/sup><\/p>\n\n\n\n<p>Decenas de l\u00edderes de pueblos amaz\u00f3nicos y comunidades campesinas costeras y andinas se reunieron en el&nbsp;<a href=\"https:\/\/web.facebook.com\/defensorasydefensoresdelperu\">Tercer Encuentro Nacional de Defensores y Defensoras de Derechos Humanos y del Medio Ambiente<\/a>,&nbsp;realizado en Lima, Per\u00fa, del 7 al 9 de julio, en un contexto de profundizaci\u00f3n de los extractivismos y la coerci\u00f3n a trav\u00e9s de normativas.&nbsp;<\/p>\n\n\n\n<p>Es el caso de la modificaci\u00f3n&nbsp;a la Ley de Creaci\u00f3n de la Agencia Peruana de Cooperaci\u00f3n Internacional (APCI), que aumenta el control indebido a las organizaciones de la sociedad civil, con el fin de restringir la acci\u00f3n ante problem\u00e1ticas desatendidas o generadas por los gobiernos.&nbsp;<\/p>\n\n\n\n<p>Las condiciones ambientales y de salud p\u00fablica son cr\u00edticas, con el&nbsp;31,5 % de la poblaci\u00f3n nacional expuesta a niveles peligrosos de&nbsp;metales t\u00f3xicos. El cambio en la norma permite al Estado bloquear el financiamiento proveniente de otros pa\u00edses a colectivos organizados para acceder a justicia.<\/p>\n\n\n\n<p>Seis ni\u00f1as y ni\u00f1os fallecieron, entre abril y mayo, por contaminaci\u00f3n e intoxicaci\u00f3n con metales pesados y sustancias t\u00f3xicas.&nbsp;La&nbsp;<a href=\"https:\/\/planametox.org\/\">Plataforma Nacional de Afectadas y Afectados por Metales, Metaloides y Otras Sustancias Qu\u00edmicas T\u00f3xicas<\/a>report\u00f3 este a\u00f1o que&nbsp;m\u00e1s de 10 millones de personas beben agua y respiran un aire con altos niveles de&nbsp;ars\u00e9nico, plomo, cadmio y mercurio.<\/p>\n\n\n\n<!--more-->\n\n\n\n<p><a href=\"https:\/\/avispa.org\/peru-semillas-nativas-en-peligro\/\"><strong>Ver tambi\u00e9n: Per\u00fa: Semillas nativas en peligro<\/strong><\/a><\/p>\n\n\n\n<p>\u201cEstamos siendo perseguidos, despojados de nuestros territorios, donde nuestras abuelas y abuelos nos dejaron nuestra cultura, las semillas, las reservas para los que vienen. Hoy somos sacrificados, saqueados, los recursos que tenemos est\u00e1n siendo manchados de sangre. Nuestra sangre est\u00e1 con metales pesados, nuestros hermanos campesinos originarios est\u00e1n luchando las 24 horas porque conviven con la naturaleza, con la madre tierra\u201d, expres\u00f3 Elsa Merma,&nbsp;presidenta de la Asociaci\u00f3n de Mujeres Defensoras del Territorio y Cultura K\u2019ana, en resistencia contra la contaminaci\u00f3n minera en la provincia de Espinar (regi\u00f3n Cusco).<\/p>\n\n\n\n<p>Entre 2019 y 2024, fueron asesinados 57 defensores ambientales en el Per\u00fa, de acuerdo al Ministerio de Justicia y Derechos Humanos. En el mismo per\u00edodo, las vidas de m\u00e1s de 650 activistas se encontraban en riesgo.<\/p>\n\n\n\n<figure class=\"wp-block-image\"><a class=\"td-modal-image\" href=\"https:\/\/avispa.org\/wp-content\/uploads\/2025\/07\/defensores2.jpg\"><img decoding=\"async\" src=\"https:\/\/avispa.org\/wp-content\/uploads\/2025\/07\/defensores2.jpg\" alt=\"\" class=\"wp-image-120329\"\/><\/a><\/figure>\n\n\n\n<p>Foto por Red Muqui<\/p>\n\n\n\n<p><strong>Cerco a la organizaci\u00f3n de defensores<\/strong><\/p>\n\n\n\n<p>El nuevo marco legal sobre la cooperaci\u00f3n internacional es una herramienta para imponer sanciones econ\u00f3micas y penales a organizaciones de defensores de territorios. Ante esta posibilidad,&nbsp;la Corte Interamericana de Derechos Humanos (Corte IDH) orden\u00f3 al Gobierno peruano, en resoluci\u00f3n emitida el 2 de julio, abstenerse de multar&nbsp;a la Federaci\u00f3n Nativa del R\u00edo Madre de Dios y Afluentes (Fenamad) y&nbsp;<a href=\"https:\/\/earthrights.org\/\">EarthRights International<\/a>&nbsp;por sus acciones en defensa de los pueblos ind\u00edgenas en aislamiento mashco piro, yora y amahuaca.&nbsp;<\/p>\n\n\n\n<p>La&nbsp;<a href=\"https:\/\/fenamad.com.pe\/\">Fenamad<\/a>&nbsp;representa a estas comunidades en el proceso de la Corte IDH contra el Estado del Per\u00fa por violaciones a los derechos de las etnias amaz\u00f3nicas. La ley APCI es una amenaza para los colectivos ambientalistas, con mayores riesgos para los situados en los territorios.&nbsp;&nbsp;<\/p>\n\n\n\n<p>\u201cEstamos exigiendo que se deroguen las leyes que atentan a nuestros territorios, como la ley antiforestal, la ley APCI. No podemos defendernos porque esta ley APCI est\u00e1 maniat\u00e1ndonos. La ley antiforestal est\u00e1 incitando a que todos los territorios peruanos est\u00e9n despoj\u00e1ndose. Va a haber conflictos, nosotros vamos a ser m\u00e1s perseguidos, m\u00e1s amenazados. Exigimos que todas las leyes que atenten contra la vida, la integridad, la salud y el medio ambiente sean derogadas, antes de que entren en colapso\u201d, observ\u00f3 la lideresa amaz\u00f3nica Olivia Bisa,&nbsp;presidenta del&nbsp;<a href=\"applewebdata:\/\/8908E7AE-F716-4FE1-88C0-2557DC80BDE7\/Gobierno%20Territorial%20Aut%C3%B3nomo%20Naci%C3%B3n%20Chapra\">Gobierno Territorial Aut\u00f3nomo Naci\u00f3n Chapra<\/a>&nbsp;(regi\u00f3n Loreto).&nbsp;<\/p>\n\n\n\n<p>Entre estas, la ley que ampl\u00eda el plazo de registro de formalizaci\u00f3n para la miner\u00eda peque\u00f1a y artesanal, adem\u00e1s del dictamen que permite que se legalicen las posesiones informales de tierras comunales con fines de vivienda, en casos que no est\u00e9n reconocidas como territorios ind\u00edgenas u originarios, o en contiendas judiciales de reivindicaci\u00f3n.<\/p>\n\n\n\n<p>Por ello,&nbsp;se resalt\u00f3 la necesidad de que el Estado reconozca a todas las comunidades campesinas, para que ejerzan la autodeterminaci\u00f3n sobre sus territorios, amenazados por la miner\u00eda, agroindustria y megaproyectos de infraestructura.<\/p>\n\n\n\n<p>El 15.51% del territorio nacional est\u00e1 ocupado por concesiones mineras, seg\u00fan el&nbsp;<a href=\"https:\/\/cooperaccion.org.pe\/como-van-las-concesiones-mineras-en-el-peru-2\/\">monitoreo de CooperAcci\u00f3n<\/a>&nbsp;actualizado en mayo. Sin contar las tierras entregadas para explotaci\u00f3n de hidrocarburos, tala legal y monocultivos, estos en expansi\u00f3n en la Amazon\u00eda.<\/p>\n\n\n\n<figure class=\"wp-block-image\"><a class=\"td-modal-image\" href=\"https:\/\/avispa.org\/wp-content\/uploads\/2025\/07\/defensores1.jpg\"><img decoding=\"async\" src=\"https:\/\/avispa.org\/wp-content\/uploads\/2025\/07\/defensores1.jpg\" alt=\"\" class=\"wp-image-120330\"\/><\/a><\/figure>\n\n\n\n<p>Foto por Red Muqui<\/p>\n\n\n\n<p><strong>Gobiernos aut\u00f3nomos frente a complicidad estatal<\/strong><\/p>\n\n\n\n<p>La mayor\u00eda de procesos judiciales, se\u00f1alan las defensoras y los defensores, proviene de las instituciones estatales. Se han normalizado las acusaciones de delitos ambientales a los propios guardianes de territorios, como m\u00e9todo de intimidaci\u00f3n y desgaste.<\/p>\n\n\n\n<p>El defensor de la comunidad campesina muchik Santa Catalina de Chongoyape (regi\u00f3n Lambayeque), Javier Ruiz Guti\u00e9rrez, relat\u00f3 que el Ministerio P\u00fablico denunci\u00f3 por maltrato animal a los guardabosques del&nbsp;<a href=\"https:\/\/web.facebook.com\/ChaparrienPeligro\">\u00e1rea de conservaci\u00f3n Chaparr\u00ed<\/a>, donde se protege al oso andino y aves en peligro de extinci\u00f3n en la costa norte peruana.<\/p>\n\n\n\n<p>Entre las conclusiones de las defensoras y defensores se resalt\u00f3 la necesidad de reforzar las formas ancestrales de autogobierno.<\/p>\n\n\n\n<p><a href=\"https:\/\/avispa.org\/carta-abierta-a-despojo-de-comunidades-campesinas-del-peru\/\"><strong>Tambi\u00e9n te puede interesar: Carta abierta a despojo de comunidades campesinas del Per\u00fa<\/strong><\/a><\/p>\n\n\n\n<p>\u201cDemandamos la titulaci\u00f3n, demarcaci\u00f3n y georreferanciaci\u00f3n integral de todos los territorios ind\u00edgenas y campesinos. El Estado debe reconocer y fortalecer nuestros sistemas de autogobierno, como las Guardias Ind\u00edgenas y Gobiernos Territoriales Aut\u00f3nomos. Exigimos que se respete de forma efectiva el derecho a la consulta previa, libre, informada y vinculante en todos los casos\u201d, destacan las y los defensores en un pronunciamiento.<\/p>\n\n\n\n<p>El d\u00eda en que conclu\u00eda el encuentro, el&nbsp;<a href=\"https:\/\/nacionwampis.com\/\">Gobierno Territorial Aut\u00f3nomo de la Naci\u00f3n Wamp\u00eds<\/a>&nbsp;decidi\u00f3 hacerse cargo de la expulsi\u00f3n de los mineros ilegales del r\u00edo Santiago, en m\u00e1rgenes de las regiones Amazonas y Loreto, ante la inacci\u00f3n del Estado.<\/p>\n\n\n\n<p>\u201cEl gobierno peruano nos abandon\u00f3 al cancelar una operaci\u00f3n conjunta (contra la miner\u00eda ilegal) a \u00faltimo minuto, demostrando su falta de voluntad para proteger la Amazon\u00eda y a sus pueblos originarios. A\u00f1os de promesas vac\u00edas han permitido que la devastaci\u00f3n avance. No esperaremos m\u00e1s\u201d, manifest\u00f3 la organizaci\u00f3n en un comunicado.<\/p>\n\n\n\n<p>La Naci\u00f3n Wamp\u00eds demand\u00f3&nbsp;al Ministerio de Defensa, Ministerio del Interior y a la Fiscal\u00eda Especializada en Materia Ambiental (FEMA) que garanticen que este proceso se realice en paz.<\/p>\n\n\n\n<p>Sin embargo, el&nbsp;Ej\u00e9rcito no autoriz\u00f3 la estad\u00eda de un puesto de control del Gobierno Territorial Wamp\u00eds en el \u00e1rea donde, el 12 de julio, una comitiva de guardianes ind\u00edgenas fue atacada con armas de fuego y explosivos por mineros informales, durante un recorrido pac\u00edfico de control y defensa de su territorio.&nbsp;<\/p>\n\n\n\n<p>Del mismo modo, el 14 de julio la comunidad nativa Flor de Ucayali denunci\u00f3 que la Regi\u00f3n Policial Ucayali opt\u00f3 por no acompa\u00f1ar el patrullaje comunitario contra el narcotr\u00e1fico, a pesar de compromisos acordados con autoridades regionales.&nbsp;<\/p>\n\n\n\n<figure class=\"wp-block-image\"><a class=\"td-modal-image\" href=\"https:\/\/avispa.org\/wp-content\/uploads\/2025\/07\/defensoras.jpeg\"><img decoding=\"async\" src=\"https:\/\/avispa.org\/wp-content\/uploads\/2025\/07\/defensoras-819x1024.jpeg\" alt=\"\" class=\"wp-image-120331\"\/><\/a><\/figure>\n\n\n\n<p>Foto por Red Muqui<\/p>\n","protected":false},"excerpt":{"rendered":"<p>Fuente: Avispa MidiaPor Javier Bed\u00eda PradoFoto de portada por Red Muqui Decenas de l\u00edderes de pueblos amaz\u00f3nicos y comunidades campesinas costeras y andinas se reunieron en el&nbsp;Tercer Encuentro Nacional de Defensores y Defensoras de Derechos Humanos y del Medio Ambiente,&nbsp;realizado en Lima, Per\u00fa, del 7 al 9 de julio, en un contexto de profundizaci\u00f3n de [&hellip;]<\/p>\n","protected":false},"author":21,"featured_media":51307,"comment_status":"open","ping_status":"closed","sticky":false,"template":"","format":"standard","meta":{"footnotes":""},"categories":[957,51,1284,826,958,935],"tags":[58,1305,567,147,545,148,27,483],"class_list":["post-51306","post","type-post","status-publish","format-standard","has-post-thumbnail","hentry","category-autonomia","category-autor","category-latinoamerica","category-medios-libres-2","category-megaproyectos","category-temas","tag-derechos-humanos","tag-latinoamerica","tag-megaproyectos","tag-militarizacion","tag-pueblos-indigenas","tag-resistencia","tag-solidaridad","tag-tierra-y-territorio"],"_links":{"self":[{"href":"https:\/\/radiozapatista.org\/index.php?rest_route=\/wp\/v2\/posts\/51306","targetHints":{"allow":["GET"]}}],"collection":[{"href":"https:\/\/radiozapatista.org\/index.php?rest_route=\/wp\/v2\/posts"}],"about":[{"href":"https:\/\/radiozapatista.org\/index.php?rest_route=\/wp\/v2\/types\/post"}],"author":[{"embeddable":true,"href":"https:\/\/radiozapatista.org\/index.php?rest_route=\/wp\/v2\/users\/21"}],"replies":[{"embeddable":true,"href":"https:\/\/radiozapatista.org\/index.php?rest_route=%2Fwp%2Fv2%2Fcomments&post=51306"}],"version-history":[{"count":2,"href":"https:\/\/radiozapatista.org\/index.php?rest_route=\/wp\/v2\/posts\/51306\/revisions"}],"predecessor-version":[{"id":51337,"href":"https:\/\/radiozapatista.org\/index.php?rest_route=\/wp\/v2\/posts\/51306\/revisions\/51337"}],"wp:featuredmedia":[{"embeddable":true,"href":"https:\/\/radiozapatista.org\/index.php?rest_route=\/wp\/v2\/media\/51307"}],"wp:attachment":[{"href":"https:\/\/radiozapatista.org\/index.php?rest_route=%2Fwp%2Fv2%2Fmedia&parent=51306"}],"wp:term":[{"taxonomy":"category","embeddable":true,"href":"https:\/\/radiozapatista.org\/index.php?rest_route=%2Fwp%2Fv2%2Fcategories&post=51306"},{"taxonomy":"post_tag","embeddable":true,"href":"https:\/\/radiozapatista.org\/index.php?rest_route=%2Fwp%2Fv2%2Ftags&post=51306"}],"curies":[{"name":"wp","href":"https:\/\/api.w.org\/{rel}","templated":true}]}}