{"id":51289,"date":"2025-07-21T12:05:13","date_gmt":"2025-07-21T18:05:13","guid":{"rendered":"https:\/\/radiozapatista.org\/?p=51289"},"modified":"2025-07-21T13:19:51","modified_gmt":"2025-07-21T19:19:51","slug":"3-posdatas-3vii-preguntas-imagenes-y-sentimientos-%cd%b7ati%ea%9f%bca%c9%94-%e2%85%83%c7%9d","status":"publish","type":"post","link":"https:\/\/radiozapatista.org\/?p=51289","title":{"rendered":"3 posdatas 3VII.- PREGUNTAS, IM\u00c1GENES Y SENTIMIENTOS | \u0376\u00c0TI\ua7fcA\u0186 \u2143\u018e | Julio de 2025"},"content":{"rendered":"\n<p>Fuente: <a href=\"https:\/\/enlacezapatista.ezln.org.mx\/2025\/07\/20\/3-posdatas-3-vii-preguntas-imagenes-y-sentimientos\/\">Enlace Zapatista<\/a><\/p>\n\n\n\n<p class=\"has-text-align-center\">3 posdatas 3<br><strong><br>VII.- PREGUNTAS, IM\u00c1GENES Y SENTIMIENTOS.<\/strong><\/p>\n\n\n\n<p>&nbsp; \u00bfCu\u00e1l imagen le conmueve?<\/p>\n\n\n\n<p>&nbsp; \u00bfLa de un ni\u00f1o extraviado en una multitud de adultos?&nbsp; \u00bfLa de una ni\u00f1a que no sabe a\u00fan que es s\u00f3lo una pieza de cacer\u00eda?<\/p>\n\n\n\n<p>&nbsp; \u00bfLa de una mujer desaparecida, atrapada en el limbo de la violencia sin fin, atenida s\u00f3lo a que sus cercanos le busquen porque las autoridades s\u00f3lo est\u00e1n preocupadas por las estad\u00edsticas (las oficiales, porque la reales no se pueden manipular)?<\/p>\n\n\n\n<p>&nbsp; \u00bfLa de una madre, con todo el dolor tatuado en el rostro, buscando a su cr\u00eda desaparecida?<\/p>\n\n\n\n<p>&nbsp; \u00bfLa de los cad\u00e1veres de infantes entre los escombros de Gaza?<\/p>\n\n\n\n<p>&nbsp; \u00bfLa del migrante hombre, mujer, <strong><em>otroa<\/em><\/strong> (no importa el g\u00e9nero sino el color de piel), que descubre que el terror no reconoce fronteras ni nacionalidades, y que tiene que agregar a las remesas el env\u00edo de miedo y desesperanza?<\/p>\n\n\n\n<p>&nbsp; \u00bfLa de <strong><em>loa otroa<\/em><\/strong>, orgullosa de su ropaje de luces, con el rostro descompuesto al ver acercarse las luces rojas y azules de la polic\u00eda?<\/p>\n\n\n\n<p>&nbsp; \u00bfLa de la familia del trabajador, la empleada, el chofer, la repartidora, el alba\u00f1il, la profesora, que no puede disponer del seguro porque el abogado del patr\u00f3n \u201cdemostr\u00f3\u201d que el accidente que le cost\u00f3 la vida \u201cno fue en horario laboral\u201d?<\/p>\n\n\n\n<p>&nbsp; \u00bfLa del pueblo originario (el Tata Juan Ch\u00e1vez nos ense\u00f1\u00f3 que as\u00ed se nombra a quien el de arriba llama \u201cindio\u201d, y que hay pueblos, naciones, tribus y barrios originarios) que mira desconcertado al que tiene su mismo color de piel pero no de coraz\u00f3n (ahora es funcionario -que quiere decir que tiene el color del dinero)-, que le dice algo y le entrega papeles, y ese pueblo no entiende que le est\u00e1n diciendo que ser\u00e1 desalojado porque es invasor de la tierra que trabajaron sus padres y madres, sus abuelas y abuelos, sus bisabuelos y bisabuelas y as\u00ed hasta siglos antes, pero que no se preocupe porque con esa mina, ese campo de fotoceldas, ese complejo tur\u00edstico, esa autopista, ese tren tur\u00edstico, ese centro comercial, llegar\u00e1 el progreso y la civilizaci\u00f3n y al fin podr\u00e1 volver a ser pe\u00f3n de un nuevo hacendado?<\/p>\n\n\n\n<p class=\"has-text-align-center\"><strong>-*-<\/strong><\/p>\n\n\n\n<p>&nbsp; \u00bfCu\u00e1l imagen le indigna?<\/p>\n\n\n\n<p>&nbsp; \u00bfLa de Trump masturb\u00e1ndose mientras ve las noticias de m\u00e1s y m\u00e1s infantes asesinados en Palestina, y se imagina un complejo tur\u00edstico \u201cgrande y hermoso\u201d construido sobre los cad\u00e1veres?<\/p>\n\n\n\n<p>&nbsp; \u00bfLa de Netanyahu declarando a la televisi\u00f3n internacional que Ir\u00e1n est\u00e1 atentando contra civiles con sus bombas y deber\u00eda ser condenado por la comunidad internacional?<\/p>\n\n\n\n<p>&nbsp; \u00bfLa del ministerio p\u00fablico que mira con morbo a la jovencita ultrajada mientras la juzga, sentencia y condena \u201cporque con esas ropas, mija, t\u00fa te lo buscaste\u201d?<\/p>\n\n\n\n<p>&nbsp; \u00bfLa de la funcionaria transformadora que, para demostrar que est\u00e1 comprometida con las causas justas, ante la demanda de b\u00fasqueda de desaparecidas, \u201cregala\u201d picos y palas? (\u201coiga, pero las est\u00e1n cobrando\u201d; \u201cBah, a ese precio est\u00e1n como regaladas\u201d).<\/p>\n\n\n\n<p>&nbsp; \u00bfLa del polic\u00eda del ICE gringo que golpea con sa\u00f1a a un migrante que le dice, el rostro sangrante, que \u00e9l est\u00e1 en la Uni\u00f3n Americana desde antes que ese agente naciera?<\/p>\n\n\n\n<p>&nbsp; \u00bfLa de <strong><em>loa otroa<\/em><\/strong>, con el cuerpo roto cubierto de orines y sangre, mientras el de la c\u00e1mara env\u00eda a su jefe la foto y el mensaje \u201cva la foto del putito que quebraron\u201d?<\/p>\n\n\n\n<p>&nbsp; \u00bfLa del abogado que argumenta: \u201clas leyes se estudian para saber c\u00f3mo violarlas\u2026 legalmente, claro\u201d?<\/p>\n\n\n\n<p>&nbsp; \u00bfLa de la preclara legisladora progresista que, soberbia vana, consigue condenar a quien puso un tuit (o como se diga) diciendo lo que todos saben que es cierto, pero, al mismo tiempo, teme, humildad impuesta, que le cancelen la visa gringa?<\/p>\n\n\n\n<p>&nbsp; \u00bfLa de funcionarios que no funcionan si no \u201cse aceita la maquina\u201d, o lo que es lo mismo: \u201cwith money dancing the dog\u201d?<\/p>\n\n\n\n<p class=\"has-text-align-center\"><strong>-*-<\/strong><\/p>\n\n\n\n<p>&nbsp;Y \u00bfpor qu\u00e9 necesita esas im\u00e1genes -si es que le conmueven e indignan, claro-, para reconocerse como ser humano?<\/p>\n\n\n\n<p class=\"has-text-align-center\"><strong>-*-<\/strong><\/p>\n\n\n\n<p>&nbsp; En la pir\u00e1mide mundial, la geograf\u00eda de la modernidad y el progreso, su mapa pues, es un gigantesco mural con fotos.<\/p>\n\n\n\n<p>&nbsp; Arriba: las im\u00e1genes retocadas de las distintas marcas del Gran Capital.&nbsp; Pocas.<\/p>\n\n\n\n<p>&nbsp;&nbsp;Abajo: millones de im\u00e1genes de desaparecidas, muertos y olvidadas.&nbsp; Selvas devastadas con m\u00e1quinas y estupidez.&nbsp; R\u00edos y lagunas contaminadas con las heces mortales de las mineras.&nbsp; Pueblos originarios que ata\u00f1o eran vida y hoy son un complejo hotelero \u201c<em>todo incluido<\/em>\u201d.&nbsp; Las colonias marginales.&nbsp; Los cielos humeantes de las ciudades industriales con piezas y engranes de carne y hueso.&nbsp; Guerras donde mueren los desechables de siempre.&nbsp; Un cementerio clandestino como Patria.<\/p>\n\n\n\n<p class=\"has-text-align-center\"><strong>-*-<\/strong><\/p>\n\n\n\n<p>&nbsp; Pero tal vez no es todo.&nbsp; Tal vez, ah\u00ed, en ese rinc\u00f3n, abajo y a la izquierda, hay quien resiste y, resistiendo, se rebela y revela.&nbsp; Tal vez\u2026<\/p>\n\n\n\n<p class=\"has-text-align-center\"><em>\u201cSon las voces, los brazos y los pies decisivos,<\/em><br><em>y los rostros perfectos, y los ojos de fuego,<\/em><br><em>y la t\u00e1ctica en vilo de quienes hoy te odian<\/em><br><em>para amarte ma\u00f1ana cuando el alba sea alba<\/em><br><em>y no chorro de insultos, y no r\u00edo de fatigas,\u201d<\/em><br><em>y no una puerta falsa para huir de rodillas.\u201d<\/em><\/p>\n\n\n\n<p class=\"has-text-align-right\"><strong>Declaraci\u00f3n de Odio.&nbsp; Efra\u00edn Huerta (1914-1982).<\/strong><\/p>\n\n\n\n<p>Desde las Monta\u00f1as del Sureste Mexicano.<\/p>\n\n\n\n<figure class=\"wp-block-image\"><img decoding=\"async\" src=\"https:\/\/i0.wp.com\/enlacezapatista.ezln.org.mx\/wp-content\/uploads\/2023\/11\/firma.png?resize=358%2C290&amp;ssl=1\" alt=\"\" class=\"wp-image-24439\"\/><\/figure>\n\n\n\n<p>El Capit\u00e1n.<br>M\u00e9xico, Julio del 2025.<\/p>\n\n\n\n<figure class=\"wp-block-embed is-type-video is-provider-vimeo wp-block-embed-vimeo wp-embed-aspect-16-9 wp-has-aspect-ratio\"><div class=\"wp-block-embed__wrapper\">\n<iframe loading=\"lazy\" title=\"VII.- PREGUNTAS, IM\u00c1GENES Y SENTIMIENTOS\" src=\"https:\/\/player.vimeo.com\/video\/1102953978?dnt=1&amp;app_id=122963\" width=\"500\" height=\"281\" frameborder=\"0\" allow=\"autoplay; fullscreen; picture-in-picture; clipboard-write; encrypted-media; web-share\" referrerpolicy=\"strict-origin-when-cross-origin\"><\/iframe>\n<\/div><\/figure>\n\n\n\n<p>Im\u00e1genes de preparativos para el \u00abEncuentro de Resistencias y Rebeld\u00edas Algunas Partes del Todo\u00bb en agosto del 2025, Terci@s Compas Zapatistas<br>Audio: Voz y palabras de Eduardo Galeano, fragmentos de los textos \u00abLos Ausentes\u00bb, \u00abEl disfraz de la guerra\u00bb, \u00abEducaci\u00f3n y Cultura\u00bb y \u00abEl Mundo\u00bb. Entrevista de Mundo Untref, 2012.<\/p>\n","protected":false},"excerpt":{"rendered":"<p>Fuente: Enlace Zapatista 3 posdatas 3VII.- PREGUNTAS, IM\u00c1GENES Y SENTIMIENTOS. &nbsp; \u00bfCu\u00e1l imagen le conmueve? &nbsp; \u00bfLa de un ni\u00f1o extraviado en una multitud de adultos?&nbsp; \u00bfLa de una ni\u00f1a que no sabe a\u00fan que es s\u00f3lo una pieza de cacer\u00eda? &nbsp; \u00bfLa de una mujer desaparecida, atrapada en el limbo de la violencia sin [&hellip;]<\/p>\n","protected":false},"author":1,"featured_media":51290,"comment_status":"open","ping_status":"closed","sticky":false,"template":"","format":"standard","meta":{"footnotes":""},"categories":[118,955,954,961,953,1327,222],"tags":[644,244,41,112],"class_list":["post-51289","post","type-post","status-publish","format-standard","has-post-thumbnail","hentry","category-ezln","category-ezln-temas","category-mexico","category-mujeres","category-mundo","category-palestina","category-video","tag-comunicados-ezln","tag-desaparecidos","tag-mujeres","tag-palestina"],"_links":{"self":[{"href":"https:\/\/radiozapatista.org\/index.php?rest_route=\/wp\/v2\/posts\/51289","targetHints":{"allow":["GET"]}}],"collection":[{"href":"https:\/\/radiozapatista.org\/index.php?rest_route=\/wp\/v2\/posts"}],"about":[{"href":"https:\/\/radiozapatista.org\/index.php?rest_route=\/wp\/v2\/types\/post"}],"author":[{"embeddable":true,"href":"https:\/\/radiozapatista.org\/index.php?rest_route=\/wp\/v2\/users\/1"}],"replies":[{"embeddable":true,"href":"https:\/\/radiozapatista.org\/index.php?rest_route=%2Fwp%2Fv2%2Fcomments&post=51289"}],"version-history":[{"count":3,"href":"https:\/\/radiozapatista.org\/index.php?rest_route=\/wp\/v2\/posts\/51289\/revisions"}],"predecessor-version":[{"id":51295,"href":"https:\/\/radiozapatista.org\/index.php?rest_route=\/wp\/v2\/posts\/51289\/revisions\/51295"}],"wp:featuredmedia":[{"embeddable":true,"href":"https:\/\/radiozapatista.org\/index.php?rest_route=\/wp\/v2\/media\/51290"}],"wp:attachment":[{"href":"https:\/\/radiozapatista.org\/index.php?rest_route=%2Fwp%2Fv2%2Fmedia&parent=51289"}],"wp:term":[{"taxonomy":"category","embeddable":true,"href":"https:\/\/radiozapatista.org\/index.php?rest_route=%2Fwp%2Fv2%2Fcategories&post=51289"},{"taxonomy":"post_tag","embeddable":true,"href":"https:\/\/radiozapatista.org\/index.php?rest_route=%2Fwp%2Fv2%2Ftags&post=51289"}],"curies":[{"name":"wp","href":"https:\/\/api.w.org\/{rel}","templated":true}]}}