{"id":51264,"date":"2025-07-16T15:11:59","date_gmt":"2025-07-16T21:11:59","guid":{"rendered":"https:\/\/radiozapatista.org\/?p=51264"},"modified":"2025-07-16T15:47:37","modified_gmt":"2025-07-16T21:47:37","slug":"3-posdatas-3-vi-el-inconforme-%cd%b7ati%ea%9f%bca%c9%94-%e2%85%83%c7%9d-julio-de-2025","status":"publish","type":"post","link":"https:\/\/radiozapatista.org\/?p=51264","title":{"rendered":"3 posdatas 3 VI.- EL INCONFORME | \u0376\u00c0TI\ua7fcA\u0186 \u2143\u018e | Julio de 2025"},"content":{"rendered":"\n<p class=\"has-text-align-center\">3 posdatas 3<\/p>\n\n\n\n<p class=\"has-text-align-center\"><strong>VI.- EL INCONFORME<\/strong><\/p>\n\n\n\n<p>&nbsp; Primero buf\u00f3 irritado.&nbsp; Erizada la piel como gato hura\u00f1o y rebelde, desde\u00f1oso de cajas y pir\u00e1mides.&nbsp; As\u00ed nom\u00e1s, sin avisar siquiera.<\/p>\n\n\n\n<p>&nbsp; Luego, para quien no sabe, una especie de caricia tierna.&nbsp; Despu\u00e9s los zarpazos creciendo en cantidad y fuerza.&nbsp; M\u00e1s luego, un remolino de inconformidad.&nbsp; Al poco, aquello era un corredero.&nbsp; A la furia del viento se sum\u00f3 una lluvia como para decirle al ventarr\u00f3n que compart\u00eda su rabia.&nbsp; Arroj\u00f3 hombres y hojas contra las paredes de las champas y, lo juro, crujieron los cimientos del templete de concreto.<\/p>\n\n\n\n<p>&nbsp; Viento y lluvia.&nbsp; Ni para donde hacerse.&nbsp; Mejor quedar a mitad de la furia que arriesgarse al vuelo de guillotina de las l\u00e1minas arrancadas como desafiando el modesto pudor de los galerones ya limpios, con pintura y paredes renovadas.<\/p>\n\n\n\n<p>&nbsp; Pero, por extra\u00f1o que parezca, la tormenta respet\u00f3 la periferia y se concentr\u00f3 en el centro.&nbsp; Ah\u00ed donde el esqueleto de una pir\u00e1mide se elevaba a no pocos metros de la grava.<\/p>\n\n\n\n<p>&nbsp; Como diciendo: \u201c<em>Aqu\u00ed pir\u00e1mides no<\/em>\u201d.<\/p>\n\n\n\n<p>&nbsp; Y las mantas que simulaban las paredes de la pir\u00e1mide, se hinchaban con esa mezcla de alas y velamen que a ratos semejaban un nav\u00edo errante y a ratos una aeronave extraviada, sin tierra a la vista, s\u00f3lo con la certeza de que abajo permanec\u00eda el suelo esperando sin apuro, como diciendo \u201caqu\u00ed nom\u00e1s\u201d.<\/p>\n\n\n\n<p>&nbsp; Tratamos de hablar con \u00e9l, pero, entre la lluvia y los ventarrones, apenas conseguimos que amainara lo suficiente para que los compa\u00f1eros que hab\u00edan trepado a lo m\u00e1s alto para colocar el signo del dinero bajaran.&nbsp; Inmediatamente un fuerte y concentrado soplido termin\u00f3 por arrancar el velamen y la manta vol\u00f3 monta\u00f1a arriba.<\/p>\n\n\n\n<p>&nbsp; \u201c<em>As\u00ed nacen los fantasmas<\/em>\u201d, pens\u00e9.<\/p>\n\n\n\n<p>&nbsp; Empezamos a explicar atropelladamente que no era para que quedara de por s\u00ed, sino que era m\u00e1s bien como una explicaci\u00f3n de la pol\u00edtica.&nbsp; Para revelar, pues.&nbsp; Que nada de dioses falsos o verdaderos.&nbsp; Que de por s\u00ed se va a destruir.&nbsp; No s\u00f3lo \u00e9sa, sino que todas las pir\u00e1mides.&nbsp; S\u00ed, en el todo y las partes.&nbsp; S\u00ed, en todos los rincones del planeta.<\/p>\n\n\n\n<p>&nbsp; Amain\u00f3 de a poco, como dudando de nuestro compromiso.<\/p>\n\n\n\n<p>&nbsp; Se fue luego pero no r\u00e1pido, como diciendo \u201c<em>si el ser humano no cumple, cumpliremos nosotras, las partes de la madre primera<\/em>\u201d.<\/p>\n\n\n\n<p class=\"has-text-align-center\"><strong>-*-<\/strong><\/p>\n\n\n\n<p>&nbsp; El SubMoy chec\u00f3 la construcci\u00f3n y sentenci\u00f3: \u201c<em>No f\u00e1cil va a caer<\/em>\u201d.<\/p>\n\n\n\n<p>&nbsp; Un compa como que cal\u00f3 la construcci\u00f3n haciendo, con su machete, una muesca en uno de los travesa\u00f1os.&nbsp; S\u00f3lo murmur\u00f3: \u201c<em>de que va a caer, va a caer.&nbsp; De repente dilata, pero cae porque cae<\/em>\u201d.<\/p>\n\n\n\n<p>&nbsp; \u201c<em>Lo m\u00e1s dif\u00edcil va a ser la columna central, est\u00e1 muy maciza<\/em>\u201d, agreg\u00f3, \u201c<em>va a haber que ponerle mucha fuerza, muchas ganas y no pocos, sino que muchos<\/em>\u201d.<\/p>\n\n\n\n<p>&nbsp; \u201c<em>O sea: en com\u00fan y organizados<\/em>\u201d, sentenci\u00f3 un joven pintor.&nbsp; Todos re\u00edmos, aunque todav\u00eda con el susto de ese viento irritado que a saber de d\u00f3nde vino.<\/p>\n\n\n\n<p>&nbsp; \u201c<em>Ese poste est\u00e1 bien enraizado.&nbsp; Aunque lo tumben, reto\u00f1a.&nbsp; Hay que arrancarlo hasta las ra\u00edces<\/em>\u201d, acot\u00f3 una mujer ya de edad, plantada en jarras frente a la construcci\u00f3n de madera, como desafi\u00e1ndola.<\/p>\n\n\n\n<p>&nbsp; \u201c<em>Es su alma de <strong>la sistema<\/strong><\/em>\u201d, respondi\u00f3 una compa\u00f1era a la pregunta de una ni\u00f1a sobre el m\u00e1stil central, \u201c<em>la propiedad privada de la tierra, de las m\u00e1quinas, de las casas, de la gente, de la naturaleza, de los sue\u00f1os y las pesadillas, de los cielos y los mares, de lo que se ve y lo que no se ve, del mundo pues.&nbsp; Est\u00e1 metida no s\u00f3lo en la base de <strong>la sistema<\/strong>.&nbsp; Tambi\u00e9n en nuestra cabeza, en nuestro coraz\u00f3n y en nuestra historia<\/em>\u201d.<\/p>\n\n\n\n<p class=\"has-text-align-center\"><strong>-*-<\/strong><\/p>\n\n\n\n<p>&nbsp; \u201c<em>Pero \u00bfcu\u00e1ntos vienen?<\/em>\u201d, me preguntaron.<\/p>\n\n\n\n<p>&nbsp; \u201c<em>Un buen tanto<\/em>\u201d, respond\u00ed.<\/p>\n\n\n\n<p>&nbsp; \u201c<em>\u00bfPero traen su gana de luchar?<\/em>\u201d, insistieron.<\/p>\n\n\n\n<p>&nbsp; \u201c<em>Saber<\/em>\u201d, me dije, \u201c<em>como dice el SubMoy: falta ver<\/em>\u201d.<\/p>\n\n\n\n<p>&nbsp; \u201c<em>Oyes capit\u00e1n, \u00bfesa cosa va a estar ah\u00ed toda la vida<\/em>\u201d, me pregunta una miliciana.<\/p>\n\n\n\n<p>&nbsp; \u201c<em>No, c\u00f3mo crees, es para la pl\u00e1tica zapatista. \u00bfPor qu\u00e9 preguntas?<\/em>\u201d<\/p>\n\n\n\n<p>&nbsp; \u201c<em>Porque creo viene un equipo de f\u00fatbol y pues esa cosa est\u00e1 en el frente de una de las porter\u00edas, por donde est\u00e1 nuestro comedor.&nbsp; Entonces no va a haber ni partido ni comida.&nbsp; El partido de futbol, vaya y pase, pero la comida, pues\u2026<\/em>\u201d<\/p>\n\n\n\n<p>&nbsp; La tarde empez\u00f3 a brotar de los \u00e1rboles.&nbsp; Por un instante, coincidieron la luna, el sol, la lluvia y el viento, compareciendo ante la monta\u00f1a.<\/p>\n\n\n\n<p class=\"has-text-align-center\"><strong>-*-<\/strong><\/p>\n\n\n\n<p>&nbsp; Eso, \u00bfva a estar ah\u00ed siempre?<\/p>\n\n\n\n<p>&nbsp; Pues no, por eso estamos luchando.&nbsp; De repente dilata, pero ya vamos a ser m\u00e1s.<\/p>\n\n\n\n<p>&nbsp; Y en el viento sigui\u00f3 la advertencia que la lluvia grab\u00f3 en la tierra:<\/p>\n\n\n\n<p>\u201c<strong><em>Si el ser humano no cumple, cumpliremos nosotras,<br><\/em><\/strong><strong><em>las partes de la madre primera.&nbsp; La pir\u00e1mide caer\u00e1<\/em><\/strong>\u201d.<\/p>\n\n\n\n<p class=\"has-text-align-center\"><strong>-*-<\/strong><\/p>\n\n\n\n<p>&nbsp; No muy lejos en calendarios y geograf\u00edas, Palestina segu\u00eda siendo una l\u00e1grima de sangre en el rostro indiferente de los gobiernos del mundo.<\/p>\n\n\n\n<p>Desde las monta\u00f1as del Sureste Mexicano.<\/p>\n\n\n\n<figure class=\"wp-block-image\"><img decoding=\"async\" src=\"https:\/\/i0.wp.com\/enlacezapatista.ezln.org.mx\/wp-content\/uploads\/2023\/11\/firma.png?resize=256%2C208&amp;ssl=1\" alt=\"\" class=\"wp-image-24439\"\/><\/figure>\n\n\n\n<p>El Capit\u00e1n.<br>M\u00e9xico, Julio del 2025.<\/p>\n\n\n\n<figure class=\"wp-block-embed is-type-video is-provider-vimeo wp-block-embed-vimeo\"><div class=\"wp-block-embed__wrapper\">\n<iframe loading=\"lazy\" title=\"VI.- EL INCONFORME\" src=\"https:\/\/player.vimeo.com\/video\/1101979639?dnt=1&amp;app_id=122963\" width=\"500\" height=\"281\" frameborder=\"0\" allow=\"autoplay; fullscreen; picture-in-picture; clipboard-write; encrypted-media; web-share\" referrerpolicy=\"strict-origin-when-cross-origin\"><\/iframe>\n<\/div><\/figure>\n\n\n\n<p>Im\u00e1genes&nbsp;de preparativos para el \u00abEncuentro de Resistencias y Rebeld\u00edas Algunas Partes del Todo\u00bb en agosto del 2025, Terci@s Compas Zapatistas<br>Audio: Voz y palabras de Eduardo Galeano, fragmentos de los textos \u00abLos Hijos de los D\u00edas\u00bb, \u00abEl Miedo Manda\u00bb y \u00abLos Nadies\u00bb&nbsp;<\/p>\n\n\n\n<p><\/p>\n","protected":false},"excerpt":{"rendered":"<p>3 posdatas 3 VI.- EL INCONFORME &nbsp; Primero buf\u00f3 irritado.&nbsp; Erizada la piel como gato hura\u00f1o y rebelde, desde\u00f1oso de cajas y pir\u00e1mides.&nbsp; As\u00ed nom\u00e1s, sin avisar siquiera. &nbsp; Luego, para quien no sabe, una especie de caricia tierna.&nbsp; Despu\u00e9s los zarpazos creciendo en cantidad y fuerza.&nbsp; M\u00e1s luego, un remolino de inconformidad.&nbsp; Al poco, [&hellip;]<\/p>\n","protected":false},"author":21,"featured_media":51265,"comment_status":"open","ping_status":"closed","sticky":false,"template":"","format":"standard","meta":{"footnotes":""},"categories":[957,51,6,955,118,935],"tags":[644,58,926,53,567,147,545,87,148,27,483],"class_list":["post-51264","post","type-post","status-publish","format-standard","has-post-thumbnail","hentry","category-autonomia","category-autor","category-chiapas","category-ezln-temas","category-ezln","category-temas","tag-comunicados-ezln","tag-derechos-humanos","tag-ezln","tag-justicia","tag-megaproyectos","tag-militarizacion","tag-pueblos-indigenas","tag-represion","tag-resistencia","tag-solidaridad","tag-tierra-y-territorio"],"_links":{"self":[{"href":"https:\/\/radiozapatista.org\/index.php?rest_route=\/wp\/v2\/posts\/51264","targetHints":{"allow":["GET"]}}],"collection":[{"href":"https:\/\/radiozapatista.org\/index.php?rest_route=\/wp\/v2\/posts"}],"about":[{"href":"https:\/\/radiozapatista.org\/index.php?rest_route=\/wp\/v2\/types\/post"}],"author":[{"embeddable":true,"href":"https:\/\/radiozapatista.org\/index.php?rest_route=\/wp\/v2\/users\/21"}],"replies":[{"embeddable":true,"href":"https:\/\/radiozapatista.org\/index.php?rest_route=%2Fwp%2Fv2%2Fcomments&post=51264"}],"version-history":[{"count":3,"href":"https:\/\/radiozapatista.org\/index.php?rest_route=\/wp\/v2\/posts\/51264\/revisions"}],"predecessor-version":[{"id":51270,"href":"https:\/\/radiozapatista.org\/index.php?rest_route=\/wp\/v2\/posts\/51264\/revisions\/51270"}],"wp:featuredmedia":[{"embeddable":true,"href":"https:\/\/radiozapatista.org\/index.php?rest_route=\/wp\/v2\/media\/51265"}],"wp:attachment":[{"href":"https:\/\/radiozapatista.org\/index.php?rest_route=%2Fwp%2Fv2%2Fmedia&parent=51264"}],"wp:term":[{"taxonomy":"category","embeddable":true,"href":"https:\/\/radiozapatista.org\/index.php?rest_route=%2Fwp%2Fv2%2Fcategories&post=51264"},{"taxonomy":"post_tag","embeddable":true,"href":"https:\/\/radiozapatista.org\/index.php?rest_route=%2Fwp%2Fv2%2Ftags&post=51264"}],"curies":[{"name":"wp","href":"https:\/\/api.w.org\/{rel}","templated":true}]}}