{"id":51253,"date":"2025-07-16T12:04:03","date_gmt":"2025-07-16T18:04:03","guid":{"rendered":"https:\/\/radiozapatista.org\/?p=51253"},"modified":"2025-07-16T12:38:02","modified_gmt":"2025-07-16T18:38:02","slug":"pueblos-rechazan-declaratoria-de-la-ruta-wixarika-ante-la-unesco-no-hubo-consulta-y-desconocen-los-alcances","status":"publish","type":"post","link":"https:\/\/radiozapatista.org\/?p=51253","title":{"rendered":"Pueblos rechazan declaratoria de la Ruta Wix\u00e1rika ante la UNESCO; \u201cno hubo consulta y desconocen los alcances\u201d"},"content":{"rendered":"\n<p><strong>La Uni\u00f3n Wix\u00e1rika de Centros Ceremoniales de Jalisco, Durango y Nayarit A.C.<\/strong> rechaz\u00f3 la inscripci\u00f3n de la <strong>Ruta Wix\u00e1rika<\/strong> por los sitios sagrados a Wirikuta como <strong>Patrimonio Mundial de la Humanidad ante la UNESCO<\/strong>, pues acusan que este reconocimiento fue<strong> presentado en otro idioma<\/strong>, lo cual dificulta la comprensi\u00f3n; adem\u00e1s que<strong> no hubo consulta al pueblo y se desconocen los alcances.<\/strong><\/p>\n\n\n\n<p>En un pronunciamiento p\u00fablico, se\u00f1alaron que <strong>esta inscripci\u00f3n es ajena a su cultura,<\/strong> su cosmovisi\u00f3n y sus autoridades tradicionales \u201cEl cat\u00e1logo es un concepto y reconocimiento ajeno al pueblo Wix\u00e1rika, ajeno a nuestras energ\u00edas, ajeno a nuestros elementos sagrados, ajeno a nuestros Mara\u2019akate, consejo de ancianos, ajeno a nuestras futuras generaciones que son nuestros hijos y nuestros nietos\u201d, afirm\u00f3 la organizaci\u00f3n.<\/p>\n\n\n\n<p><strong>Advirtieron<\/strong> que la declaratoria representa una<strong> apropiaci\u00f3n simb\u00f3lica de sus rutas ancestrales de peregrinaci\u00f3n.<\/strong><\/p>\n\n\n\n<p>Aseguraron que su cultura est\u00e1 siendo \u201carrebatada\u201d de sus manos \u201ccon la falsa promesa de que ser\u00e1n protegidos con m\u00e1xima legalidad, conservaci\u00f3n ecol\u00f3gica, revalorizaci\u00f3n de los saberes y empoderamiento de los pueblos originarios, pero todo ello bajo la representaci\u00f3n de personas e instituciones ajenas a nuestros pueblos\u201c.<\/p>\n\n\n\n<p><strong>La Uni\u00f3n Wix\u00e1rika acus\u00f3 que la candidatura ante la UNESCO no fue presentada por las autoridades wixaritari<\/strong> ni por sus comunidades, sino por la asociaci\u00f3n civil Conservaci\u00f3n Humana, en conjunto con el Instituto Nacional de Antropolog\u00eda e Historia (INAH) y la Secretar\u00eda de Cultura.<\/p>\n\n\n\n<p>\u201c\u00bfPor qu\u00e9 no se consult\u00f3 debidamente seg\u00fan lo establece el procedimiento jur\u00eddico de forma libre, previa e informada y culturalmente adecuada al pueblo wix\u00e1rika sobre la inscripci\u00f3n de la ruta wix\u00e1rika por los lugares sagrados hasta Wirikuta ante la UNESCO?\u201d, cuestionaron.<\/p>\n\n\n\n<p>En su pronunciamiento dirigido a la presidenta Claudia Sheinbaum, a la Suprema Corte de Justicia de la Naci\u00f3n y al Poder Legislativo, exigieron se respeten el derecho a la informaci\u00f3n y a la consulta y solicitaron al INAH que haga p\u00fablico el expediente t\u00e9cnico del proyecto y anunciaron que se reservan el derecho a impugnar el registro ante la UNESCO.<\/p>\n\n\n\n<p>Pidieron adem\u00e1s que cualquier candidatura futura ante organismos internacionales sea encabezada por las autoridades tradicionales wixaritari y no por organizaciones civiles o instituciones del Estado.<\/p>\n\n\n\n<p>\u201cExigimos al Estado mexicano el respeto a los pueblos Wixaritaari en la toma de decisiones en materia de patrimonio cultural colectivo originario y en el marco del ejercicio pleno de sus derechos a la libre determinaci\u00f3n y autonom\u00eda\u201d declararon.<\/p>\n\n\n\n<p class=\"has-text-align-center\">&#8211; * &#8211;<\/p>\n\n\n\n<ul class=\"wp-block-list\">\n<li><a href=\"https:\/\/www.facebook.com\/share\/p\/15iMfXsBU9\/\">Pronunciamiento completo<\/a> Uni\u00f3n wixarika de centros ceremoniales Jalisco Durango y Nayarit <\/li>\n\n\n\n<li>Aristegui Noticias <a href=\"https:\/\/aristeguinoticias.com\/150725\/mexico\/es-ajeno-a-nuestra-cultura-rechazan-declaratoria-de-la-ruta-wixarika-ante-la-unesco\/\">\u2018Es ajeno a nuestra cultura\u2019: rechazan declaratoria de la Ruta Wix\u00e1rika ante la UNESCO<\/a> <\/li>\n\n\n\n<li>Antecedentes La Minuta <a href=\"https:\/\/www.educaoaxaca.org\/gana-pueblo-wixarika-al-recuperar-mas-de-10-mil-hectareas-comunales-en-durango\/\">Gana pueblo wix\u00e1rika al recuperar m\u00e1s de 10 mil hect\u00e1reas comunales en Durango<\/a><\/li>\n<\/ul>\n\n\n<div class=\"wp-block-image\">\n<figure class=\"aligncenter size-large\"><img loading=\"lazy\" decoding=\"async\" width=\"791\" height=\"1024\" src=\"https:\/\/radiozapatista.org\/wp-content\/uploads\/2025\/07\/wixarika1-791x1024.jpeg\" alt=\"\" class=\"wp-image-51257\" srcset=\"https:\/\/radiozapatista.org\/wp-content\/uploads\/2025\/07\/wixarika1-791x1024.jpeg 791w, https:\/\/radiozapatista.org\/wp-content\/uploads\/2025\/07\/wixarika1-232x300.jpeg 232w, https:\/\/radiozapatista.org\/wp-content\/uploads\/2025\/07\/wixarika1-768x994.jpeg 768w, https:\/\/radiozapatista.org\/wp-content\/uploads\/2025\/07\/wixarika1.jpeg 989w\" sizes=\"auto, (max-width: 791px) 100vw, 791px\" \/><\/figure>\n<\/div>\n\n<div class=\"wp-block-image\">\n<figure class=\"aligncenter size-large\"><img loading=\"lazy\" decoding=\"async\" width=\"791\" height=\"1024\" src=\"https:\/\/radiozapatista.org\/wp-content\/uploads\/2025\/07\/wixarika2-791x1024.jpeg\" alt=\"\" class=\"wp-image-51258\" srcset=\"https:\/\/radiozapatista.org\/wp-content\/uploads\/2025\/07\/wixarika2-791x1024.jpeg 791w, https:\/\/radiozapatista.org\/wp-content\/uploads\/2025\/07\/wixarika2-232x300.jpeg 232w, https:\/\/radiozapatista.org\/wp-content\/uploads\/2025\/07\/wixarika2-768x994.jpeg 768w, https:\/\/radiozapatista.org\/wp-content\/uploads\/2025\/07\/wixarika2.jpeg 989w\" sizes=\"auto, (max-width: 791px) 100vw, 791px\" \/><\/figure>\n<\/div>\n\n<div class=\"wp-block-image\">\n<figure class=\"aligncenter size-large\"><img loading=\"lazy\" decoding=\"async\" width=\"791\" height=\"1024\" src=\"https:\/\/radiozapatista.org\/wp-content\/uploads\/2025\/07\/wixarika3-791x1024.jpeg\" alt=\"\" class=\"wp-image-51259\" srcset=\"https:\/\/radiozapatista.org\/wp-content\/uploads\/2025\/07\/wixarika3-791x1024.jpeg 791w, https:\/\/radiozapatista.org\/wp-content\/uploads\/2025\/07\/wixarika3-232x300.jpeg 232w, https:\/\/radiozapatista.org\/wp-content\/uploads\/2025\/07\/wixarika3-768x994.jpeg 768w, https:\/\/radiozapatista.org\/wp-content\/uploads\/2025\/07\/wixarika3.jpeg 989w\" sizes=\"auto, (max-width: 791px) 100vw, 791px\" \/><\/figure>\n<\/div>\n\n<div class=\"wp-block-image\">\n<figure class=\"aligncenter size-large\"><img loading=\"lazy\" decoding=\"async\" width=\"791\" height=\"1024\" src=\"https:\/\/radiozapatista.org\/wp-content\/uploads\/2025\/07\/wixarika4-791x1024.jpeg\" alt=\"\" class=\"wp-image-51260\" srcset=\"https:\/\/radiozapatista.org\/wp-content\/uploads\/2025\/07\/wixarika4-791x1024.jpeg 791w, https:\/\/radiozapatista.org\/wp-content\/uploads\/2025\/07\/wixarika4-232x300.jpeg 232w, https:\/\/radiozapatista.org\/wp-content\/uploads\/2025\/07\/wixarika4-768x994.jpeg 768w, https:\/\/radiozapatista.org\/wp-content\/uploads\/2025\/07\/wixarika4.jpeg 989w\" sizes=\"auto, (max-width: 791px) 100vw, 791px\" \/><\/figure>\n<\/div>","protected":false},"excerpt":{"rendered":"<p>La Uni\u00f3n Wix\u00e1rika de Centros Ceremoniales de Jalisco, Durango y Nayarit A.C. rechaz\u00f3 la inscripci\u00f3n de la Ruta Wix\u00e1rika por los sitios sagrados a Wirikuta como Patrimonio Mundial de la Humanidad ante la UNESCO, pues acusan que este reconocimiento fue presentado en otro idioma, lo cual dificulta la comprensi\u00f3n; adem\u00e1s que no hubo consulta al [&hellip;]<\/p>\n","protected":false},"author":1,"featured_media":35571,"comment_status":"open","ping_status":"closed","sticky":false,"template":"","format":"standard","meta":{"footnotes":""},"categories":[957,826,954],"tags":[545,501],"class_list":["post-51253","post","type-post","status-publish","format-standard","has-post-thumbnail","hentry","category-autonomia","category-medios-libres-2","category-mexico","tag-pueblos-indigenas","tag-wirikuta"],"_links":{"self":[{"href":"https:\/\/radiozapatista.org\/index.php?rest_route=\/wp\/v2\/posts\/51253","targetHints":{"allow":["GET"]}}],"collection":[{"href":"https:\/\/radiozapatista.org\/index.php?rest_route=\/wp\/v2\/posts"}],"about":[{"href":"https:\/\/radiozapatista.org\/index.php?rest_route=\/wp\/v2\/types\/post"}],"author":[{"embeddable":true,"href":"https:\/\/radiozapatista.org\/index.php?rest_route=\/wp\/v2\/users\/1"}],"replies":[{"embeddable":true,"href":"https:\/\/radiozapatista.org\/index.php?rest_route=%2Fwp%2Fv2%2Fcomments&post=51253"}],"version-history":[{"count":2,"href":"https:\/\/radiozapatista.org\/index.php?rest_route=\/wp\/v2\/posts\/51253\/revisions"}],"predecessor-version":[{"id":51261,"href":"https:\/\/radiozapatista.org\/index.php?rest_route=\/wp\/v2\/posts\/51253\/revisions\/51261"}],"wp:featuredmedia":[{"embeddable":true,"href":"https:\/\/radiozapatista.org\/index.php?rest_route=\/wp\/v2\/media\/35571"}],"wp:attachment":[{"href":"https:\/\/radiozapatista.org\/index.php?rest_route=%2Fwp%2Fv2%2Fmedia&parent=51253"}],"wp:term":[{"taxonomy":"category","embeddable":true,"href":"https:\/\/radiozapatista.org\/index.php?rest_route=%2Fwp%2Fv2%2Fcategories&post=51253"},{"taxonomy":"post_tag","embeddable":true,"href":"https:\/\/radiozapatista.org\/index.php?rest_route=%2Fwp%2Fv2%2Ftags&post=51253"}],"curies":[{"name":"wp","href":"https:\/\/api.w.org\/{rel}","templated":true}]}}