{"id":51246,"date":"2025-07-15T14:21:38","date_gmt":"2025-07-15T20:21:38","guid":{"rendered":"https:\/\/radiozapatista.org\/?p=51246"},"modified":"2025-07-16T12:42:10","modified_gmt":"2025-07-16T18:42:10","slug":"este-proyecto-de-educacion-pasara-a-formar-un-area-mas-de-trabajo-y-de-la-construccion-de-nuestra-autonomia","status":"publish","type":"post","link":"https:\/\/radiozapatista.org\/?p=51246","title":{"rendered":"Acteal: Este proyecto de educaci\u00f3n pasar\u00e1 a formar un \u00e1rea m\u00e1s de trabajo y de la construcci\u00f3n de nuestra autonom\u00eda"},"content":{"rendered":"<div class=\"wp-block-image\">\n<figure class=\"alignright size-full\"><img loading=\"lazy\" decoding=\"async\" width=\"200\" height=\"150\" src=\"https:\/\/radiozapatista.org\/wp-content\/uploads\/2024\/04\/Logo-Acteal.jpg\" alt=\"\" class=\"wp-image-47959\"\/><\/figure>\n<\/div>\n\n\n<p class=\"has-text-align-right\"><strong>Organizaci\u00f3n Sociedad Civil Las Abejas de Acteal<\/strong><br><strong><em>Tierra Sagrada de los M\u00e1rtires de Acteal<\/em><\/strong><br>Acteal, Chenalh\u00f3, Chiapas, M\u00e9xico.<\/p>\n\n\n\n<p>15 de julio 2025<\/p>\n\n\n\n<p>Al Congreso Nacional Ind\u00edgena<br>Al Consejo Ind\u00edgena de Gobierno<br>A las y los Defensores de los Derechos Humanos<br>A los Medios Libres y Alternativos<br>A los Medios de Comunicaci\u00f3n Nacional e Internacional&nbsp;<br>A la Sociedad Civil Nacional e Internacional<\/p>\n\n\n\n<p><strong>Hermanas y hermanos:<\/strong><\/p>\n\n\n\n<p>Nuestro coraz\u00f3n est\u00e1 engrandecido, hoy es un d\u00eda de alegr\u00eda y de agradecimiento al Coraz\u00f3n del Cielo y al Coraz\u00f3n de la Tierra.<\/p>\n\n\n\n<p>Estamos aqu\u00ed congregados en la Tierra Sagrada de Acteal para recibir un fruto m\u00e1s de nuestra lucha y la construcci\u00f3n de un mundo m\u00e1s justo y humano, que es la escuelita tsotsil para nuestras ni\u00f1as, ni\u00f1os y j\u00f3venes.&nbsp;<\/p>\n\n\n<div class=\"wp-block-image\">\n<figure class=\"alignleft\"><a href=\"https:\/\/blogger.googleusercontent.com\/img\/b\/R29vZ2xl\/AVvXsEhkJ3taO-vTEQJNUuzxIoR3J0OfPvv0pWBeB0l4L1Slchn-c28HBdpdSAU5j-N6MFYRttLlOYdlvanQZnBCDR3jvK_kIChyphenhyphenLaEVZeCGhPwQSt62wxPwLeWu0g0VmjhlNrSyOJLVZsxhIByU02uAXdIKkVT6_UP6X2oyACNj_ouzLEUbq_-j-vtTHoCk2i0N\/s6240\/_MG_4586.JPG\"><img decoding=\"async\" src=\"https:\/\/blogger.googleusercontent.com\/img\/b\/R29vZ2xl\/AVvXsEhkJ3taO-vTEQJNUuzxIoR3J0OfPvv0pWBeB0l4L1Slchn-c28HBdpdSAU5j-N6MFYRttLlOYdlvanQZnBCDR3jvK_kIChyphenhyphenLaEVZeCGhPwQSt62wxPwLeWu0g0VmjhlNrSyOJLVZsxhIByU02uAXdIKkVT6_UP6X2oyACNj_ouzLEUbq_-j-vtTHoCk2i0N\/s320\/_MG_4586.JPG\" alt=\"\"\/><\/a><\/figure>\n<\/div>\n\n\n<p>Esta escuelita&nbsp;que durante muchos a\u00f1os se preserv\u00f3 y se hizo crecer en el centro parroquial de Yabteclum, ayudando a las y los j\u00f3venes de la parroquia de Chenalh\u00f3 a terminar su educaci\u00f3n de nivel secundaria quienes as\u00ed lo deseaban.<\/p>\n\n\n\n<p>Este proyecto educativo, que en el inici\u00f3 se nombr\u00f3,&nbsp;<strong>Proyecto de Nueva Educaci\u00f3n tsotsil y tseltal<\/strong>&nbsp;y luego rebautizado Proyecto Educativo Integral Alternativo Tsotsil (PEIAT), naci\u00f3 en los Campamentos Civiles por la Paz de Las&nbsp;Abejas de Acteal, durante la guerra de contrainsurgencia implementada por el Estado mexicano en la Zona Altos de Chiapas.<\/p>\n\n\n\n<p>Breve antecedentes y contexto (retomado de nuestro libro El Camino de la No-violencia):<\/p>\n\n\n\n<!--more-->\n\n\n\n<p>El 7 de febrero de 1999, nace el \u00c1rea de Educaci\u00f3n de Las Abejas durante el<em>&nbsp;desplazamiento de las comunidades miembros de Las Abejas, porque las ni\u00f1as y ni\u00f1os hab\u00edan dejado la escuela al salir con sus mam\u00e1s y pap\u00e1s forzadamente de sus comunidades. Los gobiernos municipal, estatal y federal con su guerra de contrainsurgencia contra los pueblos organizados, no nada m\u00e1s hab\u00edan violado los derechos a la vida, a la seguridad, al libre tr\u00e1nsito, etc.; sino que nos quitaron uno de los derechos fundamentales: el derecho a la educaci\u00f3n de las ni\u00f1as, ni\u00f1os y adolescentes, consagrados en el art\u00edculo 3<sup>o<\/sup>&nbsp;de la Constituci\u00f3n Pol\u00edtica de los Estados Unidos Mexicanos, en la Convenci\u00f3n de la UNESCO, relativa a la Lucha contra las Discriminaciones en la Esfera de la Ense\u00f1anza y el Pacto Internacional de Derechos Econ\u00f3micos, Sociales y Culturales, que garantizan el derecho a la educaci\u00f3n en general, es decir, para todas las personas.&nbsp;<\/em><\/p>\n\n\n\n<p>Es por eso que hoy, la escuelita se traslada a esta Tierra Sagrada de los M\u00e1rtires y lo recibimos con todo nuestro coraz\u00f3n, aqu\u00ed se le dar\u00e1 continuidad de lo que se ha venido haciendo durante m\u00e1s de 20 a\u00f1os.<\/p>\n\n\n\n<p>En estos tiempos oscuros, en estos momentos de incertidumbre, en estos d\u00edas que el monstruo capitalista nos est\u00e1 devorando con su sistema consumista, individualista, de guerra y de exterminio hacia la humanidad; es indispensable y urgente una educaci\u00f3n, verdadera, sana, libre de violencia y de competencias; necesitamos una educaci\u00f3n y escuela propias del pueblo, surgida desde nuestra cultura y consmovisi\u00f3n maya tsotsil, para que nuestras ni\u00f1as, ni\u00f1os y j\u00f3venes est\u00e9n preparados con inteligencia y sabidur\u00eda y, sobre todo cultivar en su pensamiento y su coraz\u00f3n el esp\u00edritu noviolento, principio (o gu\u00eda, camino), de nuestra organizaci\u00f3n.<\/p>\n\n\n<div class=\"wp-block-image\">\n<figure class=\"alignright\"><a href=\"https:\/\/blogger.googleusercontent.com\/img\/b\/R29vZ2xl\/AVvXsEgJ820M_I8Jb0LnN7ZjKwq9jbasK-vp_Xmmb-YRR69wEflNC05D2a8OGjWbZpJOOfZ7ts47ZYyMvS2F5_wkNtKfSfwsjirJoNfTVoaSEdHUcoDMk7hfDIkvYjlZ1q8UpO4bQqUfLfxDwq-7P01GjhY8zIC6x6Dzz49WsHlXnpWRWthNo-iAJi0_W1TEba3P\/s6240\/_MG_4588.JPG\"><img decoding=\"async\" src=\"https:\/\/blogger.googleusercontent.com\/img\/b\/R29vZ2xl\/AVvXsEgJ820M_I8Jb0LnN7ZjKwq9jbasK-vp_Xmmb-YRR69wEflNC05D2a8OGjWbZpJOOfZ7ts47ZYyMvS2F5_wkNtKfSfwsjirJoNfTVoaSEdHUcoDMk7hfDIkvYjlZ1q8UpO4bQqUfLfxDwq-7P01GjhY8zIC6x6Dzz49WsHlXnpWRWthNo-iAJi0_W1TEba3P\/s320\/_MG_4588.JPG\" alt=\"\"\/><\/a><\/figure>\n<\/div>\n\n\n<p>Este proyecto de educaci\u00f3n, pasar\u00e1 a formar un \u00e1rea m\u00e1s de trabajo y de la construcci\u00f3n de nuestra autonom\u00eda de nuestra Organizaci\u00f3n. Estamos conscientes que ser\u00e1 un reto m\u00e1s para nosotros junto con nuestras educadoras y educadores.<\/p>\n\n\n\n<p>Tambi\u00e9n queremos reconocer que este camino de la educaci\u00f3n, no lo hemos hecho solos, sino que gracias a hermanas y hermanos solidarios que han caminado junto a nuestros pasos, as\u00ed como nuestro hermano Rafael Landerreche (QEPD), Luz Rodriguez, Lupita, Mariana, Tommy, Aurelio, David, Abelardo, entre otras personas. En realidad han sido muchas personas que nos han apoyado en este proyecto, reciban siempre nuestro agradecimiento en donde quieran que est\u00e9n.<\/p>\n\n\n\n<p>Seamos m\u00e1s mujeres y hombres en el planeta tierra, educ\u00e1ndonos y practicando la noviolencia, s\u00f3lo as\u00ed dejar\u00e1 de haber guerras.<\/p>\n\n\n\n<p class=\"has-text-align-center\">Desde&nbsp;<strong>Acteal, Casa de la Memoria y de la Esperanza.<\/strong><\/p>\n\n\n\n<p class=\"has-text-align-center\"><strong>Atentamente.<\/strong><\/p>\n\n\n\n<p class=\"has-text-align-center\"><strong>La Voz de la Organizaci\u00f3n Sociedad Civil Las Abejas de Acteal.<\/strong><\/p>\n\n\n\n<p class=\"has-text-align-center\">Por la Mesa Directiva:<\/p>\n\n\n\n<p class=\"has-text-align-center\">&nbsp;&nbsp;&nbsp;&nbsp;&nbsp;&nbsp;&nbsp;Victorio Santiz G\u00f3mez&nbsp;&nbsp;&nbsp;&nbsp;&nbsp;&nbsp;&nbsp;&nbsp;&nbsp;&nbsp;&nbsp;&nbsp;&nbsp;&nbsp;&nbsp;&nbsp;&nbsp;&nbsp;&nbsp;&nbsp;&nbsp;&nbsp;&nbsp;Juan Gabriel V\u00e1zquez V\u00e1zquez<br>&nbsp;&nbsp;&nbsp;&nbsp;Presidente&nbsp;&nbsp;&nbsp;&nbsp;&nbsp;&nbsp;&nbsp;&nbsp;&nbsp;&nbsp;&nbsp;&nbsp;&nbsp;&nbsp;&nbsp;&nbsp;&nbsp;&nbsp;&nbsp;&nbsp;&nbsp;&nbsp;&nbsp;&nbsp;&nbsp;&nbsp;&nbsp;&nbsp;&nbsp;&nbsp;&nbsp;&nbsp;&nbsp;&nbsp;&nbsp;&nbsp;&nbsp;&nbsp;&nbsp;&nbsp;&nbsp;&nbsp;&nbsp;&nbsp;&nbsp;&nbsp;&nbsp;&nbsp;Secretario<\/p>\n\n\n\n<p class=\"has-text-align-center\">Manuel G\u00f3mez Ruiz&nbsp;&nbsp;&nbsp;&nbsp;&nbsp;&nbsp;&nbsp;&nbsp;&nbsp;&nbsp;&nbsp;&nbsp;&nbsp;&nbsp;&nbsp;&nbsp;&nbsp;&nbsp;&nbsp;&nbsp;&nbsp;&nbsp;&nbsp;&nbsp;&nbsp;&nbsp;&nbsp;&nbsp;&nbsp;&nbsp;&nbsp;&nbsp;&nbsp;&nbsp;Elias P\u00e9rez S\u00e1ntiz<br>Tesorero&nbsp;&nbsp;&nbsp;&nbsp;&nbsp;&nbsp;&nbsp;&nbsp;&nbsp;&nbsp;&nbsp;&nbsp;&nbsp;&nbsp;&nbsp;&nbsp;&nbsp;&nbsp;&nbsp;&nbsp;&nbsp;&nbsp;&nbsp;&nbsp;&nbsp;&nbsp;&nbsp;&nbsp;&nbsp;&nbsp;&nbsp;&nbsp;&nbsp;&nbsp;&nbsp;&nbsp;&nbsp;&nbsp;&nbsp;&nbsp;&nbsp;&nbsp;&nbsp;&nbsp;&nbsp;&nbsp;       Subsecretario<\/p>\n\n\n\n<p class=\"has-text-align-center\">Por el Comit\u00e9 de Educaci\u00f3n de Las Abejas de Acteal:<\/p>\n\n\n\n<p class=\"has-text-align-center\">&nbsp;&nbsp;&nbsp;&nbsp;&nbsp;&nbsp;&nbsp;&nbsp;&nbsp;&nbsp;&nbsp;&nbsp;&nbsp;&nbsp;Diego P\u00e9rez Jim\u00e9nez&nbsp;&nbsp;&nbsp;&nbsp;&nbsp;&nbsp;&nbsp;&nbsp;&nbsp;&nbsp;&nbsp;&nbsp;&nbsp;&nbsp;&nbsp;&nbsp;&nbsp;&nbsp;&nbsp;&nbsp;&nbsp;&nbsp;&nbsp;&nbsp;&nbsp;&nbsp;&nbsp;&nbsp;Fernando P\u00e9rez Jim\u00e9nez&nbsp;<\/p>\n\n\n<div class=\"wp-block-image\">\n<figure class=\"aligncenter\"><a href=\"https:\/\/blogger.googleusercontent.com\/img\/b\/R29vZ2xl\/AVvXsEgvLKbEnKbMsGQoh5KMx973HFfReO69vFAlpElIIl0BCpjwGKO43HnBzM5Bo3uyaoC8umHqUKMX2iuGgw6EpSNiAGjgEa6eUIuihofGBPdgxtq-hUBrf5kqFlZ_KhA7Go0zn9MYneFj5WQxWoiIOIWGWnsWiJ_vIq5lNXnEq7q7jtcD5DHD8ctGqeKzbL7u\/s1170\/WhatsApp%20Image%202025-07-15%20at%2011.42.19%20AM.jpeg\"><img decoding=\"async\" src=\"https:\/\/blogger.googleusercontent.com\/img\/b\/R29vZ2xl\/AVvXsEgvLKbEnKbMsGQoh5KMx973HFfReO69vFAlpElIIl0BCpjwGKO43HnBzM5Bo3uyaoC8umHqUKMX2iuGgw6EpSNiAGjgEa6eUIuihofGBPdgxtq-hUBrf5kqFlZ_KhA7Go0zn9MYneFj5WQxWoiIOIWGWnsWiJ_vIq5lNXnEq7q7jtcD5DHD8ctGqeKzbL7u\/w464-h640\/WhatsApp%20Image%202025-07-15%20at%2011.42.19%20AM.jpeg\" alt=\"\"\/><\/a><\/figure>\n<\/div>\n\n<div class=\"wp-block-image\">\n<figure class=\"aligncenter\"><a href=\"https:\/\/blogger.googleusercontent.com\/img\/b\/R29vZ2xl\/AVvXsEiCuF7NCXxjDh5qEX14mmb9Nkr3QWoSTMG6J5g_TcJmMBpxCrUR90-lQDWkbOWvY2pTqEaRGv2Z3mXRaXzmPMZd7PiJ6pL0Obh6ng672JNEzNTij5yDfghCkz2KumhAsDJZRqivLgeBn_wxnCPIPxGbDJmVjsoxIBSpgeW5K2ZDj5bvK9i4pNWLveapSnAD\/s1170\/WhatsApp%20Image%202025-07-15%20at%2011.42.19%20AM-2.jpeg\"><img decoding=\"async\" src=\"https:\/\/blogger.googleusercontent.com\/img\/b\/R29vZ2xl\/AVvXsEiCuF7NCXxjDh5qEX14mmb9Nkr3QWoSTMG6J5g_TcJmMBpxCrUR90-lQDWkbOWvY2pTqEaRGv2Z3mXRaXzmPMZd7PiJ6pL0Obh6ng672JNEzNTij5yDfghCkz2KumhAsDJZRqivLgeBn_wxnCPIPxGbDJmVjsoxIBSpgeW5K2ZDj5bvK9i4pNWLveapSnAD\/w464-h640\/WhatsApp%20Image%202025-07-15%20at%2011.42.19%20AM-2.jpeg\" alt=\"\"\/><\/a><\/figure>\n<\/div>\n\n\n<figure class=\"wp-block-embed is-type-rich is-provider-gestor-del-servicio wp-block-embed-gestor-del-servicio wp-embed-aspect-16-9 wp-has-aspect-ratio\"><div class=\"wp-block-embed__wrapper\">\n<iframe loading=\"lazy\" title=\"Educacio\u0301n de Las Abejas de Acteal\" width=\"500\" height=\"281\" src=\"https:\/\/www.youtube.com\/embed\/eJU7w1mKRUI?feature=oembed\" frameborder=\"0\" allow=\"accelerometer; autoplay; clipboard-write; encrypted-media; gyroscope; picture-in-picture; web-share\" referrerpolicy=\"strict-origin-when-cross-origin\" allowfullscreen><\/iframe>\n<\/div><\/figure>\n","protected":false},"excerpt":{"rendered":"<p>Organizaci\u00f3n Sociedad Civil Las Abejas de ActealTierra Sagrada de los M\u00e1rtires de ActealActeal, Chenalh\u00f3, Chiapas, M\u00e9xico. 15 de julio 2025 Al Congreso Nacional Ind\u00edgenaAl Consejo Ind\u00edgena de GobiernoA las y los Defensores de los Derechos HumanosA los Medios Libres y AlternativosA los Medios de Comunicaci\u00f3n Nacional e Internacional&nbsp;A la Sociedad Civil Nacional e Internacional Hermanas [&hellip;]<\/p>\n","protected":false},"author":21,"featured_media":51262,"comment_status":"open","ping_status":"closed","sticky":false,"template":"","format":"standard","meta":{"footnotes":""},"categories":[957,51,6,826,954,935],"tags":[1418,58,53,545,148,27,483],"class_list":["post-51246","post","type-post","status-publish","format-standard","has-post-thumbnail","hentry","category-autonomia","category-autor","category-chiapas","category-medios-libres-2","category-mexico","category-temas","tag-autonoia","tag-derechos-humanos","tag-justicia","tag-pueblos-indigenas","tag-resistencia","tag-solidaridad","tag-tierra-y-territorio"],"_links":{"self":[{"href":"https:\/\/radiozapatista.org\/index.php?rest_route=\/wp\/v2\/posts\/51246","targetHints":{"allow":["GET"]}}],"collection":[{"href":"https:\/\/radiozapatista.org\/index.php?rest_route=\/wp\/v2\/posts"}],"about":[{"href":"https:\/\/radiozapatista.org\/index.php?rest_route=\/wp\/v2\/types\/post"}],"author":[{"embeddable":true,"href":"https:\/\/radiozapatista.org\/index.php?rest_route=\/wp\/v2\/users\/21"}],"replies":[{"embeddable":true,"href":"https:\/\/radiozapatista.org\/index.php?rest_route=%2Fwp%2Fv2%2Fcomments&post=51246"}],"version-history":[{"count":3,"href":"https:\/\/radiozapatista.org\/index.php?rest_route=\/wp\/v2\/posts\/51246\/revisions"}],"predecessor-version":[{"id":51263,"href":"https:\/\/radiozapatista.org\/index.php?rest_route=\/wp\/v2\/posts\/51246\/revisions\/51263"}],"wp:featuredmedia":[{"embeddable":true,"href":"https:\/\/radiozapatista.org\/index.php?rest_route=\/wp\/v2\/media\/51262"}],"wp:attachment":[{"href":"https:\/\/radiozapatista.org\/index.php?rest_route=%2Fwp%2Fv2%2Fmedia&parent=51246"}],"wp:term":[{"taxonomy":"category","embeddable":true,"href":"https:\/\/radiozapatista.org\/index.php?rest_route=%2Fwp%2Fv2%2Fcategories&post=51246"},{"taxonomy":"post_tag","embeddable":true,"href":"https:\/\/radiozapatista.org\/index.php?rest_route=%2Fwp%2Fv2%2Ftags&post=51246"}],"curies":[{"name":"wp","href":"https:\/\/api.w.org\/{rel}","templated":true}]}}