{"id":51196,"date":"2025-07-05T19:56:00","date_gmt":"2025-07-06T01:56:00","guid":{"rendered":"https:\/\/radiozapatista.org\/?p=51196"},"modified":"2025-07-09T20:00:25","modified_gmt":"2025-07-10T02:00:25","slug":"4-anos-del-asesinato-de-simon-pedro-perez-lopez-por-la-justicia-memoria-la-vida-y-contra-la-impunidad","status":"publish","type":"post","link":"https:\/\/radiozapatista.org\/?p=51196","title":{"rendered":"4 a\u00f1os del asesinato de Sim\u00f3n Pedro P\u00e9rez L\u00f3pez. Por la justicia, memoria, la vida y contra la impunidad"},"content":{"rendered":"\n<p>Comunidad de Acteal, Chenalh\u00f3, Chiapas<\/p>\n\n\n\n<p>5 de julio de 2025<\/p>\n\n\n\n<p><strong>Bolet\u00edn No. 04<\/strong><\/p>\n\n\n\n<p>4 a\u00f1os del asesinato de Sim\u00f3n Pedro P\u00e9rez L\u00f3pez. Por la justicia, memoria, la vida; y contra la impunidad<\/p>\n\n\n\n<ul class=\"wp-block-list\">\n<li><strong>Las condiciones de violencia que denunci\u00f3 Sim\u00f3n Pedro, se han enraizado en los territorios, y est\u00e1n cubiertas de impunidad.<\/strong><\/li>\n<\/ul>\n\n\n\n<p>Hoy, en Acteal, Casa de la Memoria y de la Esperanza, nos congregamos para conmemorar cuatro a\u00f1os de la ejecuci\u00f3n de nuestro compa\u00f1ero y hermano Sim\u00f3n Pedro P\u00e9rez L\u00f3pez, defensor comunitario de derechos humanos, miembro activo de la Organizaci\u00f3n Sociedad Civil Las Abejas de Acteal, y sembrador incansable de la paz en su comunidad.<\/p>\n\n\n\n<p>Tambi\u00e9n es un d\u00eda importante para valorar y reconocer la lucha que han dado su madre, padre, hermana y hermano, esposa, hijas e hijos de Sim\u00f3n Pedro; para denunciar lo que el Estado silencia, sosteniendo la voz frente a la violencia contra quienes defienden los derechos humanos.<\/p>\n\n\n\n<p>Cuando una persona defensora es asesinada, como Sim\u00f3n Pedro, tambi\u00e9n se golpea a las mujeres que sostienen las familias y los procesos organizativos, a las hijas e hijos que crecen con la ausencia del pap\u00e1 o mam\u00e1 asesinada. Los impactos de esta violencia tambi\u00e9n son colectivos, contra la comunidad y la propia organizaci\u00f3n de Las Abejas de Acteal.<\/p>\n\n\n\n<p>Sim\u00f3n Pedro fue gu\u00eda y vocero de un caminar colectivo, profundamente enraizado en la espiritualidad cristiana liberadora y en la cosmovisi\u00f3n de los pueblos tsotsiles. Su compromiso con la vida digna, su lucha no violenta y su palabra firme contra la violencia estructural y criminal en los Altos de Chiapas, marcaron un ejemplo vivo de lo que significa ser defensor del territorio y de los derechos humanos desde abajo, desde el coraz\u00f3n del pueblo.<\/p>\n\n\n\n<p>Reafirmamos que su asesinato fue un crimen contra toda la humanidad. Aunque el autor material ha sido sentenciado, la justicia sigue incompleta; la Fiscal\u00eda General del Estado de Chiapas no agot\u00f3 todas las l\u00edneas de investigaci\u00f3n, ni esclareci\u00f3 la responsabilidad de autores intelectuales. Esta omisi\u00f3n no solo representa una falta de diligencia institucional, sino que se convierte en una forma de tolerancia a la violencia contra quienes defienden la vida.<\/p>\n\n\n\n<p>Negar la calidad de defensor comunitario a Sim\u00f3n Pedro es invisibilizar la lucha de miles y es tambi\u00e9n una forma de complicidad. La vida, como bien sagrado e irreparable, no puede ser resarcida con medidas parciales. El Estado mexicano sigue en deuda: con Sim\u00f3n Pedro, con su familia, con Las Abejas de Acteal y con todos los pueblos que luchan por el Lekil Chapanel \u2014La Otra Justicia, la verdadera.<\/p>\n\n\n\n<p>La impunidad que cubre el Caso de nuestro compa\u00f1ero Sim\u00f3n, es la misma que cobija la violencia que azota la regi\u00f3n de los Altos, en medio de una diversificaci\u00f3n de grupos armados y criminales; esta misma impunidad se enraiz\u00f3 en el territorio, agudizando las condiciones que denunci\u00f3 y por lo que le cost\u00f3 la vida.<\/p>\n\n\n\n<p>Recordamos al Estado mexicano su obligaci\u00f3n indeclinable de garantizar los derechos humanos, proteger la integridad y la vida de las personas defensoras, especialmente la de los pueblos originarios a quienes hist\u00f3ricamente, no s\u00f3lo se les excluye, margina o ignora, tambi\u00e9n se les criminaliza y asesina.<\/p>\n\n\n\n<p>Desde este Centro de Derechos Humanos, decimos que hoy, m\u00e1s que nunca, seguiremos nombrando a Sim\u00f3n Pedro, sembrando su memoria, caminando su palabra, luchando por la paz y la justicia verdadera; y porque todas podamos defender los derechos humanos.<\/p>\n\n\n\n<p><a href=\"https:\/\/frayba.org.mx\/sites\/default\/files\/2025-07\/250705_boletin_04_4_anios_simon_pedro.pdf\">Descarga el Bolet\u00edn No. 04 en PDF<\/a>(252.1 KB)<\/p>\n","protected":false},"excerpt":{"rendered":"<p>Comunidad de Acteal, Chenalh\u00f3, Chiapas 5 de julio de 2025 Bolet\u00edn No. 04 4 a\u00f1os del asesinato de Sim\u00f3n Pedro P\u00e9rez L\u00f3pez. Por la justicia, memoria, la vida; y contra la impunidad Hoy, en Acteal, Casa de la Memoria y de la Esperanza, nos congregamos para conmemorar cuatro a\u00f1os de la ejecuci\u00f3n de nuestro compa\u00f1ero [&hellip;]<\/p>\n","protected":false},"author":21,"featured_media":51197,"comment_status":"open","ping_status":"closed","sticky":false,"template":"","format":"standard","meta":{"footnotes":""},"categories":[51,6,55,958,935],"tags":[100,58,53,106,567,147,23,545,87,148,27,483],"class_list":["post-51196","post","type-post","status-publish","format-standard","has-post-thumbnail","hentry","category-autor","category-chiapas","category-frayba","category-megaproyectos","category-temas","tag-acteal","tag-derechos-humanos","tag-justicia","tag-las-abejas-de-acteal","tag-megaproyectos","tag-militarizacion","tag-paramilitares","tag-pueblos-indigenas","tag-represion","tag-resistencia","tag-solidaridad","tag-tierra-y-territorio"],"_links":{"self":[{"href":"https:\/\/radiozapatista.org\/index.php?rest_route=\/wp\/v2\/posts\/51196","targetHints":{"allow":["GET"]}}],"collection":[{"href":"https:\/\/radiozapatista.org\/index.php?rest_route=\/wp\/v2\/posts"}],"about":[{"href":"https:\/\/radiozapatista.org\/index.php?rest_route=\/wp\/v2\/types\/post"}],"author":[{"embeddable":true,"href":"https:\/\/radiozapatista.org\/index.php?rest_route=\/wp\/v2\/users\/21"}],"replies":[{"embeddable":true,"href":"https:\/\/radiozapatista.org\/index.php?rest_route=%2Fwp%2Fv2%2Fcomments&post=51196"}],"version-history":[{"count":1,"href":"https:\/\/radiozapatista.org\/index.php?rest_route=\/wp\/v2\/posts\/51196\/revisions"}],"predecessor-version":[{"id":51198,"href":"https:\/\/radiozapatista.org\/index.php?rest_route=\/wp\/v2\/posts\/51196\/revisions\/51198"}],"wp:featuredmedia":[{"embeddable":true,"href":"https:\/\/radiozapatista.org\/index.php?rest_route=\/wp\/v2\/media\/51197"}],"wp:attachment":[{"href":"https:\/\/radiozapatista.org\/index.php?rest_route=%2Fwp%2Fv2%2Fmedia&parent=51196"}],"wp:term":[{"taxonomy":"category","embeddable":true,"href":"https:\/\/radiozapatista.org\/index.php?rest_route=%2Fwp%2Fv2%2Fcategories&post=51196"},{"taxonomy":"post_tag","embeddable":true,"href":"https:\/\/radiozapatista.org\/index.php?rest_route=%2Fwp%2Fv2%2Ftags&post=51196"}],"curies":[{"name":"wp","href":"https:\/\/api.w.org\/{rel}","templated":true}]}}