{"id":51185,"date":"2025-07-09T11:43:07","date_gmt":"2025-07-09T17:43:07","guid":{"rendered":"https:\/\/radiozapatista.org\/?p=51185"},"modified":"2025-07-09T11:44:16","modified_gmt":"2025-07-09T17:44:16","slug":"desde-europa-denuncian-ataque-armado-contra-la-comunidad-purhepecha-de-cheran-keri","status":"publish","type":"post","link":"https:\/\/radiozapatista.org\/?p=51185","title":{"rendered":"Desde Europa, denuncian ataque armado contra la comunidad P&#8217;urh\u00e9pecha de Cher\u00e1n K&#8217;eri"},"content":{"rendered":"\n<h3 class=\"wp-block-heading has-text-align-center\"><strong>COMUNICADO DE EUROPA ZAPATISTA<br>CONTR EL ATAQUE ARMADO CONTRA<br>LA COMUNIDAD CHER\u00c1N K\u2019ERI (MICHOAC\u00c1N)<\/strong><\/h3>\n\n\n\n<p>Al gobierno federal de M\u00e9xico,<br>Al gobierno estatal de Michoac\u00e1n,<br>A la comunidad de Cher\u00e1n K\u2019eri,<br>A los colectivos firmantes de la Declaraci\u00f3n por la Vida,<br>A la sociedad civil mexicana e internacional,<\/p>\n\n\n\n<p>El pasado el d\u00eda 2 de julio de 2025, la comunidad de Cher\u00e1n K\u2019eri (Michoac\u00e1n) ha sido v\u00edctima de un violento ataque armado por parte de sujetos desconocidos que intentaron ingresar por los parajes de Rancho del Pino y Cerrito del Aire. La respuesta de la Ronda comunitaria (\u00f3rgano de seguridad dentro de su sistema de autogobierno aut\u00f3nomo) resisti\u00f3 la agresi\u00f3n y activ\u00f3 las barricadas para proteger a la poblaci\u00f3n.<\/p>\n\n\n\n<p>Lamentablemente, este no es un hecho aislado, sino que forma parte de una escalada de violencia que se ha recrudecido en Michoac\u00e1n, un estado donde el crimen organizado se disputa los territorios con total impunidad, afectando gravemente a las comunidades rurales e ind\u00edgenas. En las \u00faltimas semanas, se han intensificado las agresiones en diversas regiones, incluyendo la Meseta P\u2019urh\u00e9pecha, donde pueblos como Nahuatzen, Arantepacua, Cap\u00e1cuaro y Santa Fe de la Laguna tambi\u00e9n han sido objeto de amenazas, incursiones armadas y despojo territorial.<\/p>\n\n\n\n<p>Sabemos que Cher\u00e1n ha sido objeto de distintos intentos de agresi\u00f3n desde que en 2011 expuls\u00f3 a los partidos pol\u00edticos, a los talamontes y al crimen organizado, quienes conformaban una trama de saqueo de los bosques comunitarios y asesinaban a los comuneros con la complicidad de autoridades estatales y federales.<\/p>\n\n\n\n<p>Cher\u00e1n representa un sistema de autogobierno ind\u00edgena reconocido legal y constitucionalmente, basado en asambleas, fogatas y formas comunitarias de justicia y organizaci\u00f3n. Atacar de este modo a Cher\u00e1n representa desestabilizar y destruir una de las experiencias de autonom\u00eda ind\u00edgena existentes dentro de la red de pueblos que defienden la vida y que representan un faro de esperanza dentro de la necropol\u00edtica que atraviesa la territorialidad mexicana.<\/p>\n\n\n\n<p>Desde todas las organizaciones y colectivos de Slumil K\u2019ajxemk\u2019op (Europa Insumisa) enviamos nuestro abrazo a los y las comuneras de Cher\u00e1n, les decimos desde nuestros territorios que les abrazamos en la p\u00e9rdida de su hermano comunero, y esperamos la pronta recuperaci\u00f3n del compa\u00f1ero herido; les mandamos toda nuestra energ\u00eda para seguir alimentando su resistencia y la defensa de su autogobierno y territorio.<\/p>\n\n\n\n<!--more-->\n\n\n\n<p>Denunciamos cualquier intento de intervenci\u00f3n armada, sea del crimen organizado, de talamontes o de cualquier otro actor que pretenda atacar las formas de vida comunitarias de Cher\u00e1n.<\/p>\n\n\n\n<p>Exigimos al Estado mexicano, y en particular a los gobiernos federal y estatal, que respeten la libre determinaci\u00f3n del pueblo P\u2019urh\u00e9pecha, y el autogobierno y la seguridad comunitaria de la comunidad Cher\u00e1n K\u2019eri.<\/p>\n\n\n\n<p>\u00a1Que las fogatas sigan alumbrando el camino del autogobierno de Cher\u00e1n!<\/p>\n\n\n\n<p>\u00a1Fuera el crimen organizado del territorio P\u2019urh\u00e9pecha!<\/p>\n\n\n\n<h2 class=\"wp-block-heading\">FIRMAS:<\/h2>\n\n\n\n<p>Assemblea de Solidaritat amb M\u00e9xic del Pa\u00eds Valencia<br>Lumaltik Herriak &#8211; Pa\u00eds Vasco<br>20ZLN &#8211; Italia<br>Associazione Ya Basta! \u00c9di Bese! &#8211; Noreste de Italia<br>Cooperazione Rebelde Napoli &#8211; Italia<br>Comitati Chiapas &#8220;Maribel&#8221; &#8211; Italia<br>Batec Zapatista &#8211; Barcelona<br>Mujeres y Disidencias de la Sexta en la Otra Europa y Abya Yala, RRR<br>Groupe CafeZ &#8211; Li\u00e9ge, B\u00e9lgica<br>Casa Nicaragua &#8211; Li\u00e9ge, B\u00e9lgica<br>Paliacate Zapatista &#8211; Grecia<br>Colectivo Calendario Zapatista &#8211; Grecia<br>Pallasos en Rebeld\u00eda &#8211; Galicia<br>\u00a1Y Retiemble! \u2013 Madrid &#8211; Estado Espa\u00f1ol<br>Cedoz, Centro de Documentaci\u00f3n sobre Zapatismo &#8211; Madrid<br>CGT Internacional &#8211; Estado Espa\u00f1ol<br>Caracoleras De Olba &#8211; Estado Espa\u00f1ol<br>Colectivo Armadillo Suomi &#8211; Finlandia<br>Mutvitz 13 &#8211; Marseille<br>Frankfurt International &#8211; Alemania<br>TxiapasEKIN &#8211; Pa\u00eds Vasco<br>Colectivo Ramona-Chipre<\/p>\n","protected":false},"excerpt":{"rendered":"<p>COMUNICADO DE EUROPA ZAPATISTACONTR EL ATAQUE ARMADO CONTRALA COMUNIDAD CHER\u00c1N K\u2019ERI (MICHOAC\u00c1N) Al gobierno federal de M\u00e9xico,Al gobierno estatal de Michoac\u00e1n,A la comunidad de Cher\u00e1n K\u2019eri,A los colectivos firmantes de la Declaraci\u00f3n por la Vida,A la sociedad civil mexicana e internacional, El pasado el d\u00eda 2 de julio de 2025, la comunidad de Cher\u00e1n K\u2019eri [&hellip;]<\/p>\n","protected":false},"author":1,"featured_media":51186,"comment_status":"open","ping_status":"closed","sticky":false,"template":"","format":"standard","meta":{"footnotes":""},"categories":[957,1024,954,190],"tags":[79,481,1061,26,198,549,912,27],"class_list":["post-51185","post","type-post","status-publish","format-standard","has-post-thumbnail","hentry","category-autonomia","category-cni-temas","category-mexico","category-radiozapatista","tag-autonomia","tag-cheran","tag-crimen-organizado","tag-europa-zapatista","tag-impunidad","tag-michoacan","tag-narcoestado","tag-solidaridad"],"_links":{"self":[{"href":"https:\/\/radiozapatista.org\/index.php?rest_route=\/wp\/v2\/posts\/51185","targetHints":{"allow":["GET"]}}],"collection":[{"href":"https:\/\/radiozapatista.org\/index.php?rest_route=\/wp\/v2\/posts"}],"about":[{"href":"https:\/\/radiozapatista.org\/index.php?rest_route=\/wp\/v2\/types\/post"}],"author":[{"embeddable":true,"href":"https:\/\/radiozapatista.org\/index.php?rest_route=\/wp\/v2\/users\/1"}],"replies":[{"embeddable":true,"href":"https:\/\/radiozapatista.org\/index.php?rest_route=%2Fwp%2Fv2%2Fcomments&post=51185"}],"version-history":[{"count":2,"href":"https:\/\/radiozapatista.org\/index.php?rest_route=\/wp\/v2\/posts\/51185\/revisions"}],"predecessor-version":[{"id":51188,"href":"https:\/\/radiozapatista.org\/index.php?rest_route=\/wp\/v2\/posts\/51185\/revisions\/51188"}],"wp:featuredmedia":[{"embeddable":true,"href":"https:\/\/radiozapatista.org\/index.php?rest_route=\/wp\/v2\/media\/51186"}],"wp:attachment":[{"href":"https:\/\/radiozapatista.org\/index.php?rest_route=%2Fwp%2Fv2%2Fmedia&parent=51185"}],"wp:term":[{"taxonomy":"category","embeddable":true,"href":"https:\/\/radiozapatista.org\/index.php?rest_route=%2Fwp%2Fv2%2Fcategories&post=51185"},{"taxonomy":"post_tag","embeddable":true,"href":"https:\/\/radiozapatista.org\/index.php?rest_route=%2Fwp%2Fv2%2Ftags&post=51185"}],"curies":[{"name":"wp","href":"https:\/\/api.w.org\/{rel}","templated":true}]}}