{"id":51172,"date":"2025-07-08T14:17:23","date_gmt":"2025-07-08T20:17:23","guid":{"rendered":"https:\/\/radiozapatista.org\/?p=51172"},"modified":"2025-07-09T11:32:54","modified_gmt":"2025-07-09T17:32:54","slug":"pronunciamiento-preocupacion-ante-el-inicio-de-las-obras-vinculadas-a-la-construccion-de-la-mega-carretera-san-cristobal-palenque","status":"publish","type":"post","link":"https:\/\/radiozapatista.org\/?p=51172","title":{"rendered":"Pronunciamiento. Preocupaci\u00f3n ante el inicio de las obras vinculadas a la construcci\u00f3n de la mega carretera San Crist\u00f3bal-Palenque"},"content":{"rendered":"\n<p class=\"has-text-align-center\"><strong>PRONUNCIAMIENTO<\/strong><\/p>\n\n\n\n<p class=\"has-text-align-center\"><strong>Preocupaci\u00f3n ante el inicio de las obras vinculadas a la construcci\u00f3n de la mega carretera San Crist\u00f3bal-Palenque<\/strong><\/p>\n\n\n\n<p>Las organizaciones de la sociedad civil que pertenecemos a Slamalil kinal[1]&nbsp;manifestamos nuestra preocupaci\u00f3n en relaci\u00f3n al medio ambiente, los derechos humanos y los derechos colectivos de los pueblos originarios ante el desarrollo del proyecto de construcci\u00f3n de la mega carretera San Crist\u00f3bal-Palenque. Consideramos que representa una grave amenaza para la biodiversidad de la regi\u00f3n, los ecosistemas locales y las comunidades ind\u00edgenas que han habitado y protegido estos territorios durante generaciones.<\/p>\n\n\n\n<p>La carretera, planteada bajo una visi\u00f3n de &#8220;desarrollo&#8221; capitalista y extractivista, ignora los principios fundamentales del respeto a los derechos colectivos de los pueblos originarios, consagrados en la Constituci\u00f3n Mexicana y los tratados internacionales, como el Convenio 169 de la OIT y la Declaraci\u00f3n de las Naciones Unidas sobre los Derechos de los Pueblos Ind\u00edgenas firmados por M\u00e9xico. En lugar de fortalecer el bienestar de estas comunidades, este proyecto no toma en cuenta sus necesidades, violando su autonom\u00eda y da\u00f1ando su patrimonio cultural y los bienes comunes, la casa com\u00fan, la madre tierra. El desarrollo no deber\u00eda de limitarse al crecimiento econ\u00f3mico o a la construcci\u00f3n de infraestructuras.<\/p>\n\n\n\n<p>Asimismo, nos preocupa la realizaci\u00f3n de consultas como las que fueron coordinadas por el gobierno del estado de Chiapas, ya que no cumplen con los est\u00e1ndares nacionales[2]&nbsp;e internacionales de consulta previa, libre e informada y culturalmente pertinentes en zonas mayoritariamente ind\u00edgenas.[3]&nbsp;Realizar una consulta popular excluye la participaci\u00f3n efectiva de los pueblos y comunidades que son directamente afectadas, quienes cuentan adem\u00e1s con su propia idea del desarrollo o bienestar.<\/p>\n\n\n\n<p>Comunidades y organizaciones ind\u00edgenas y de derechos humanos han expresado su rechazo al proyecto de forma p\u00fablica y presentado amparos tanto ante el proceso de consulta como al proyecto mismo[4]. Esta misma situaci\u00f3n se present\u00f3 en el caso del Tren Maya bajo la coordinaci\u00f3n del gobierno federal, proceso ante el que seis relatores de la Organizaci\u00f3n de Naciones Unidas se\u00f1alaron violaciones a derechos humanos en el marco de la \u201cconsulta\u201d y desarrollo del proyecto[5]. Cinco a\u00f1os despu\u00e9s, el gobierno ha aceptado los da\u00f1os ecol\u00f3gicos causado por el Tren Maya[6].<\/p>\n\n\n\n<p>El obispo Rodrigo Aguilar Mart\u00ednez, de la Diocesis de San Crist\u00f3bal de Las Casas, en su carta pastoral &#8220;Caminemos juntos a la luz del Se\u00f1or&#8221; (2020), subray\u00f3 los posibles perjuicios ambientales y sociales que traen consigo los megaproyectos en Chiapas, como la autopista San Crist\u00f3bal-Palenque, el Tren Maya, la miner\u00eda, las presas hidroel\u00e9ctricas y otras explotaciones que alteran ecosistemas, da\u00f1an territorios y afectan a pueblos originarios y urbanos. Cuestion\u00f3 el llamado &#8220;desarrollo&#8221; que beneficia a unos pocos mientras despoja a las comunidades de sus bienes comunes, y llam\u00f3 a garantizar un enfoque humano y ecol\u00f3gico cuando se planteen.<\/p>\n\n\n\n<p>Por su parte, el Capit\u00e1n Marcos, en su comunicado \u201cAdagios\u201d se\u00f1ala que \u201cen su etapa actual, el sistema realiza una nueva guerra de conquista, y su objetivo es destruir\/reconstruir, despoblar\/repoblar. Destrucci\u00f3n \/ despoblamiento y reconstrucci\u00f3n \/ reordenamiento de una zona es el destino de esa guerra (\u2026) Los llamados megaproyectos no derivan en desarrollo. Son solo los corredores comerciales abiertos para que el crimen organizado tenga nuevos mercados. La disputa entre c\u00e1rteles rivales no es solo por el tr\u00e1fico de personas y drogas, es sobre todo la disputa por el monopolio del cobro de piso en lo que se mal llama \u2018Tren Maya\u2019 y \u2018Corredor Trans\u00edstmico\u2019. A los \u00e1rboles y animales no se les pueden cobrar cuotas, en cambio, s\u00ed a las comunidades y a las empresas que se asienten en esa otra in\u00fatil frontera en el sureste mexicano\u201d.<\/p>\n\n\n\n<p>Alertamos sobre las profundas afectaciones sociales y ambientales que este proyecto &#8211; oficialmente inaugurado el pasado 8 de junio[7]- ocasionar\u00e1. La deforestaci\u00f3n, la fragmentaci\u00f3n de ecosistemas y la p\u00e9rdida de biodiversidad ser\u00e1n algunas de las consecuencias irreversibles para la regi\u00f3n. Adem\u00e1s, tememos que las comunidades ind\u00edgenas enfrentar\u00e1n el despojo de sus territorios, la p\u00e9rdida de sus modos de vida tradicionales y un aumento de la conflictividad y vulnerabilidad social, tal como ya se ha observado con otros proyectos de desarrollo.<\/p>\n\n\n\n<p><strong>Por todo lo anterior, exigimos:<\/strong><\/p>\n\n\n\n<ul class=\"wp-block-list\">\n<li>La suspensi\u00f3n inmediata del proyecto de la carretera San Crist\u00f3bal-Palenque.<\/li>\n\n\n\n<li>La realizaci\u00f3n de consultas leg\u00edtimas, previas, libres e informadas, conformes a los est\u00e1ndares nacionales e internacionales.<\/li>\n\n\n\n<li>La protecci\u00f3n de los territorios, la biodiversidad y el patrimonio cultural de la regi\u00f3n.<\/li>\n\n\n\n<li>Un verdadero modelo de desarrollo que respete y beneficie a los pueblos originarios, en lugar de violentar sus derechos.<\/li>\n<\/ul>\n\n\n\n<p>Hoy m\u00e1s que nunca, hacemos un llamado a la sociedad civil, las organizaciones internacionales y los pueblos de M\u00e9xico a solidarizarse en esta lucha por la justicia, la dignidad y el respeto hacia nuestras comunidades ind\u00edgenas y nuestro medio ambiente.<\/p>\n\n\n\n<p>______________<\/p>\n\n\n\n<p><sub>[1]&nbsp;Un espacio de an\u00e1lisis, reflexi\u00f3n y acci\u00f3n integrado por 10 organizaciones civiles y la vicar\u00eda de Justicia y Paz que mantiene un an\u00e1lisis permanente sobre el contexto local y nacional, con acciones puntuales como pueden ser capacitaci\u00f3n sobre riesgo, seguridad y protecci\u00f3n, as\u00ed como afrontamientos psicosociales; y en construcci\u00f3n de paz con j\u00f3venes; pronunciamientos ante hechos de gravedad, o Encuentros de alrededor de 30 organizaciones sociales y civiles.<\/sub><\/p>\n\n\n\n<p><sub>[2<a href=\"https:\/\/sil.gobernacion.gob.mx\/Archivos\/Documentos\/2021\/04\/asun_4175104_20210422_1619099079.pdf\">https:\/\/sil.gobernacion.gob.mx\/Archivos\/Documentos\/2021\/04\/asun_4175104_20210422_1619099079.pdf<\/a><\/sub><\/p>\n\n\n\n<p><sub>[3]&nbsp;<a href=\"https:\/\/www.jornada.com.mx\/noticia\/2025\/03\/23\/estados\/comunidades-de-chiapas-aprueban-construccion-de-autopista-san-cristobalpalenque\">Comunidades de Chiapas aprueban construcci\u00f3n de autopista San Crist\u00f3bal-Palenque&nbsp;<\/a>(La Jornada, 23 de marzo de 2025)<\/sub><\/p>\n\n\n\n<p><sub>[4]&nbsp;<a href=\"https:\/\/www.jornada.com.mx\/2025\/03\/03\/estados\/028n1est\">Rechazan en Chil\u00f3n construcci\u00f3n de la autopista San Crist\u00f3bal-Palenque<\/a>&nbsp;(La Jornada, 3 de marzo de 2025).<\/sub><\/p>\n\n\n\n<p><sub>[5]&nbsp;&nbsp;<a href=\"https:\/\/anews.mx\/2020\/11\/23\/alerta-onu-sobre-afectaciones-a-comunidades-indigenas-por-tren-maya\/\">Alerta ONU sobre afectaciones a comunidades ind\u00edgenas por Tren Maya<\/a>&nbsp;(anews, 23 de noviembre 2020).<\/sub><\/p>\n\n\n\n<p><sub>[6]&nbsp;<a href=\"https:\/\/elpais.com\/mexico\/2025-04-02\/el-gobierno-reconoce-cinco-anos-despues-los-danos-ecologicos-por-la-construccion-del-tren-maya.html\">El Gobierno reconoce, cinco a\u00f1os despu\u00e9s, los da\u00f1os ecol\u00f3gicos por la construcci\u00f3n del Tren Maya<\/a>&nbsp;(El Pa\u00eds, 2 de abril de 2025)<\/sub><\/p>\n\n\n\n<p><sub>[7]&nbsp;<a href=\"https:\/\/www.chiapasparalelo.com\/noticias\/chiapas\/2025\/06\/inicia-construccion-de-polemica-supercarretera-palenque-san-cristobal-que-conecta-con-el-tren-maya\/\">Inicia construcci\u00f3n de pol\u00e9mica supercarretera Palenque-San Crist\u00f3bal, que conecta con el Tren Maya<\/a>&nbsp;(Chiapas Paralelo, 8 de junio de 2025).<\/sub><\/p>\n\n\n\n<p><a href=\"https:\/\/frayba.org.mx\/sites\/default\/files\/2025-07\/250707-pronunciamiento-slamalil.pdf\">Descarga el Pronunciamiento en PDF<\/a>(91.49 KB)<\/p>\n","protected":false},"excerpt":{"rendered":"<p>PRONUNCIAMIENTO Preocupaci\u00f3n ante el inicio de las obras vinculadas a la construcci\u00f3n de la mega carretera San Crist\u00f3bal-Palenque Las organizaciones de la sociedad civil que pertenecemos a Slamalil kinal[1]&nbsp;manifestamos nuestra preocupaci\u00f3n en relaci\u00f3n al medio ambiente, los derechos humanos y los derechos colectivos de los pueblos originarios ante el desarrollo del proyecto de construcci\u00f3n de [&hellip;]<\/p>\n","protected":false},"author":21,"featured_media":51173,"comment_status":"open","ping_status":"closed","sticky":false,"template":"","format":"standard","meta":{"footnotes":""},"categories":[957,51,6,55,958,954,935],"tags":[58,53,567,147,545,87,148,27,483],"class_list":["post-51172","post","type-post","status-publish","format-standard","has-post-thumbnail","hentry","category-autonomia","category-autor","category-chiapas","category-frayba","category-megaproyectos","category-mexico","category-temas","tag-derechos-humanos","tag-justicia","tag-megaproyectos","tag-militarizacion","tag-pueblos-indigenas","tag-represion","tag-resistencia","tag-solidaridad","tag-tierra-y-territorio"],"_links":{"self":[{"href":"https:\/\/radiozapatista.org\/index.php?rest_route=\/wp\/v2\/posts\/51172","targetHints":{"allow":["GET"]}}],"collection":[{"href":"https:\/\/radiozapatista.org\/index.php?rest_route=\/wp\/v2\/posts"}],"about":[{"href":"https:\/\/radiozapatista.org\/index.php?rest_route=\/wp\/v2\/types\/post"}],"author":[{"embeddable":true,"href":"https:\/\/radiozapatista.org\/index.php?rest_route=\/wp\/v2\/users\/21"}],"replies":[{"embeddable":true,"href":"https:\/\/radiozapatista.org\/index.php?rest_route=%2Fwp%2Fv2%2Fcomments&post=51172"}],"version-history":[{"count":2,"href":"https:\/\/radiozapatista.org\/index.php?rest_route=\/wp\/v2\/posts\/51172\/revisions"}],"predecessor-version":[{"id":51183,"href":"https:\/\/radiozapatista.org\/index.php?rest_route=\/wp\/v2\/posts\/51172\/revisions\/51183"}],"wp:featuredmedia":[{"embeddable":true,"href":"https:\/\/radiozapatista.org\/index.php?rest_route=\/wp\/v2\/media\/51173"}],"wp:attachment":[{"href":"https:\/\/radiozapatista.org\/index.php?rest_route=%2Fwp%2Fv2%2Fmedia&parent=51172"}],"wp:term":[{"taxonomy":"category","embeddable":true,"href":"https:\/\/radiozapatista.org\/index.php?rest_route=%2Fwp%2Fv2%2Fcategories&post=51172"},{"taxonomy":"post_tag","embeddable":true,"href":"https:\/\/radiozapatista.org\/index.php?rest_route=%2Fwp%2Fv2%2Ftags&post=51172"}],"curies":[{"name":"wp","href":"https:\/\/api.w.org\/{rel}","templated":true}]}}