{"id":51162,"date":"2025-07-03T10:44:13","date_gmt":"2025-07-03T16:44:13","guid":{"rendered":"https:\/\/radiozapatista.org\/?p=51162"},"modified":"2025-07-03T10:44:57","modified_gmt":"2025-07-03T16:44:57","slug":"exigen-seguridad-para-cheran-y-comunidades-en-resistencia","status":"publish","type":"post","link":"https:\/\/radiozapatista.org\/?p=51162","title":{"rendered":"Exigen seguridad para Cher\u00e1n y comunidades en resistencia"},"content":{"rendered":"\n<h3 class=\"wp-block-heading has-text-align-center\">Por la seguridad de Cher\u00e1n y las comunidades en resistencia<\/h3>\n\n\n\n<p><strong>Exigimos al gobierno federal y estatal garant\u00edas reales para la seguridad de Cher\u00e1n y las comunidades en resistencia, respeto absoluto al derecho al autogobierno y a la autodeterminaci\u00f3n, y justicia para quienes han sido agredidos.<\/strong><\/p>\n\n\n\n<p>La ma\u00f1ana del 2 de julio del presente a\u00f1o (2025), un comando armado entr\u00f3 a la comunidad de Cher\u00e1n K\u2019eri. Incursion\u00f3 por el cerro, para evitar los retenes comunales, asesinando a un comunero y otro result\u00f3 herido. A partir de los hechos violentos en abril de 2011 (narco-tala de madera, asaltos, secuestros, cobros de piso y dem\u00e1s acciones criminales) la comunidad se organiz\u00f3 para resguardar la vida y el territorio. Desde 2011 lograron su reconocimiento para nombrar a sus autoridades por sus sistemas normativos, la organizaci\u00f3n del poder municipal representada por el Concejo Comunal de Gobierno Mayor y su propio cuerpo de seguridad comunal (rondas).<\/p>\n\n\n\n<p>En estos \u00faltimos quince a\u00f1os la violencia se ha incrementado en Michoac\u00e1n y en todo M\u00e9xico; en la regi\u00f3n a la que pertenece Cher\u00e1n, la disputa es por el control de sus territorios y los bienes naturales que pertenecen a las comunidades ind\u00edgenas de Michoac\u00e1n. Cerca de 350 mil hect\u00e1reas son propiedad social de mazahuas, h\u00f1ah\u00f1u y p\u2019urh\u00e9pechas, 200 mil hect\u00e1reas se encuentran en manos de aguacateros y 20 mil est\u00e1n destinadas a la producci\u00f3n de frutos rojos.<\/p>\n\n\n\n<p>M\u00e9xico ocupa el primer lugar mundial de exportaci\u00f3n de estos frutos y Michoac\u00e1n es l\u00edder a nivel nacional. Esta agroindustria extractiva concentra tierra y agua, a trav\u00e9s de ventas, rentas, muchas de ellas forzadas, pozos legales, tomas clandestinas y ollas de agua ilegales. Su expansi\u00f3n en la superficie ha sido a trav\u00e9s de distintas pr\u00e1cticas como incendios, tala, cambios de uso de suelo, instalaci\u00f3n de huertas, pero tambi\u00e9n el desplazamiento de la poblaci\u00f3n por medio de pedagog\u00edas y pr\u00e1cticas de terror, apoyados por grupos armados de las econom\u00edas ilegales.<\/p>\n\n\n\n<p>Estos procesos de despojo no pueden explicarse sin la participaci\u00f3n de un Estado en connivencia con estas econom\u00edas criminales. Existen m\u00e1s de 33 cuarteles de la Guardia Nacional, m\u00e1s los destacamentos de la Guardia civil (estatal), del ej\u00e9rcito y la marina, adem\u00e1s de todos los dispositivos de inteligencia distribuidos a lo largo y ancho del territorio estatal, los cuales no act\u00faan frente a la presencia de estos grupos armados que act\u00faan con total impunidad. Muestra todo ello, una vez m\u00e1s, de los l\u00edmites de la pol\u00edtica de Seguridad Nacional que los diferentes gobiernos en turno proponen.<\/p>\n\n\n\n<p>El ataque de hoy, 2 de julio de 2025, a Cher\u00e1n no es un hecho aislado, forma parte de una escalada de violencia contra los pueblos originarios de la Meseta P\u2019urh\u00e9pecha y de otras regiones de Michoac\u00e1n, en un contexto donde el crimen organizado, intereses extractivos y actores pol\u00edticos se entrelazan para atentar contra las autonom\u00edas territoriales que han sido conquistadas con dignidad, lucha y memoria.<\/p>\n\n\n\n<p>Cher\u00e1n es un ejemplo de autogobierno ind\u00edgena, organizaci\u00f3n comunitaria y defensa de los bienes comunes, que ha resistido el saqueo forestal, la violencia pol\u00edtica y el despojo territorial. Defender a Cher\u00e1n es defender el derecho de los pueblos a vivir en paz, a decidir su forma de vida y a cuidar su territorio.<\/p>\n\n\n\n<p>Frente al silencio, la omisi\u00f3n y la complicidad del Estado, alzamos la voz y hacemos<br>un llamado urgente:<\/p>\n\n\n\n<ul class=\"wp-block-list\">\n<li>A las organizaciones sociales, colectivas, pueblos hermanos y ciudadan\u00eda en general, a solidarizarse activamente con Cher\u00e1n.<\/li>\n\n\n\n<li>A difundir este y otros comunicados, rompiendo el cerco de indiferencia que permite que la violencia avance.<\/li>\n\n\n\n<li>A defender los logros de las autonom\u00edas ind\u00edgenas, que hoy m\u00e1s que nunca est\u00e1n bajo ataque.<\/li>\n<\/ul>\n\n\n\n<p>Exigimos al gobierno federal y estatal garant\u00edas reales para la seguridad de Cher\u00e1n y las comunidades en resistencia, respeto absoluto al derecho al autogobierno y a la autodeterminaci\u00f3n, y justicia para quienes han sido agredidos.<\/p>\n\n\n\n<p>Exigimos un Plan de Justicia para el pueblo P\u2019urh\u00e9pecha que incluya la seguridad.<\/p>\n\n\n\n<p>No es una mera coincidencia la violencia contra los pueblos de Cher\u00e1n. Cher\u00e1n y lxs K\u00b4eris viven y vivir\u00e1n desafiando el mundo del Estado, del Capitalismo-Extractivista y del Despojo.<\/p>\n\n\n\n<p>Manifestamos nuestra solidaridad con la comunidad de Cher\u00e1n K\u2019eri y con todas las comunidades que luchan en la defensa de sus tierras, territorios, bienes naturales y la vida de sus miembros.<\/p>\n\n\n\n<p>Desde nuestros espacios universitarios, territoriales y organizativos, nos sumamos a la defensa de la vida y de los territorios.<\/p>\n\n\n\n<p class=\"has-text-align-center\">La lucha es por la vida, por territorios con paz y justicia.<br>\u00a1Ni un paso atr\u00e1s en la defensa de la autonom\u00eda!<br>\u00a1Por la vida, la dignidad y la memoria de los pueblos originarios!<br>\u00a1Cher\u00e1n vive, la lucha sigue. Cher\u00e1n no est\u00e1 solo!<\/p>\n\n\n\n<p><br><strong>Planeta Tierra, 2 de julio de 2025<br><a href=\"https:\/\/www.clacso.org\/grupos-de-trabajo\/grupos-de-trabajo-2023-2025\/?pag=detalle&amp;refe=2&amp;ficha=2428\" target=\"_blank\" rel=\"noreferrer noopener\">Grupos de Trabajo CLACSO Cuerpos, territorios, resistencias<\/a><\/strong><\/p>\n\n\n\n<p><\/p>\n","protected":false},"excerpt":{"rendered":"<p>Por la seguridad de Cher\u00e1n y las comunidades en resistencia Exigimos al gobierno federal y estatal garant\u00edas reales para la seguridad de Cher\u00e1n y las comunidades en resistencia, respeto absoluto al derecho al autogobierno y a la autodeterminaci\u00f3n, y justicia para quienes han sido agredidos. La ma\u00f1ana del 2 de julio del presente a\u00f1o (2025), [&hellip;]<\/p>\n","protected":false},"author":1,"featured_media":51163,"comment_status":"open","ping_status":"closed","sticky":false,"template":"","format":"standard","meta":{"footnotes":""},"categories":[957,1024,954,190],"tags":[481,1061,198,549,912,511],"class_list":["post-51162","post","type-post","status-publish","format-standard","has-post-thumbnail","hentry","category-autonomia","category-cni-temas","category-mexico","category-radiozapatista","tag-cheran","tag-crimen-organizado","tag-impunidad","tag-michoacan","tag-narcoestado","tag-violencia"],"_links":{"self":[{"href":"https:\/\/radiozapatista.org\/index.php?rest_route=\/wp\/v2\/posts\/51162","targetHints":{"allow":["GET"]}}],"collection":[{"href":"https:\/\/radiozapatista.org\/index.php?rest_route=\/wp\/v2\/posts"}],"about":[{"href":"https:\/\/radiozapatista.org\/index.php?rest_route=\/wp\/v2\/types\/post"}],"author":[{"embeddable":true,"href":"https:\/\/radiozapatista.org\/index.php?rest_route=\/wp\/v2\/users\/1"}],"replies":[{"embeddable":true,"href":"https:\/\/radiozapatista.org\/index.php?rest_route=%2Fwp%2Fv2%2Fcomments&post=51162"}],"version-history":[{"count":1,"href":"https:\/\/radiozapatista.org\/index.php?rest_route=\/wp\/v2\/posts\/51162\/revisions"}],"predecessor-version":[{"id":51164,"href":"https:\/\/radiozapatista.org\/index.php?rest_route=\/wp\/v2\/posts\/51162\/revisions\/51164"}],"wp:featuredmedia":[{"embeddable":true,"href":"https:\/\/radiozapatista.org\/index.php?rest_route=\/wp\/v2\/media\/51163"}],"wp:attachment":[{"href":"https:\/\/radiozapatista.org\/index.php?rest_route=%2Fwp%2Fv2%2Fmedia&parent=51162"}],"wp:term":[{"taxonomy":"category","embeddable":true,"href":"https:\/\/radiozapatista.org\/index.php?rest_route=%2Fwp%2Fv2%2Fcategories&post=51162"},{"taxonomy":"post_tag","embeddable":true,"href":"https:\/\/radiozapatista.org\/index.php?rest_route=%2Fwp%2Fv2%2Ftags&post=51162"}],"curies":[{"name":"wp","href":"https:\/\/api.w.org\/{rel}","templated":true}]}}