{"id":51154,"date":"2025-07-02T21:43:19","date_gmt":"2025-07-03T03:43:19","guid":{"rendered":"https:\/\/radiozapatista.org\/?p=51154"},"modified":"2025-07-02T21:46:29","modified_gmt":"2025-07-03T03:46:29","slug":"51-anos-luchando-por-la-justicia-la-incansable-lucha-de-la-familia-guzman-convocatoria-al-acto-politico-cultural-los-desaparecidos-del-pueblo-purhepecha","status":"publish","type":"post","link":"https:\/\/radiozapatista.org\/?p=51154","title":{"rendered":"51 a\u00f1os luchando por la justicia, la incansable lucha de la familia Guzm\u00e1n. Convocatoria al Acto Pol\u00edtico Cultural los Desaparecidos del Pueblo P\u2019urh\u00e9pecha"},"content":{"rendered":"\n<p>A LA COMISI\u00d3N INTERAMERICANA DE DERECHOS HUMANOS<br>A LAS COMUNIDADES Y PUEBLOS ORIGINARIOS<br>AL PUEBLO DE M\u00c9XICO Y DE MICHOAC\u00c1N<br>A LOS MEDIOS DE COMUNICACI\u00d3N<br>AL ESTADO MEXICANO<\/p>\n\n\n\n<p>Comunidades ind\u00edgenas y afromexicanas de Michoac\u00e1n a 2 de julio de 2025.<\/p>\n\n\n\n<p>Entre los a\u00f1os de 1974 y 1976, durante la denominada \u201cguerra sucia\u201d, en un contexto de autoritarismo, cerraz\u00f3n y represi\u00f3n hacia los movimientos sociales y los opositores pol\u00edticos, cinco integrantes de la familia Guzm\u00e1n Cruz: Jos\u00e9 de Jes\u00fas Guzm\u00e1n Jim\u00e9nez; y sus hijos Amafer, Sol\u00f3n Adenauer, Armando y Venustiano Guzm\u00e1n Cruz, fueron detenidos, torturados y desaparecidos por el Ej\u00e9rcito Mexicano y la entonces Direcci\u00f3n Federal de Seguridad, por luchar por un mundo m\u00e1s justo, democr\u00e1tico e igualitario, todos originarios de la comunidad p\u00b4urh\u00e9pecha de Tarejero en el Municipio de Zacapu.<\/p>\n\n\n\n<p>Fueron apresados y trasladados a la XXI Zona Militar en Morelia y posteriormente al Campo Militar No.1 en la CDMX, lugar donde fueron interrogados y desaparecidos, constituyendo un crimen de lesa humanidad y el primer referente hist\u00f3rico de las desapariciones forzadas en Michoac\u00e1n. Durante 51 a\u00f1os, los sobrevivientes de la familia Guzm\u00e1n, han luchado incansablemente en contra de la desmemoria, la impunidad y la injusticia.<\/p>\n\n\n\n<p>Desde hace m\u00e1s de 50 a\u00f1os, sus familiares han venido denunciando y documentando estas desapariciones forzadas en el Comit\u00e9 Nacional Pro Defensa de Presos, Perseguidos, Desaparecidos y Exiliados Pol\u00edticos; ante la Comisi\u00f3n Nacional de los Derechos Humanos; en la Fiscal\u00eda Especial para Movimientos Sociales y Pol\u00edticos del Pasado; ante el Grupo de Trabajo de Naciones Unidas sobre Desaparici\u00f3n Forzada o Involuntaria ONU, y por \u00faltimo, en la Comisi\u00f3n Interamericana de Derechos Humanos CIDH, toda una vida de b\u00fasqueda tenaz de la justicia.<\/p>\n\n\n\n<p>No olvidamos y no perdonamos, hoy esta lucha se ha convertido en intergeneracional y suprafamiliar, organizaciones sociales, comunidades originarias y organismos no gubernamentales de derechos humanos como el Consejo Supremo Ind\u00edgena de Michoac\u00e1n (CSIM), el Comit\u00e9 de Familiares de Personas Detenidas Desaparecidas en M\u00e9xico (COFADDEM) \u201cAlzando Voces\u201d, Consejos de Gobierno Comunal y Autoridades Ind\u00edgenas, nos unimos y convocamos a seguir exigiendo memoria, verdad y justicia, as\u00ed como medidas de no repetici\u00f3n.<\/p>\n\n\n\n<p>Por lo que invitamos al p\u00fablico en general al Acto Pol\u00edtico-Cultural los Desaparecidos del Pueblo P\u2019urh\u00e9pecha a efectuarse el mi\u00e9rcoles 16 de julio a las 11 horas en el auditorio del Centro Cultural Clavijero en Morelia (Calle El Nigromante No. 79, Col. Centro) donde realizaremos actividades culturales y pol\u00edticas, para llevar a cabo un llamado atento, en\u00e9rgico y urgente a la CIDH, para que no retrase m\u00e1s el dictamen de fondo de la familia Guzm\u00e1n, toda vez que el caso fue admitido desde el 12 de julio de 2013, posteriormente, el 7 de julio de 2017 se llevaron a cabo las audiencias p\u00fablicas y actualmente el caso se encuentra en espera del dictamen de fondo. No los olvidamos, seguiremos luchando hasta el final.<\/p>\n\n\n\n<p class=\"has-text-align-center\"><strong>TERUNHASKUA K\u2019 OIA, ECHERI KA JURAMUKUKUA IAMENTU IRETECHANI<\/strong><br><strong>JUSTICIA, TERRITORIO Y AUTONOM\u00cdA PARA LOS PUEBLOS ORIGINARIOS<\/strong><br><strong>CONSEJO SUPREMO IND\u00cdGENA DE MICHOAC\u00c1N #CSIM<\/strong><\/p>\n\n\n\n<p><\/p>\n","protected":false},"excerpt":{"rendered":"<p>A LA COMISI\u00d3N INTERAMERICANA DE DERECHOS HUMANOSA LAS COMUNIDADES Y PUEBLOS ORIGINARIOSAL PUEBLO DE M\u00c9XICO Y DE MICHOAC\u00c1NA LOS MEDIOS DE COMUNICACI\u00d3NAL ESTADO MEXICANO Comunidades ind\u00edgenas y afromexicanas de Michoac\u00e1n a 2 de julio de 2025. Entre los a\u00f1os de 1974 y 1976, durante la denominada \u201cguerra sucia\u201d, en un contexto de autoritarismo, cerraz\u00f3n y [&hellip;]<\/p>\n","protected":false},"author":1,"featured_media":51157,"comment_status":"open","ping_status":"closed","sticky":false,"template":"","format":"standard","meta":{"footnotes":""},"categories":[1024,943,954],"tags":[244,682,892,469,198,549,147],"class_list":["post-51154","post","type-post","status-publish","format-standard","has-post-thumbnail","hentry","category-cni-temas","category-cni","category-mexico","tag-desaparecidos","tag-desaparicion-forzada","tag-ejercito","tag-guerra-sucia","tag-impunidad","tag-michoacan","tag-militarizacion"],"_links":{"self":[{"href":"https:\/\/radiozapatista.org\/index.php?rest_route=\/wp\/v2\/posts\/51154","targetHints":{"allow":["GET"]}}],"collection":[{"href":"https:\/\/radiozapatista.org\/index.php?rest_route=\/wp\/v2\/posts"}],"about":[{"href":"https:\/\/radiozapatista.org\/index.php?rest_route=\/wp\/v2\/types\/post"}],"author":[{"embeddable":true,"href":"https:\/\/radiozapatista.org\/index.php?rest_route=\/wp\/v2\/users\/1"}],"replies":[{"embeddable":true,"href":"https:\/\/radiozapatista.org\/index.php?rest_route=%2Fwp%2Fv2%2Fcomments&post=51154"}],"version-history":[{"count":1,"href":"https:\/\/radiozapatista.org\/index.php?rest_route=\/wp\/v2\/posts\/51154\/revisions"}],"predecessor-version":[{"id":51155,"href":"https:\/\/radiozapatista.org\/index.php?rest_route=\/wp\/v2\/posts\/51154\/revisions\/51155"}],"wp:featuredmedia":[{"embeddable":true,"href":"https:\/\/radiozapatista.org\/index.php?rest_route=\/wp\/v2\/media\/51157"}],"wp:attachment":[{"href":"https:\/\/radiozapatista.org\/index.php?rest_route=%2Fwp%2Fv2%2Fmedia&parent=51154"}],"wp:term":[{"taxonomy":"category","embeddable":true,"href":"https:\/\/radiozapatista.org\/index.php?rest_route=%2Fwp%2Fv2%2Fcategories&post=51154"},{"taxonomy":"post_tag","embeddable":true,"href":"https:\/\/radiozapatista.org\/index.php?rest_route=%2Fwp%2Fv2%2Ftags&post=51154"}],"curies":[{"name":"wp","href":"https:\/\/api.w.org\/{rel}","templated":true}]}}