{"id":51151,"date":"2025-07-02T21:33:31","date_gmt":"2025-07-03T03:33:31","guid":{"rendered":"https:\/\/radiozapatista.org\/?p=51151"},"modified":"2025-07-02T21:33:31","modified_gmt":"2025-07-03T03:33:31","slug":"libertad-inmediata-a-renato-romero-defensor-del-agua-detenido-arbitrariamente-en-puebla","status":"publish","type":"post","link":"https:\/\/radiozapatista.org\/?p=51151","title":{"rendered":"Libertad inmediata a Renato Romero, defensor del agua detenido arbitrariamente en Puebla"},"content":{"rendered":"\n<p><strong><a href=\"https:\/\/redtdt.org.mx\/archivos\/19402\">Firma la petici\u00f3n aqu\u00ed<\/a><\/strong>.<\/p>\n\n\n\n<ul class=\"wp-block-list\">\n<li><em>La Fiscal\u00eda General del Estado de Puebla lo mantuvo incomunicado durante un tiempo prolongado<\/em><\/li>\n\n\n\n<li><em>Renato Romero cuenta con medidas vigentes del Mecanismo de Protecci\u00f3n a Personas Defensoras de Derechos Humanos y Periodistas en M\u00e9xico.<\/em><\/li>\n<\/ul>\n\n\n\n<p>Ciudad de M\u00e9xico, 02 de julio de 2025<br>AU 004\/2025<\/p>\n\n\n\n<p>La Secretar\u00eda Ejecutiva de la Red Nacional de Organismos Civiles de Derechos Humanos \u201cTodos los Derechos para Todas, Todos y Todes\u201d (Red TDT) recibi\u00f3 informaci\u00f3n documental de familiares del se\u00f1or Renato Romero Camacho de la detenci\u00f3n arbitraria del defensor del medio ambiente quien estuvo incomunicado durante m\u00e1s de 12 horas, bajo custodia de la Fiscal\u00eda General del Estado de Puebla, lo que implica el riesgo a su vida e integridad, adem\u00e1s de negarle el derecho a una defensa adecuada.<\/p>\n\n\n\n<p>El defensor de derechos humanos fue detenido de manera arbitraria cuando se dirig\u00eda a la comunidad de Nealtican, Puebla, en donde se realizar\u00eda el cabildo abierto que abordar\u00eda el tema de la defensa del agua y el territorio dada la exigencia de la comunidad de que se cancele el convenio por el cual se extrae agua para las zonas residenciales e industriales de la ciudad de Puebla. Familiares informaron que Renato no recibi\u00f3 citatorios previos por parte de alguna autoridad, su defensa el d\u00eda de ayer no pudo acceder al expediente para revisar la correcta integraci\u00f3n de la causa.<\/p>\n\n\n\n<p>Renato est\u00e1 incorporado al Mecanismo de Protecci\u00f3n a Personas Defensoras de Derechos Humanos y Periodistas de M\u00e9xico, de la Secretar\u00eda de Gobernaci\u00f3n, dado el nivel de riesgo derivado de su labor como persona defensora del medio ambiente que acompa\u00f1a la lucha por el agua en Puebla y Veracruz, de manera destacada en la comunidad n\u00e1huatl de Cuenca Libres Oriental, se\u00f1alando a empresas como Coca-Cola, Agua de Puebla Para Todos, Granjas Carroll, Audi y Driscolls.<\/p>\n\n\n\n<p>La detenci\u00f3n e incomunicaci\u00f3n bajo custodia representa tambi\u00e9n una amenaza para otras personas defensoras y comunicadores comunitarios que participan en la defensa del medio ambiente en Puebla, al no tener acceso al expediente se desconoce si otras personas m\u00e1s podr\u00edan estar se\u00f1aladas y buscadas por la Fiscal\u00eda General del Estado de Puebla.<\/p>\n\n\n\n<p><strong>Ante el riesgo inminente en la que est\u00e1 la vida e integridad del defensor Renato Romero solicitamos a las autoridades correspondientes:<\/strong><\/p>\n\n\n\n<ul class=\"wp-block-list\">\n<li>Libertad inmediata de Renato Romero Camacho, defensor del medio ambiente, beneficiario del Mecanismo de Protecci\u00f3n a Personas Defensoras.<\/li>\n\n\n\n<li>Garant\u00edas de seguridad y protecci\u00f3n a las personas defensoras de los derechos humanos, comunicadores comunitarios y periodistas en Puebla que ejercen su derecho a defender derechos y a la libertad de expresi\u00f3n.<\/li>\n\n\n\n<li>Suspensi\u00f3n de los proyectos de desarrollo que ponen en riesgo los recursos naturales y la biodiversidad de la Cuenca Libres-Oriental y otras regiones de Puebla con alto valor ecol\u00f3gico.<\/li>\n<\/ul>\n\n\n\n<p><strong>Favor de enviar sus llamamientos a las siguientes autoridades:<\/strong><\/p>\n\n\n\n<p><strong>Presidencia de la Rep\u00fablica: <\/strong>Lic. Claudia Sheinbaum Pardo<br>Correo: atencionciudadana@presidencia.gob.mx<\/p>\n\n\n\n<p><strong>Subsecretar\u00eda de Derechos Humanos y Migraci\u00f3n: <\/strong>Felipe Arturo Medina Padilla<br>Correo: subsedhpm@segob.gob.mx<\/p>\n\n\n\n<p><strong>Titular de la Unidad de Derechos Humanos: <\/strong>Dr. Froylan Vladimir Enciso Higuera<br>Correo: fenciso@segob.gob.mx<\/p>\n\n\n\n<p><strong>Comisi\u00f3n Nacional de Derechos Humanos:<\/strong> Lic. Rosario Ibarra Piedra<br>presidencia.cndh@cndh.org.mx<\/p>\n\n\n\n<p><strong>Gobierno del Estado de Puebla:<\/strong> Gobernador Alejandro Armenta<br>Correo: quejasydenuncias@puebla.gob.mx<\/p>\n\n\n\n<p><strong>Fiscal\u00eda General del Estado de Puebla:<\/strong> Lic. Idamis Pastor Betancourt<br>Correo: fge@fiscalia.puebla.gob.mx<\/p>\n\n\n\n<p><\/p>\n\n\n\n<p><strong>Red Nacional de Organismos Civiles de Derechos Humanos \u201cTodos los Derechos para Todas, Todos y Todes\u201d (Red TDT)<\/strong><\/p>\n\n\n\n<p><strong>Instituto Mexicano para el Desarrollo Comunitario A.C. (IMDEC)<\/strong><\/p>\n\n\n\n<p><strong>Consejo Tiyat Tlali de la Sierra Norte de Puebla<\/strong><\/p>\n","protected":false},"excerpt":{"rendered":"<p>Firma la petici\u00f3n aqu\u00ed. Ciudad de M\u00e9xico, 02 de julio de 2025AU 004\/2025 La Secretar\u00eda Ejecutiva de la Red Nacional de Organismos Civiles de Derechos Humanos \u201cTodos los Derechos para Todas, Todos y Todes\u201d (Red TDT) recibi\u00f3 informaci\u00f3n documental de familiares del se\u00f1or Renato Romero Camacho de la detenci\u00f3n arbitraria del defensor del medio ambiente [&hellip;]<\/p>\n","protected":false},"author":1,"featured_media":51152,"comment_status":"open","ping_status":"closed","sticky":false,"template":"","format":"standard","meta":{"footnotes":""},"categories":[826,954,962],"tags":[579,284,978,37],"class_list":["post-51151","post","type-post","status-publish","format-standard","has-post-thumbnail","hentry","category-medios-libres-2","category-mexico","category-presos","tag-agua","tag-criminalizacion","tag-defensa-del-medioambiente","tag-presos-politicos"],"_links":{"self":[{"href":"https:\/\/radiozapatista.org\/index.php?rest_route=\/wp\/v2\/posts\/51151","targetHints":{"allow":["GET"]}}],"collection":[{"href":"https:\/\/radiozapatista.org\/index.php?rest_route=\/wp\/v2\/posts"}],"about":[{"href":"https:\/\/radiozapatista.org\/index.php?rest_route=\/wp\/v2\/types\/post"}],"author":[{"embeddable":true,"href":"https:\/\/radiozapatista.org\/index.php?rest_route=\/wp\/v2\/users\/1"}],"replies":[{"embeddable":true,"href":"https:\/\/radiozapatista.org\/index.php?rest_route=%2Fwp%2Fv2%2Fcomments&post=51151"}],"version-history":[{"count":1,"href":"https:\/\/radiozapatista.org\/index.php?rest_route=\/wp\/v2\/posts\/51151\/revisions"}],"predecessor-version":[{"id":51153,"href":"https:\/\/radiozapatista.org\/index.php?rest_route=\/wp\/v2\/posts\/51151\/revisions\/51153"}],"wp:featuredmedia":[{"embeddable":true,"href":"https:\/\/radiozapatista.org\/index.php?rest_route=\/wp\/v2\/media\/51152"}],"wp:attachment":[{"href":"https:\/\/radiozapatista.org\/index.php?rest_route=%2Fwp%2Fv2%2Fmedia&parent=51151"}],"wp:term":[{"taxonomy":"category","embeddable":true,"href":"https:\/\/radiozapatista.org\/index.php?rest_route=%2Fwp%2Fv2%2Fcategories&post=51151"},{"taxonomy":"post_tag","embeddable":true,"href":"https:\/\/radiozapatista.org\/index.php?rest_route=%2Fwp%2Fv2%2Ftags&post=51151"}],"curies":[{"name":"wp","href":"https:\/\/api.w.org\/{rel}","templated":true}]}}