{"id":51122,"date":"2025-07-02T21:01:13","date_gmt":"2025-07-03T03:01:13","guid":{"rendered":"https:\/\/radiozapatista.org\/?p=51122"},"modified":"2025-07-02T21:01:14","modified_gmt":"2025-07-03T03:01:14","slug":"urgente-ataque-armado-contra-la-comunidad-de-cheran-keri","status":"publish","type":"post","link":"https:\/\/radiozapatista.org\/?p=51122","title":{"rendered":"Urgente: Ataque armado contra la comunidad de Cher\u00e1n K&#8217;eri"},"content":{"rendered":"\n<p class=\"has-text-align-center\"><strong>COMUNICADO URGENTE<br>DENUNCIAMOS EL ATAQUE ARMADO CONTRA NUESTRA COMUNIDAD<\/strong><\/p>\n\n\n\n<figure class=\"wp-block-audio\"><audio controls src=\"https:\/\/radiozapatista.org\/wp-content\/uploads\/2025\/07\/cheran_balacera.mp3\"><\/audio><\/figure>\n\n\n\n<p>Desde las primeras horas del d\u00eda de hoy 2 de julio de 2025, la comunidad de Cher\u00e1n K\u2019eri ha sido v\u00edctima de un violento ataque armado por parte de sujetos desconocidos que intentaron ingresar por los parajes de Rancho del Pino y Cerrito del Aire. En respuesta, nuestra Ronda Comunitaria (organismo de seguridad aut\u00f3nomo establecido por nuestro sistema de autogobierno) resisti\u00f3 la agresi\u00f3n y activ\u00f3 las barricadas para proteger a la poblaci\u00f3n. Hasta el momento, se reporta un asesinado y un herido, integrantes de la Ronda, hecho que nos llena de indignaci\u00f3n, tristeza y rabia.<\/p>\n\n\n\n<p>Este ataque no es un hecho aislado. Forma parte de una escalada de violencia que se ha recrudecido en Michoac\u00e1n, un estado donde el crimen organizado se disputa los territorios con total impunidad, afectando gravemente a las comunidades rurales e ind\u00edgenas. En las \u00faltimas semanas, se han intensificado las agresiones en diversas regiones, incluyendo la Meseta P\u2019urh\u00e9pecha, donde pueblos como Nahuatzen, Arantepacua, Cap\u00e1cuaro y Santa Fe de la Laguna tambi\u00e9n han sido objeto de amenazas, incursiones armadas y despojo territorial.<\/p>\n\n\n\n<p>Cher\u00e1n ha sido blanco de distintos intentos de agresi\u00f3n desde que en 2011 expulsamos a los partidos pol\u00edticos, a los talamontes y al crimen organizado que saqueaban nuestros bosques y asesinaban a nuestra gente con la complicidad de autoridades estatales y federales. A 14 a\u00f1os de esa nuestra lucha, hemos construido un sistema de autogobierno ind\u00edgena reconocido legal y constitucionalmente, basado en nuestras asambleas, nuestras fogatas y nuestras formas comunitarias de justicia y organizaci\u00f3n.<\/p>\n\n\n\n<p><strong>Hoy este ataque busca ser un golpe directo al coraz\u00f3n de nuestra autonom\u00eda y de todos los pueblos que luchamos por defender la vida.<\/strong><\/p>\n\n\n\n<p>Nos pronunciamos para denunciar estos hechos de violencia que buscan sembrar el miedo, fragmentar a la comunidad y desarticular los procesos de defensa territorial que con tanto esfuerzo hemos sostenido. No es casual que seamos atacados cuando defendemos el bosque, el agua y la vida. Los intereses extractivos, criminales y pol\u00edticos convergen para agredir a los pueblos que no se someten.<\/p>\n\n\n\n<!--more-->\n\n\n\n<p>Rechazamos cualquier intento de intervenci\u00f3n armada sea del crimen organizado, de talamontes o de cualquier actor que cobijados por la impunidad, pretenden desmantelar nuestras formas de vida comunitaria. Exigimos total respeto a nuestro derecho al autogobierno, a la autodeterminaci\u00f3n y a la seguridad comunitaria.<\/p>\n\n\n\n<p>Responsabilizamos al Estado mexicano, y en particular a los gobiernos federal y estatal, por su omisi\u00f3n, complicidad y silencio ante esta nueva agresi\u00f3n. \u00bfD\u00f3nde est\u00e1n los mecanismos de protecci\u00f3n para los pueblos ind\u00edgenas? \u00bfD\u00f3nde est\u00e1 el compromiso real con la paz?<\/p>\n\n\n\n<p>Mientras desde el gobierno federal se exalta un Plan de Justicia para los pueblos ind\u00edgenas que no se construy\u00f3 con nosotros ni responde a nuestras realidades, en nuestros territorios se impone la violencia. Mientras se anuncian reformas constitucionales en materia de justicia y seguridad, los pueblos seguimos desprotegidos, expuestos a la muerte, al despojo y a la impunidad. \u00bfDe qu\u00e9 justicia hablamos si nuestras formas propias de organizaci\u00f3n y defensa no son garantizadas ni respetadas?<\/p>\n\n\n\n<p>Llamamos a los medios de comunicaci\u00f3n, organizaciones sociales, defensoras y defensores de derechos humanos, pueblos hermanos y a la sociedad civil a permanecer alertas, a solidarizarse activamente, a difundir y rechazar lo que est\u00e1 ocurriendo en Cher\u00e1n. No permitamos que la indiferencia silencie nuestra voz, ni encubra la violencia que vivimos los pueblos originarios.<\/p>\n\n\n\n<p>Merecemos vivir en paz.<\/p>\n\n\n\n<p>Nuestros territorios no son zona de guerra.<\/p>\n\n\n\n<p>\u00a1Ni un paso atr\u00e1s en la defensa de nuestra autonom\u00eda!<\/p>\n\n\n\n<p>Por la vida, la dignidad y la memoria de quienes han ca\u00eddo en la defensa del territorio, <strong>Cher\u00e1n K\u2019eri, comunidad p\u2019urh\u00e9pecha en resistencia.<\/strong><\/p>\n\n\n\n<p>02 de julio de 2025<\/p>\n\n\n\n<p><\/p>\n","protected":false},"excerpt":{"rendered":"<p>COMUNICADO URGENTEDENUNCIAMOS EL ATAQUE ARMADO CONTRA NUESTRA COMUNIDAD Desde las primeras horas del d\u00eda de hoy 2 de julio de 2025, la comunidad de Cher\u00e1n K\u2019eri ha sido v\u00edctima de un violento ataque armado por parte de sujetos desconocidos que intentaron ingresar por los parajes de Rancho del Pino y Cerrito del Aire. En respuesta, [&hellip;]<\/p>\n","protected":false},"author":1,"featured_media":51144,"comment_status":"open","ping_status":"closed","sticky":false,"template":"","format":"standard","meta":{"footnotes":""},"categories":[957,954,190],"tags":[481,1061,912],"class_list":["post-51122","post","type-post","status-publish","format-standard","has-post-thumbnail","hentry","category-autonomia","category-mexico","category-radiozapatista","tag-cheran","tag-crimen-organizado","tag-narcoestado"],"_links":{"self":[{"href":"https:\/\/radiozapatista.org\/index.php?rest_route=\/wp\/v2\/posts\/51122","targetHints":{"allow":["GET"]}}],"collection":[{"href":"https:\/\/radiozapatista.org\/index.php?rest_route=\/wp\/v2\/posts"}],"about":[{"href":"https:\/\/radiozapatista.org\/index.php?rest_route=\/wp\/v2\/types\/post"}],"author":[{"embeddable":true,"href":"https:\/\/radiozapatista.org\/index.php?rest_route=\/wp\/v2\/users\/1"}],"replies":[{"embeddable":true,"href":"https:\/\/radiozapatista.org\/index.php?rest_route=%2Fwp%2Fv2%2Fcomments&post=51122"}],"version-history":[{"count":1,"href":"https:\/\/radiozapatista.org\/index.php?rest_route=\/wp\/v2\/posts\/51122\/revisions"}],"predecessor-version":[{"id":51145,"href":"https:\/\/radiozapatista.org\/index.php?rest_route=\/wp\/v2\/posts\/51122\/revisions\/51145"}],"wp:featuredmedia":[{"embeddable":true,"href":"https:\/\/radiozapatista.org\/index.php?rest_route=\/wp\/v2\/media\/51144"}],"wp:attachment":[{"href":"https:\/\/radiozapatista.org\/index.php?rest_route=%2Fwp%2Fv2%2Fmedia&parent=51122"}],"wp:term":[{"taxonomy":"category","embeddable":true,"href":"https:\/\/radiozapatista.org\/index.php?rest_route=%2Fwp%2Fv2%2Fcategories&post=51122"},{"taxonomy":"post_tag","embeddable":true,"href":"https:\/\/radiozapatista.org\/index.php?rest_route=%2Fwp%2Fv2%2Ftags&post=51122"}],"curies":[{"name":"wp","href":"https:\/\/api.w.org\/{rel}","templated":true}]}}