{"id":51117,"date":"2025-07-01T21:57:54","date_gmt":"2025-07-02T03:57:54","guid":{"rendered":"https:\/\/radiozapatista.org\/?p=51117"},"modified":"2025-07-02T18:58:55","modified_gmt":"2025-07-03T00:58:55","slug":"peru-amnistia-para-violaciones-de-derechos-humanos-busqueda-de-desaparecidos-continua","status":"publish","type":"post","link":"https:\/\/radiozapatista.org\/?p=51117","title":{"rendered":"Per\u00fa: amnist\u00eda para violaciones de derechos humanos; b\u00fasqueda de desaparecidos contin\u00faa"},"content":{"rendered":"\n<p>Fuente: Avispa Midia<br>Por Javier Bed\u00eda Prado<\/p>\n\n\n\n<p><em><sup>Fotos por A<\/sup><\/em><em><sup>sociaci\u00f3n Nacional de Familiares de Secuestrados, Detenidos y Desaparecidos del Per\u00fa (Anfasep)<\/sup><\/em><\/p>\n\n\n\n<p>El Congreso del Per\u00fa aprob\u00f3 una norma que anula las sentencias y los procesos contra agentes estatales por delitos cometidos en el per\u00edodo de guerra insurgente-contrainsurgente, entre los a\u00f1os 1980 y 2000. Mientras tanto, se siguen encontrando restos de desaparecidos en bases militares.&nbsp;<\/p>\n\n\n\n<p>La Ley de Amnist\u00eda para integrantes de las Fuerzas Armadas, Polic\u00eda Nacional, comit\u00e9s de autodefensa y funcionarios del Estado fue decretada, el 11 de junio, con el apoyo de los partidos pol\u00edticos conservadores y de ultraderecha,&nbsp;vinculados a las instituciones armadas y part\u00edcipes del terrorismo de Estado.<\/p>\n\n\n\n<p>El dictamen elimina la responsabilidad penal de miembros de las fuerzas del orden por violaciones a los derechos humanos. Entre estas, masacres de comunidades campesinas e ind\u00edgenas, ejecuciones extrajudiciales, torturas y desapariciones de menores de edad, sindicalistas, militantes de izquierda, autoridades pol\u00edticas y estudiantes universitarios.<\/p>\n\n\n\n<p>\u201cSe concede amnist\u00eda de car\u00e1cter humanitario a los adultos mayores de 80 a\u00f1os miembros de las Fuerzas Armadas y la Polic\u00eda Nacional, y a los que hayan sido integrantes de los Comit\u00e9s de Autodefensa, que cuenten con sentencia firme o en tr\u00e1mite, con pena privativa de libertad efectiva o suspendida, por delitos derivados u originados con ocasi\u00f3n de su participaci\u00f3n en la lucha contra el terrorismo, siempre que no hayan sido condenados por delitos de terrorismo ni corrupci\u00f3n de funcionarios\u201d, establece la ley.<\/p>\n\n\n\n<!--more-->\n\n\n\n<p>Con esta norma podr\u00edan quedar sin efecto 156 sentencias y cerrarse m\u00e1s de 600 procesos en curso.<\/p>\n\n\n\n<figure class=\"wp-block-image\"><a class=\"td-modal-image\" href=\"https:\/\/avispa.org\/wp-content\/uploads\/2025\/07\/amnistia7.jpg\"><img decoding=\"async\" src=\"https:\/\/avispa.org\/wp-content\/uploads\/2025\/07\/amnistia7-1024x683.jpg\" alt=\"\" class=\"wp-image-120205\"\/><\/a><\/figure>\n\n\n\n<p>El per\u00edodo de violencia extrema en el Per\u00fa, iniciado con la lucha armada declarada por Sendero Luminoso en la regi\u00f3n Ayacucho, en 1980, y replicada por el Estado con la guerra contrasubversiva,&nbsp;<a href=\"https:\/\/aoav.org.uk\/2024\/how-accurate-were-the-trcs-findings-on-peruvian-civil-war-casualties-professor-mike-spagat-talks-to-dr-silvio-rendon-about-why-a-lower-death-toll-might-be-more-likely\/?fbclid=IwY2xjawLKSClleHRuA2FlbQIxMQBicmlkETFRU2FxUERtR0NJckl3SVUzAR4WFfPAoLEVhXefYnNWBHOQjPYBucGm63AV786q0F3QsaAi8ELzVNjOmaLi1g_aem_TTo4_Oo2Qa9t6L2YeLfytw\">caus\u00f3 69.000 muertes<\/a>, de acuerdo al informe de la Comisi\u00f3n de la Verdad y Reconciliaci\u00f3n, la mayor\u00eda de poblaci\u00f3n quechuahablante de la sierra, v\u00edctima de ambas partes. En la guerra interna tambi\u00e9n actu\u00f3, por otro lado, el Movimiento Revolucionario T\u00fapac Amaru (MRTA).<\/p>\n\n\n\n<p>Esta es otra maniobra legislativa por la impunidad de autoridades y agentes del Estado que participaron en el conflicto. En agosto de 2024, el Congreso promulg\u00f3 la Ley sobre cr\u00edmenes de lesa humanidad y cr\u00edmenes de guerra, que declara inaplicables estos tipos penales, convenientemente, en casos anteriores a la entrada en vigor del Estatuto de Roma, en 2002, y de la Convenci\u00f3n sobre imprescriptibilidad de cr\u00edmenes de guerra y de lesa humanidad, en 2003.&nbsp;<\/p>\n\n\n\n<h3 class=\"wp-block-heading\" id=\"h-un-pais-sobre-fosas-clandestinas\"><strong>Un pa\u00eds sobre fosas clandestinas<\/strong><\/h3>\n\n\n\n<p>Al d\u00eda siguiente de que el Parlamento decidiera la amnist\u00eda de los represores, el 12 de junio, el Equipo Forense Especializado encontr\u00f3 en la provincia de Huamanga (Ayacucho) restos correspondientes a dos v\u00edctimas desaparecidas en el cuartel Los Cabitos, un s\u00edmbolo del terror militar.&nbsp;<\/p>\n\n\n\n<p>Entre 1983 y 1992, m\u00e1s de 500 personas fueron asesinadas en esta base y enterradas en fosas clandestinas. Se estima en 20.000 el total de desaparecidos durante las dos d\u00e9cadas de violencia pol\u00edtica.&nbsp;<\/p>\n\n\n\n<p>\u201cNo se puede conceder amnist\u00eda a quienes cargan con la responsabilidad de masacres cometidas en bases militares y en comunidades tales como Cayara, Putis, Accomarca, Chungui, Cuchullaca, Totos, etc., donde las principales v\u00edctimas fueron ni\u00f1os, mujeres y ancianos. Muchas madres est\u00e1n falleciendo sin alcanzar justicia, despu\u00e9s de haber luchado por m\u00e1s de 40 a\u00f1os en la b\u00fasqueda de verdad y no de impunidad\u201d, expres\u00f3 la&nbsp;<a href=\"https:\/\/anfasep.org\/\">Asociaci\u00f3n Nacional de Familiares de Secuestrados, Detenidos y Desaparecidos del Per\u00fa<\/a>&nbsp;(Anfasep).&nbsp;<\/p>\n\n\n\n<figure class=\"wp-block-image\"><a class=\"td-modal-image\" href=\"https:\/\/avispa.org\/wp-content\/uploads\/2025\/07\/amnistia2.jpg\"><img decoding=\"async\" src=\"https:\/\/avispa.org\/wp-content\/uploads\/2025\/07\/amnistia2-1024x683.jpg\" alt=\"\" class=\"wp-image-120210\"\/><\/a><\/figure>\n\n\n\n<p>El 25 de junio, en la Catedral de Ayacucho se entregaron a familiares de desaparecidos restos humanos y elementos asociados de 13 personas que fueron recuperados en distintas zonas del pa\u00eds.&nbsp;<\/p>\n\n\n\n<h3 class=\"wp-block-heading\" id=\"h-regimen-en-contra-de-leyes-internacionales\"><strong>R\u00e9gimen en contra de leyes internacionales<\/strong><\/h3>\n\n\n\n<p>La ley de amnist\u00eda proviene de sectores pol\u00edticos que rechazan la jurisprudencia internacional sobre violaciones a los derechos humanos, los que ejecutaron el&nbsp;<a href=\"https:\/\/avispa.org\/el-peru-bajo-dictadura-civico-militar\/\">golpe de Estado contra el presidente Pedro Castillo<\/a>&nbsp;en diciembre de 2022, en alianza con la oligarqu\u00eda econ\u00f3mica, el Ej\u00e9rcito y la Polic\u00eda.<\/p>\n\n\n\n<p>La norma viola compromisos internacionales asumidos por el Estado peruano, establecidos por la Corte Interamericana de Derechos Humanos.&nbsp;<\/p>\n\n\n\n<p>\u201cEl Estado peruano vuelve a contravenir sus obligaciones internacionales. El avance de esta ley representa un nuevo y grave acto de desacato, consolidando un marco normativo orientado a perpetuar la impunidad por los cr\u00edmenes cometidos durante el conflicto armado interno en Per\u00fa, vulnerando el derecho a la justicia y la reparaci\u00f3n de miles de v\u00edctimas de ejecuciones extrajudiciales, desapariciones forzadas, torturas, violaciones sexuales y masacres\u201d, advirti\u00f3 la&nbsp;<a href=\"https:\/\/www.fidh.org\/es\/\">Federaci\u00f3n Internacional de Derechos Humanos<\/a>.<\/p>\n\n\n\n<p>Con respecto a la aplicaci\u00f3n de la ley, especialistas explicaron que no ser\u00e1 para todos los casos, pues cada uno tiene que ser revisado y considerado por el juez que dict\u00f3 la sentencia. Como precedente, los magistrados peruanos se est\u00e1n negando a aplicar el dictamen sobre cr\u00edmenes de lesa humanidad.<\/p>\n\n\n\n<figure class=\"wp-block-image\"><a class=\"td-modal-image\" href=\"https:\/\/avispa.org\/wp-content\/uploads\/2025\/07\/amnistia3.jpg\"><img decoding=\"async\" src=\"https:\/\/avispa.org\/wp-content\/uploads\/2025\/07\/amnistia3-1024x683.jpg\" alt=\"\" class=\"wp-image-120209\"\/><\/a><\/figure>\n\n\n\n<p>En Sudam\u00e9rica hay dos casos emblem\u00e1ticos de amnist\u00edas en favor de las dictaduras militares que cometieron cr\u00edmenes de lesa humanidad entre las d\u00e9cadas del sesenta y el ochenta. En Brasil las garant\u00edas de no juzgar a los represores fueron aprobadas bajo el mismo gobierno de facto, mientras que en Uruguay se decret\u00f3 en los primeros a\u00f1os de democracia. El Parlamento uruguayo intent\u00f3 revertir la impunidad con una ley aprobada en 2011 y que dos a\u00f1os despu\u00e9s fue declarada inconstitucional.&nbsp;<\/p>\n\n\n\n<p>Por otro lado, en Argentina los procesos a las fuerzas armadas abiertos en 1983 causaron sublevaciones militares. En 1987 se excluy\u00f3 a quienes tuvieron grados subordinados al de coronel. Los indultos otorgados entre 1989 y 1990 fueron anulados en 2003.<\/p>\n\n\n\n<p>El del Per\u00fa fue un escenario particular, con una organizaci\u00f3n armada que confront\u00f3 abierta y contundentemente al Estado, obteniendo control territorial y pol\u00edtico en zonas del pa\u00eds. Este fue un detonante de la violencia estatal extremada, empleada por la dictadura c\u00edvica-militar de Alberto Fujimori (1990-2000), adem\u00e1s, con el prop\u00f3sito de destruir a la oposici\u00f3n pol\u00edtica, capturar los poderes del Estado y ocupar el gobierno por largo plazo.&nbsp;<\/p>\n\n\n\n<p>Tras el retorno a la democracia, los sectores que respaldaron el proyecto autoritario y el propio fujimorismo, hoy con mayor\u00eda de representantes en el Congreso, consiguieron recuperar el control de instituciones p\u00fablicas.&nbsp;<\/p>\n\n\n\n<p>La narrativa y m\u00e9todos de la dictadura contin\u00faan vigentes en el Per\u00fa, con un r\u00e9gimen Legislativo-Ejecutivo que apel\u00f3 recientemente al enemigo terrorista para autorizar y blindar la represi\u00f3n extrema que&nbsp;<a href=\"https:\/\/avispa.org\/peru-los-pueblos-indigenas-sostienen-lucha-contra-la-dictadura\/\">asesin\u00f3 a 50 personas en manifestaciones<\/a>&nbsp;por la destituci\u00f3n de Pedro Castillo,&nbsp;<a href=\"https:\/\/avispa.org\/persecucion-ideologica-se-endurece-en-el-peru-con-caso-perseo\/\">criminalizar a organizaciones pol\u00edticas<\/a>&nbsp;y encarcelar a activistas. A la vez que intentan eximir de responsabilidad a las instituciones armadas.&nbsp;<\/p>\n","protected":false},"excerpt":{"rendered":"<p>Fuente: Avispa MidiaPor Javier Bed\u00eda Prado Fotos por Asociaci\u00f3n Nacional de Familiares de Secuestrados, Detenidos y Desaparecidos del Per\u00fa (Anfasep) El Congreso del Per\u00fa aprob\u00f3 una norma que anula las sentencias y los procesos contra agentes estatales por delitos cometidos en el per\u00edodo de guerra insurgente-contrainsurgente, entre los a\u00f1os 1980 y 2000. Mientras tanto, se [&hellip;]<\/p>\n","protected":false},"author":21,"featured_media":51118,"comment_status":"open","ping_status":"closed","sticky":false,"template":"","format":"standard","meta":{"footnotes":""},"categories":[957,51,1284,826,961,935],"tags":[682,53,1305,567,147,23,1215,545,87,148,27,483],"class_list":["post-51117","post","type-post","status-publish","format-standard","has-post-thumbnail","hentry","category-autonomia","category-autor","category-latinoamerica","category-medios-libres-2","category-mujeres","category-temas","tag-desaparicion-forzada","tag-justicia","tag-latinoamerica","tag-megaproyectos","tag-militarizacion","tag-paramilitares","tag-peru","tag-pueblos-indigenas","tag-represion","tag-resistencia","tag-solidaridad","tag-tierra-y-territorio"],"_links":{"self":[{"href":"https:\/\/radiozapatista.org\/index.php?rest_route=\/wp\/v2\/posts\/51117","targetHints":{"allow":["GET"]}}],"collection":[{"href":"https:\/\/radiozapatista.org\/index.php?rest_route=\/wp\/v2\/posts"}],"about":[{"href":"https:\/\/radiozapatista.org\/index.php?rest_route=\/wp\/v2\/types\/post"}],"author":[{"embeddable":true,"href":"https:\/\/radiozapatista.org\/index.php?rest_route=\/wp\/v2\/users\/21"}],"replies":[{"embeddable":true,"href":"https:\/\/radiozapatista.org\/index.php?rest_route=%2Fwp%2Fv2%2Fcomments&post=51117"}],"version-history":[{"count":2,"href":"https:\/\/radiozapatista.org\/index.php?rest_route=\/wp\/v2\/posts\/51117\/revisions"}],"predecessor-version":[{"id":51120,"href":"https:\/\/radiozapatista.org\/index.php?rest_route=\/wp\/v2\/posts\/51117\/revisions\/51120"}],"wp:featuredmedia":[{"embeddable":true,"href":"https:\/\/radiozapatista.org\/index.php?rest_route=\/wp\/v2\/media\/51118"}],"wp:attachment":[{"href":"https:\/\/radiozapatista.org\/index.php?rest_route=%2Fwp%2Fv2%2Fmedia&parent=51117"}],"wp:term":[{"taxonomy":"category","embeddable":true,"href":"https:\/\/radiozapatista.org\/index.php?rest_route=%2Fwp%2Fv2%2Fcategories&post=51117"},{"taxonomy":"post_tag","embeddable":true,"href":"https:\/\/radiozapatista.org\/index.php?rest_route=%2Fwp%2Fv2%2Ftags&post=51117"}],"curies":[{"name":"wp","href":"https:\/\/api.w.org\/{rel}","templated":true}]}}