{"id":51088,"date":"2025-06-29T20:50:17","date_gmt":"2025-06-30T02:50:17","guid":{"rendered":"https:\/\/radiozapatista.org\/?p=51088"},"modified":"2025-06-30T16:19:45","modified_gmt":"2025-06-30T22:19:45","slug":"abejas-de-acteal-exigen-frenar-la-expansion-del-crimen-organizado-en-los-altos-de-chiapas","status":"publish","type":"post","link":"https:\/\/radiozapatista.org\/?p=51088","title":{"rendered":"Abejas de Acteal exigen frenar la expansi\u00f3n del crimen organizado en los Altos de Chiapas"},"content":{"rendered":"\n<p>Fuente: <a href=\"https:\/\/avispa.org\/abejas-de-acteal-exigen-frenar-la-expansion-del-crimen-organizado-en-los-altos-de-chiapas\/\">Avispa Midia<\/a><br>Por Jeny Pascacio<\/p>\n\n\n\n<p>La Sociedad Civil Las Abejas de Acteal exigi\u00f3 al gobierno investigaciones reales para desmantelar a grupos del crimen organizado que operan en los Altos de Chiapas, as\u00ed como indagar los v\u00ednculos con la Guardia Nacional, Secretar\u00eda de la Defensa Nacional (Sedena) y Fuerza de Reacci\u00f3n Inmediata Pakal (FRIP).&nbsp;<\/p>\n\n\n\n<p>En Acteal, Chenalh\u00f3, la poblaci\u00f3n tsotsil solicit\u00f3 garant\u00edas de seguridad y cese inmediato de la intimidaci\u00f3n y criminalizaci\u00f3n de las comunidades que defienden la justicia y la paz, ante la escalada de violencia que han denunciado de manera constante.&nbsp;&nbsp;<\/p>\n\n\n\n<p>En mayo de 2025, la sociedad civil levant\u00f3 la voz por nuevos actos de violencia contra las comunidades que la integran. El d\u00eda 20, un hombre identificado como paramilitar amenaz\u00f3 de muerte a una sobreviviente de la masacre de Acteal.&nbsp;<\/p>\n\n\n\n<figure class=\"wp-block-image\"><a class=\"td-modal-image\" href=\"https:\/\/avispa.org\/wp-content\/uploads\/2025\/06\/Foto-de-Las-Abejas-1.jpg\"><img decoding=\"async\" src=\"https:\/\/avispa.org\/wp-content\/uploads\/2025\/06\/Foto-de-Las-Abejas-1-1024x683.jpg\" alt=\"\" class=\"wp-image-120163\"\/><\/a><figcaption class=\"wp-element-caption\"><em><sup>Foto: Abejas de Acteal<\/sup><\/em><\/figcaption><\/figure>\n\n\n\n<p>El agresor es uno de los paramilitares que confesaron haber participado en los hechos del 22 de diciembre de 1997, pero fue liberado en el a\u00f1o 2010 por la Suprema Corte de Justicia de la Naci\u00f3n (SCJN). Por ello, responsabilizan al Estado mexicano de la integridad f\u00edsica y psicol\u00f3gica de la mujer tsotsil.&nbsp;<\/p>\n\n\n\n<!--more-->\n\n\n\n<h3 class=\"wp-block-heading\" id=\"h-la-violencia-nunca-se-detuvo\"><strong>La violencia nunca se detuvo<\/strong><\/h3>\n\n\n\n<p>Para Las Abejas existe el riesgo de una masacre del pueblo tsotsil por parte del crimen organizado. \u201cJtotik Samuel (obisco cat\u00f3lico) tambi\u00e9n alert\u00f3 al gobierno que si no se atend\u00eda algo pod\u00eda pasar, pero no nos creyeron, \u00bfse repetir\u00e1 la historia?\u201d, dijo el joven tsotsil que ley\u00f3 el pronunciamiento durante la jornada de oraci\u00f3n el pasado 22 de junio en Acteal.&nbsp;&nbsp;&nbsp;<\/p>\n\n\n\n<p>\u201cLa realidad que hoy vivimos es m\u00e1s peligrosa que en el a\u00f1o de 1997, porque los paramilitares se convirtieron en sicarios, por ejemplo, hay m\u00e1s drogas y alcohol. En algunas comunidades, llegan hombres armados, juegan en la cancha, convirti\u00e9ndolas en refugio de sicarios\u201d, denunci\u00f3 la organizaci\u00f3n tsotsil.&nbsp;<\/p>\n\n\n\n<p>En el contexto actual, trajo a cuenta la&nbsp;<a href=\"https:\/\/avispa.org\/urgente-convocan-a-jornadas-globales-por-libertad-de-dos-integrantes-del-ezln\/\">detenci\u00f3n de dos bases del Ej\u00e9rcito Zapatista de Liberaci\u00f3n Nacional (EZLN) de la comunidad San Pedro Cotzilnam<\/a>, municipio oficial de Aldama, Chiapas, en la que participaron agentes federales y estatales, entre ellos de la Sedena, Guardia Nacional y FRIP, quienes actuaron sin \u00f3rdenes de aprehensi\u00f3n. Ah\u00ed, los uniformados, \u201crobaron un autom\u00f3vil, una motocicleta y una fuerte cantidad de dinero en efectivo\u201d.<\/p>\n\n\n\n<p>De manera reciente, las comunidades tsotsiles tambi\u00e9n documentaron disparos en distintos momentos, \u201cquiere decir que no hubo desarme por parte de las Fuerza de Reacci\u00f3n Inmediata Pakal\u201d, se\u00f1al\u00f3, adem\u00e1s de que, asegura la organizaci\u00f3n, han observado complicidad entre agentes e individuos que desestabilizan la seguridad y la paz en la zona.&nbsp;<\/p>\n\n\n\n<p>En las comunidades del municipio de Chenalh\u00f3, los campamentos militares no garantizan la seguridad ni la paz y los operativos de la FRIP son vistos como un espect\u00e1culo, \u201cestamos viviendo en una violenta normalidad disfrazada de paz\u201d.&nbsp;<\/p>\n\n\n\n<p>La sociedad civil record\u00f3 que desde el a\u00f1o 2023, escuelas de varias comunidades se encuentran sin docentes, pues no existen garant\u00edas de seguridad para volver a las actividades, a pesar de las declaraciones sobre los proyectos educativos del gobernador Eduardo Ram\u00edrez.&nbsp;<\/p>\n\n\n\n<h3 class=\"wp-block-heading\" id=\"h-triste-realidad-en-chenalho-nbsp\"><strong>\u2018Triste realidad\u2019 en Chenalh\u00f3&nbsp;<\/strong><\/h3>\n\n\n\n<p>La sociedad civil hizo otra denuncia por la agresi\u00f3n armada en contra de sus integrantes y de los habitantes de Tzajalch\u2019en, municipio de Chenalh\u00f3, comunidad que durante el conflicto armado en el a\u00f1o 1994 se estableci\u00f3 como campamento civil por la paz.&nbsp;<\/p>\n\n\n\n<p>Alrededor de las 18 horas del pasado 8 de junio, hubo detonaciones de armas de fuego a 400 metros, aproximadamente, de la escuela e iglesia cat\u00f3lica de la comunidad. Las balas alcanzaron el techo del domo de la cancha de basquetbol donde transcurr\u00eda una reuni\u00f3n de autoridades comunitarias.&nbsp;<\/p>\n\n\n\n<p>Momentos despu\u00e9s, personas armadas se dirigieron al lugar de donde salieron los disparos. Autoridades municipales fueron alertadas y la Guardia Nacional y la Sedena se hicieron presentes, pero la tensi\u00f3n se agudiz\u00f3 con m\u00e1s detonaciones.&nbsp;<\/p>\n\n\n\n<p>\u201cTanto las familias integrantes de las Abejas de Acteal que viven en Tzajalch\u2019en como el resto de las familias, han comenzado a sufrir distintas amenazas, as\u00ed como de incriminaciones por parte de las autoridades estatales\u201d, se\u00f1al\u00f3 la sociedad civil.&nbsp;&nbsp;<\/p>\n\n\n\n<p>El grupo armado tal\u00f3 \u00e1rboles y bloque\u00f3 el entronque de las comunidades de Tzajalch\u2019en, Tzanembolom y Cruzt\u00f3n. Al d\u00eda siguiente, la Fiscal\u00eda Ind\u00edgena de los Altos y la FRIP realizaron una inspecci\u00f3n.&nbsp;<\/p>\n\n\n\n<p>A petici\u00f3n de la autoridad comunitaria, a la indagatoria se incorpor\u00f3 un integrante de Las Abejas de Acteal como traductor. Al volver a la comunidad Tzajalch\u2019en, la FRIP y la Fiscal\u00eda detuvo a los dos tsotsiles por presunto secuestro.&nbsp;<\/p>\n\n\n\n<figure class=\"wp-block-image\"><a class=\"td-modal-image\" href=\"https:\/\/avispa.org\/wp-content\/uploads\/2025\/06\/Jornadas-de-ayuno-y-protesta-Abejas-de-Acteal3.jpg\"><img decoding=\"async\" src=\"https:\/\/avispa.org\/wp-content\/uploads\/2025\/06\/Jornadas-de-ayuno-y-protesta-Abejas-de-Acteal3-1024x683.jpg\" alt=\"\" class=\"wp-image-120167\"\/><\/a><figcaption class=\"wp-element-caption\"><em><sup>Miembros de las Abejas de Acteal han realizado movilizaciones y oraciones para exigir un alto a la violencia criminal en los Altos de Chiapas.<\/sup><\/em><\/figcaption><\/figure>\n\n\n\n<p>Los retuvieron varias horas dentro del veh\u00edculo oficial, donde los intimidaron y hostigaron para aceptar la culpabilidad, pero no pudieron comprobarla y fueron liberados. Llam\u00f3 la atenci\u00f3n de Las Abejas que, el mismo integrante de su organizaci\u00f3n, fue detenido en 1992 por oponerse a la violencia del gobierno pri\u00edsta de Jos\u00e9 Patrocinio Gonz\u00e1lez Blanco y Garrido.<\/p>\n\n\n\n<p>Para la Sociedad Civil Las Abejas de Acteal resulta vergonzoso que los gobiernos cobijen a a criminales, mientras peligra la vida de ni\u00f1as, ni\u00f1os, hombres, mujeres y adultos mayores de Tzajalch\u2019en, por las constantes amenazas e intimidaci\u00f3n de un grupo armado que opera en total impunidad.<\/p>\n\n\n\n<p>\u201cAnte esta triste realidad exigimos a los gobiernos estatal y federal y a sus fuerzas p\u00fablicas como los Pakales que se desistan de intimidar y criminalizar a nuestras compa\u00f1eras y compa\u00f1eros y hagan su trabajo desmantelando a los grupos armados (&#8230;) No nos dejen morir. No queremos m\u00e1s asesinatos, no queremos m\u00e1s m\u00e1rtires\u201d.<\/p>\n\n\n\n<h3 class=\"wp-block-heading\" id=\"h-nos-duele-palestina\"><strong>\u201cNos duele Palestina\u201d<\/strong><\/h3>\n\n\n\n<p>Adem\u00e1s, en su m\u00e1s reciente comunicado, Las Abejas se posicionan frente a la guerra de Israel contra Palestina y llaman a la Presidenta Claudia Sheinbaum a considerar pausar relaciones diplom\u00e1ticas con el gobierno de Israel, hasta que pare el fuego y se rompa el cerco que impide entrar la ayuda humanitaria.<\/p>\n\n\n\n<p>\u201cTambi\u00e9n nos duele Palestina, que el Israel deshumanizado contin\u00fae el genocidio, asesinando ni\u00f1as y ni\u00f1os inocentes, personas atacadas por francotiradores mientras buscan comida y cientos de heridos que mueren por falta de medicina. Nos solidarizamos con los y las compa\u00f1eras de M\u00e9xico y de otros pa\u00edses que, desafiando el r\u00e9gimen israel\u00ed, se dirigen a Gaza llevando alimentos\u201d.<\/p>\n\n\n\n<p>La sociedad civil lament\u00f3 los miles de muertos. \u201cParecen no importar al mundo. Ante tal infamia, \u00a1Unamos nuestra voz, a las voces que gritan la urgencia de parar el genocidio en Gaza!\u201d, exhort\u00f3 la organizaci\u00f3n tsotsil.<\/p>\n","protected":false},"excerpt":{"rendered":"<p>Fuente: Avispa MidiaPor Jeny Pascacio La Sociedad Civil Las Abejas de Acteal exigi\u00f3 al gobierno investigaciones reales para desmantelar a grupos del crimen organizado que operan en los Altos de Chiapas, as\u00ed como indagar los v\u00ednculos con la Guardia Nacional, Secretar\u00eda de la Defensa Nacional (Sedena) y Fuerza de Reacci\u00f3n Inmediata Pakal (FRIP).&nbsp; En Acteal, [&hellip;]<\/p>\n","protected":false},"author":21,"featured_media":51089,"comment_status":"open","ping_status":"closed","sticky":false,"template":"","format":"standard","meta":{"footnotes":""},"categories":[957,51,6,826,958,954,935],"tags":[100,58,53,106,567,147,23,545,87,148,27,483],"class_list":["post-51088","post","type-post","status-publish","format-standard","has-post-thumbnail","hentry","category-autonomia","category-autor","category-chiapas","category-medios-libres-2","category-megaproyectos","category-mexico","category-temas","tag-acteal","tag-derechos-humanos","tag-justicia","tag-las-abejas-de-acteal","tag-megaproyectos","tag-militarizacion","tag-paramilitares","tag-pueblos-indigenas","tag-represion","tag-resistencia","tag-solidaridad","tag-tierra-y-territorio"],"_links":{"self":[{"href":"https:\/\/radiozapatista.org\/index.php?rest_route=\/wp\/v2\/posts\/51088","targetHints":{"allow":["GET"]}}],"collection":[{"href":"https:\/\/radiozapatista.org\/index.php?rest_route=\/wp\/v2\/posts"}],"about":[{"href":"https:\/\/radiozapatista.org\/index.php?rest_route=\/wp\/v2\/types\/post"}],"author":[{"embeddable":true,"href":"https:\/\/radiozapatista.org\/index.php?rest_route=\/wp\/v2\/users\/21"}],"replies":[{"embeddable":true,"href":"https:\/\/radiozapatista.org\/index.php?rest_route=%2Fwp%2Fv2%2Fcomments&post=51088"}],"version-history":[{"count":2,"href":"https:\/\/radiozapatista.org\/index.php?rest_route=\/wp\/v2\/posts\/51088\/revisions"}],"predecessor-version":[{"id":51100,"href":"https:\/\/radiozapatista.org\/index.php?rest_route=\/wp\/v2\/posts\/51088\/revisions\/51100"}],"wp:featuredmedia":[{"embeddable":true,"href":"https:\/\/radiozapatista.org\/index.php?rest_route=\/wp\/v2\/media\/51089"}],"wp:attachment":[{"href":"https:\/\/radiozapatista.org\/index.php?rest_route=%2Fwp%2Fv2%2Fmedia&parent=51088"}],"wp:term":[{"taxonomy":"category","embeddable":true,"href":"https:\/\/radiozapatista.org\/index.php?rest_route=%2Fwp%2Fv2%2Fcategories&post=51088"},{"taxonomy":"post_tag","embeddable":true,"href":"https:\/\/radiozapatista.org\/index.php?rest_route=%2Fwp%2Fv2%2Ftags&post=51088"}],"curies":[{"name":"wp","href":"https:\/\/api.w.org\/{rel}","templated":true}]}}