{"id":51079,"date":"2025-06-26T22:07:14","date_gmt":"2025-06-27T04:07:14","guid":{"rendered":"https:\/\/radiozapatista.org\/?p=51079"},"modified":"2025-06-30T16:20:11","modified_gmt":"2025-06-30T22:20:11","slug":"oaxaca-juez-decidira-el-destino-de-una-profesora-mazateca-con-cinco-ordenes-de-captura","status":"publish","type":"post","link":"https:\/\/radiozapatista.org\/?p=51079","title":{"rendered":"Oaxaca: Juez decidir\u00e1 el destino de una profesora mazateca con cinco \u00f3rdenes de captura"},"content":{"rendered":"\n<p>Fuente: <a href=\"https:\/\/avispa.org\/oaxaca-juez-decidira-el-destino-de-una-profesora-mazateca-con-cinco-ordenes-de-captura\/\">Avispa Midia<\/a><br>Por Renata Bessi<\/p>\n\n\n\n<p><em><sup>Foto de portada: Santiago Navarro F<\/sup><\/em><\/p>\n\n\n\n<p>La comunidad mazateca de Eloxochitl\u00e1n de Flores Mag\u00f3n, Oaxaca, M\u00e9xico, se present\u00f3 en la ma\u00f1ana del martes (24) ante el Juzgado Mixto de la ciudad de Huautla de Jim\u00e9nez para acompa\u00f1ar a la profesora Olga Maribel Betanzos Fuentes, una de las <a href=\"https:\/\/avispa.org\/ocho-defensoras-mazatecas-con-ordenes-de-aprehension-tras-luchar-por-libertad\/\">ocho mujeres<\/a> mazatecas que, desde el 31 de marzo, tiene diversas \u00f3rdenes de aprehensi\u00f3n en su contra.&nbsp;<\/p>\n\n\n\n<p>Adem\u00e1s de las \u00f3rdenes contra las ocho mujeres, fueron emitidas tambi\u00e9n contra otros 48 mazatecos, totalizando m\u00e1s de 200 \u00f3rdenes de captura. Varios de ellos ya hab\u00edan sido detenidos hace m\u00e1s de 10 a\u00f1os por delitos que prescribieron o que no se pudieron fundamentar.<\/p>\n\n\n\n<p>Olga Maribel tiene cinco \u00f3rdenes de aprehensi\u00f3n por los delitos de robo e incendio que presuntamente fueron realizados el 14 de diciembre de 2014, cuando la asamblea comunitaria, que eleg\u00eda por usos y costumbres su autoridad, fue balaceada por un grupo de hombres que, seg\u00fan los comunitarios que vivieron los hechos, hacen parte del grupo \u201cneocaciquil\u201d de la familia Zepeda, con intereses partidistas. A partir de entonces se inici\u00f3 un proceso de persecuci\u00f3n pol\u00edtica y jur\u00eddica contra estos mazatecos que defienden los usos y costumbres, sistema con el que eligen a sus autoridades.<\/p>\n\n\n\n<p><em>La primera misi\u00f3n de observaci\u00f3n realizada el pasado fin de semana, en Eloxochitl\u00e1n de Flores Mag\u00f3n, <a href=\"https:\/\/avispa.org\/oaxaca-mision-documenta-consecuencias-de-10-anos-de-persecucion-contra-eloxochitlan-de-flores-magon\/\"><em>registr\u00f3<\/em><\/a> las consecuencias de m\u00e1s de una d\u00e9cada de persecuci\u00f3n<\/em>.&nbsp;<\/p>\n\n\n\n<!--more-->\n\n\n\n<figure class=\"wp-block-image\"><a class=\"td-modal-image\" href=\"https:\/\/avispa.org\/wp-content\/uploads\/2025\/06\/MisionMazatca-Re-2.jpg\"><img decoding=\"async\" src=\"https:\/\/avispa.org\/wp-content\/uploads\/2025\/06\/MisionMazatca-Re-2-1024x682.jpg\" alt=\"\" class=\"wp-image-120154\"\/><\/a><figcaption class=\"wp-element-caption\"><em><sup>Foto: Renata Bessi<\/sup><\/em><\/figcaption><\/figure>\n\n\n\n<p>La presentaci\u00f3n de la profesora Maribel al juzgado tiene el objetivo de iniciar su proceso. \u201cEste primer acto de presentaci\u00f3n es importante para activar el proceso. Pedimos que el juez <strong>Constantino Santiago Agust\u00edn<\/strong> determine la situaci\u00f3n jur\u00eddica de la profesora Olga Maribel. El juez tendr\u00e1 72 horas para determinar la situaci\u00f3n de la profesora. Puede dictaminar auto de libertad, como lo esperamos, con base en que los delitos est\u00e1n prescritos y que, adem\u00e1s, no existen pruebas que demuestren la responsabilidad de la profesora Maribel. Y, en un caso extremo, podr\u00eda determinar auto de formal prisi\u00f3n\u201d, explica para <em>Avispa M\u00eddia<\/em>, la abogada mazateca Argelia Betanzos.<\/p>\n\n\n\n<p>Las 72 horas empiezan a contar, explica la abogada, a partir del 8 de julio cuando la profesora Olga Maribel tendr\u00e1 que presentarse nuevamente al juzgado para su declaraci\u00f3n. \u201cEl juez de Huautla tiene que reconocer que ya se reconoci\u00f3 siete veces \u2013 en casos anteriores &#8211; a nivel federal e, incluso, en el Tribunal de Oaxaca que los delitos [de los cuales tambi\u00e9n se acusan decenas de otros mazatecos] no existen o est\u00e1n prescriptos\u201d, sostiene la abogada.&nbsp;<\/p>\n\n\n\n<p>La mazateca explica que la acci\u00f3n de presentarse ante al juez local de Huautla de Jim\u00e9nez, donde se emitieron las \u00f3rdenes de captura, se debe a un amparo que fue ganado a nivel federal, el 19 de junio, otorgado por el juez quinto de distrito de Boca del R\u00edo, Veracruz, que determina que la profesora no puede ser detenida mientras el juez de Huautla decide su situaci\u00f3n jur\u00eddica.<\/p>\n\n\n\n<p>\u201cVamos a seguir luchando. Me deben mi libertad. Necesito ser libre, andar por las calles, retomar mi trabajo como profesora\u201d, declar\u00f3 Olga Maribel despu\u00e9s de su presentaci\u00f3n en el juzgado.<\/p>\n\n\n\n<p>La Secci\u00f3n 22 de la Coordinadora Nacional de Trabajadores de la Educaci\u00f3n (CNTE), de Oaxaca, ha declarado su apoyo a la profesora Olga Maribel. La abogada Janet Gallegos, del gremio magisterial, acompa\u00f1\u00f3 a la profesora en su presentaci\u00f3n ante la justicia y declar\u00f3 su apoyo incondicional. \u201cLa asamblea estatal dictamin\u00f3 que se d\u00e9 el apoyo pol\u00edtico y jur\u00eddico a la maestra\u201d, declar\u00f3 la abogada en un mitin realizado frente el juzgado mixto.<\/p>\n\n\n\n<figure class=\"wp-block-image\"><a class=\"td-modal-image\" href=\"https:\/\/avispa.org\/wp-content\/uploads\/2025\/06\/MisionMazatca-paco-8.jpg\"><img decoding=\"async\" src=\"https:\/\/avispa.org\/wp-content\/uploads\/2025\/06\/MisionMazatca-paco-8-1024x764.jpg\" alt=\"\" class=\"wp-image-120156\"\/><\/a><figcaption class=\"wp-element-caption\"><em><sup>Foto: Santiago Navarro F<\/sup><\/em><\/figcaption><\/figure>\n\n\n\n<p>El profesor Cesar Neri, de la CNTE de ciudad de M\u00e9xico, hizo parte de la misi\u00f3n de observaci\u00f3n llevada a cabo el pasado fin de semana en la comunidad. Adem\u00e1s del apoyo por parte del gremio en Oaxaca, \u201cla asamblea nacional tambi\u00e9n se pronunci\u00f3 exigiendo el cese de la criminalizaci\u00f3n para los mazatecos de Eloxochitl\u00e1n de Flores Mag\u00f3n; se exige la cancelaci\u00f3n de las m\u00e1s de 200 \u00f3rdenes de aprehensi\u00f3n\u201d, puntualiz\u00f3 el profesor. &nbsp;<\/p>\n\n\n\n<p>Con la voz amplificada por un aparato de sonido, frente al juzgado, la mazateca Argelia denunci\u00f3 el trato que se les da a las autoridades, asegurando que es un trato arbitrario que est\u00e1 a favor de los denunciantes -vinculados a pol\u00edticos como la actual diputada local Eliza Zepeda y sus familiares &#8211; y donde se liberan este tipo de \u00f3rdenes a diestra y siniestra, colocando a los acusados como rehenes de la justicia. &nbsp;<\/p>\n\n\n\n<p>\u201cParece que no existen ojos que vigilen este el juzgado, parece que no existen leyes penales que sancionen las conductas indebidas de los jueces; queremos denunciar esta conducta porque ya estamos cansadas que en este juzgado, los jueces, se sientan dioses, que tienen el poder de lastimar la vida de las y los habitantes que piden justicia. Someten a comunidades enteras a c\u00edrculos violentos a partir de los aparatos judiciales. Ya estamos cansadas de eso (\u2026). Aqu\u00ed hay consigna pol\u00edtica de mantener paralizada la comunidad mazateca de Eloxochitl\u00e1n de Flores Mag\u00f3n para impedir que defienda su territorio\u201d, arremeti\u00f3 la abogada mazateca. &nbsp;<\/p>\n\n\n\n<p>Te puede interesar \u2013&nbsp;<a href=\"https:\/\/avispa.org\/mexico-justicia-de-oaxaca-instrumento-de-tortura-contra-los-presos-politicos-de-eloxochitlan\/\" target=\"_blank\" rel=\"noreferrer noopener\">Justicia de Oaxaca, instrumento de tortura contra los presos pol\u00edticos de Eloxochitl\u00e1n<\/a><\/p>\n\n\n\n<p>***<\/p>\n\n\n\n<p><em>Avispa M\u00eddia<\/em> platic\u00f3 con Olga Maribel durante la primera misi\u00f3n de observaci\u00f3n, el pasado fin de semana. Aqu\u00ed les presentamos parte de la entrevista realizada con la profesora mazateca sobre su vida y sobre el proceso de persecuci\u00f3n que ha vivido ella y su familia desde 2014.<\/p>\n\n\n\n<h3 class=\"wp-block-heading\" id=\"h-profesora\"><strong>Profesora<\/strong><\/h3>\n\n\n\n<p>Llevo 23 a\u00f1os trabajando en el magisterio. Mi funci\u00f3n actualmente es llevar el control escolar de todos mis alumnos. Mi escuela es la escuela secundaria t\u00e9cnica n\u00famero 255, ubicada en Huautla de Jim\u00e9nez, Oaxaca, a una distancia de una hora de nuestro pueblo.&nbsp;<\/p>\n\n\n\n<p>En Huautla de Jim\u00e9nez es una variante de la lengua mazateca, pero pues, sin embargo, conozco tambi\u00e9n sus costumbres. Y ese es mi trabajo, orientar a mis chicos, \u00bfno?, de la edad de 11 a 15 a\u00f1os. Ese es mi trabajo hasta la fecha. Pero toda esta situaci\u00f3n me impide, me impide regresar a mi centro de trabajo.<\/p>\n\n\n\n<figure class=\"wp-block-image\"><a class=\"td-modal-image\" href=\"https:\/\/avispa.org\/wp-content\/uploads\/2025\/06\/IMG_0011.jpeg\"><img decoding=\"async\" src=\"https:\/\/avispa.org\/wp-content\/uploads\/2025\/06\/IMG_0011-1024x577.jpeg\" alt=\"\" class=\"wp-image-120160\"\/><\/a><figcaption class=\"wp-element-caption\"><em><sup>La profesora Olga Maribel Betanzos Fuentes durante entrevista. Ella es una de las ocho mujeres mazatecas que, desde el 31 de marzo, tiene diversas \u00f3rdenes de aprehensi\u00f3n en su contra. Foto: Santiago Navarro F<\/sup><\/em><\/figcaption><\/figure>\n\n\n\n<h3 class=\"wp-block-heading\" id=\"h-robo\"><strong>\u00bfRobo?<\/strong><\/h3>\n\n\n\n<p>A m\u00ed me acusan de, pues, hasta da risa, \u00bfno?, me sorprende que a estas alturas despu\u00e9s de 10 a\u00f1os tenga yo cinco \u00f3rdenes de aprehensi\u00f3n, que se dice que es de robo, de incendio. De robos de joyas, de edredones, mercanc\u00eda y por el incendio de cuatro domicilios.<\/p>\n\n\n\n<p>Si fuera as\u00ed no tuviera yo el trabajo, no tuviera yo mi trabajo, no fuera yo sindicalizada. Nosotros, nuestro sindicato siempre hemos levantado, nos hemos levantado pues en protesta, \u00bfno?, en las calles, durmiendo ah\u00ed en las banquetas, en la calle, en el Z\u00f3calo de M\u00e9xico.&nbsp;<\/p>\n\n\n\n<h3 class=\"wp-block-heading\" id=\"h-escalada-de-poder-nbsp\"><strong>Escalada de poder&nbsp;<\/strong><\/h3>\n\n\n\n<p>A partir de 2014 los que nos atacaron &#8211; la familia de la diputada Eliza Zepeda &#8211; empezaron a escalar a cargos pol\u00edticos fuera de la comunidad, dentro de Morena [Partido Movimiento de Regeneraci\u00f3n Nacional] y hasta el momento eso contin\u00faa. Y esas personas que ahorita nos acusan, pues, son los que tienen dinero, tienen dinero en el pueblo, sus grandes negocios, sus grandes mototaxis, sus grandes carros, viven bien, se dedican al negocio. Manuel [Zepeda Cort\u00e9s, responsable por explotar materiales p\u00e9treos de un r\u00edo en la comunidad] y su hija Elisa [Zepeda Lagunas, hoy diputada local de Morena en Oaxaca, tambi\u00e9n fue secretaria de Mujeres del Estado]. Viven bien resguardados, sus casas con mucha protecci\u00f3n, muchas c\u00e1maras.<\/p>\n\n\n\n<h3 class=\"wp-block-heading\" id=\"h-desplazada\"><strong>Desplazada<\/strong><\/h3>\n\n\n\n<p>Yo trabajaba en nuestra escuela aqu\u00ed en el pueblo, la escuela t\u00e9cnica 115. A ra\u00edz de que se dio esto, a m\u00ed me desplazaron. Yo aqu\u00ed inici\u00e9 mi trabajo. Doce a\u00f1os estuve en mi comunidad.<\/p>\n\n\n\n<p>Cuando nosotros llegamos despu\u00e9s de vacaciones a tomar nuestras instalaciones, el regreso a clases &#8211; porque de plano pues hubo un temor que se cerraron las instituciones, ya no transitaba gente -, entonces, en ese momento, padres de familia simpatizantes de Manuel no dejaron que pas\u00e1ramos, una compa\u00f1era y yo. Eran 22 compa\u00f1eros profesores, se solidarizaron con nosotras.<\/p>\n\n\n\n<p>Me mandaron a Huautla de Jim\u00e9nez. Mi hija y yo <em>desma\u00f1an\u00e1bamos<\/em> para salir al trabajo, ella a la escuela. En ese entonces pues era inicio de mi vida, de mi matrimonio, de mi familia. Pero todo ese desplazamiento, todo ese temor, como que ya no nos permit\u00eda avanzar.<\/p>\n\n\n\n<h3 class=\"wp-block-heading\" id=\"h-crisis-economica\"><strong>Crisis econ\u00f3mica<\/strong><\/h3>\n\n\n\n<p>Dado a todo eso, pues a m\u00ed se me viene una crisis econ\u00f3mica terrible. Terrible porque pues m\u00ed esposo o m\u00ed ex pareja (\u2026), lo puedo agregar que pues m\u00ed familia se desintegr\u00f3.<\/p>\n\n\n\n<p>Ya no hab\u00eda pues el calor de hogar. Yo ten\u00eda que salir muy temprano, ya no lo ve\u00eda a \u00e9l. Y pues en ese momento, tantas cosas pasaron que nom\u00e1s sobreviv\u00edamos con 200 pesos, \u00bfno?, 200, 400 pesos a la semana. Mi hija ha sido testigo, ha vivido todo eso conmigo.<\/p>\n","protected":false},"excerpt":{"rendered":"<p>Fuente: Avispa MidiaPor Renata Bessi Foto de portada: Santiago Navarro F La comunidad mazateca de Eloxochitl\u00e1n de Flores Mag\u00f3n, Oaxaca, M\u00e9xico, se present\u00f3 en la ma\u00f1ana del martes (24) ante el Juzgado Mixto de la ciudad de Huautla de Jim\u00e9nez para acompa\u00f1ar a la profesora Olga Maribel Betanzos Fuentes, una de las ocho mujeres mazatecas [&hellip;]<\/p>\n","protected":false},"author":21,"featured_media":51080,"comment_status":"open","ping_status":"closed","sticky":false,"template":"","format":"standard","meta":{"footnotes":""},"categories":[957,51,826,958,954,961,962,935],"tags":[58,53,567,147,545,87,148,27,483],"class_list":["post-51079","post","type-post","status-publish","format-standard","has-post-thumbnail","hentry","category-autonomia","category-autor","category-medios-libres-2","category-megaproyectos","category-mexico","category-mujeres","category-presos","category-temas","tag-derechos-humanos","tag-justicia","tag-megaproyectos","tag-militarizacion","tag-pueblos-indigenas","tag-represion","tag-resistencia","tag-solidaridad","tag-tierra-y-territorio"],"_links":{"self":[{"href":"https:\/\/radiozapatista.org\/index.php?rest_route=\/wp\/v2\/posts\/51079","targetHints":{"allow":["GET"]}}],"collection":[{"href":"https:\/\/radiozapatista.org\/index.php?rest_route=\/wp\/v2\/posts"}],"about":[{"href":"https:\/\/radiozapatista.org\/index.php?rest_route=\/wp\/v2\/types\/post"}],"author":[{"embeddable":true,"href":"https:\/\/radiozapatista.org\/index.php?rest_route=\/wp\/v2\/users\/21"}],"replies":[{"embeddable":true,"href":"https:\/\/radiozapatista.org\/index.php?rest_route=%2Fwp%2Fv2%2Fcomments&post=51079"}],"version-history":[{"count":2,"href":"https:\/\/radiozapatista.org\/index.php?rest_route=\/wp\/v2\/posts\/51079\/revisions"}],"predecessor-version":[{"id":51101,"href":"https:\/\/radiozapatista.org\/index.php?rest_route=\/wp\/v2\/posts\/51079\/revisions\/51101"}],"wp:featuredmedia":[{"embeddable":true,"href":"https:\/\/radiozapatista.org\/index.php?rest_route=\/wp\/v2\/media\/51080"}],"wp:attachment":[{"href":"https:\/\/radiozapatista.org\/index.php?rest_route=%2Fwp%2Fv2%2Fmedia&parent=51079"}],"wp:term":[{"taxonomy":"category","embeddable":true,"href":"https:\/\/radiozapatista.org\/index.php?rest_route=%2Fwp%2Fv2%2Fcategories&post=51079"},{"taxonomy":"post_tag","embeddable":true,"href":"https:\/\/radiozapatista.org\/index.php?rest_route=%2Fwp%2Fv2%2Ftags&post=51079"}],"curies":[{"name":"wp","href":"https:\/\/api.w.org\/{rel}","templated":true}]}}