{"id":51076,"date":"2025-06-26T22:01:05","date_gmt":"2025-06-27T04:01:05","guid":{"rendered":"https:\/\/radiozapatista.org\/?p=51076"},"modified":"2025-06-30T16:20:38","modified_gmt":"2025-06-30T22:20:38","slug":"amazonia-derechos-de-pueblos-en-aislamiento-reconocidos-contra-negacionismo","status":"publish","type":"post","link":"https:\/\/radiozapatista.org\/?p=51076","title":{"rendered":"Amazon\u00eda: derechos de pueblos en aislamiento reconocidos contra negacionismo"},"content":{"rendered":"\n<p>Fuente: <a href=\"https:\/\/avispa.org\/amazonia-derechos-de-pueblos-en-aislamiento-reconocidos-contra-negacionismo\/\">Avispa Midia<\/a><br>Por Javier Bed\u00eda Prado<\/p>\n\n\n\n<p><em><sup>En portada: Grupo Mashco Piro avistado en la ribera del r\u00edo Las Piedras, Madre de Dios, Per\u00fa. Foto: Survival International<\/sup><\/em><\/p>\n\n\n\n<p>Una sentencia constitucional que respalda a los pueblos ind\u00edgenas en aislamiento voluntario y contacto inicial (PIACI), en el Per\u00fa, se suma al primer fallo de la&nbsp;Corte Interamericana de Derechos Humanos contra un Estado, el de Ecuador, por vulnerar sus derechos.<\/p>\n\n\n\n<p>El Tribunal Constitucional del Per\u00fa fall\u00f3 a favor de la inconstitucionalidad de la ordenanza 006-2023 de la Municipalidad Provincial de Ucayali, que les negaba el derecho a la vida y prohib\u00eda la creaci\u00f3n de \u00e1reas protegidas para PIACI, con el argumento de que no existen en la jurisdicci\u00f3n.<\/p>\n\n\n\n<p>La regi\u00f3n Ucayali es la m\u00e1s violenta del pa\u00eds para comunidades nativas. All\u00ed se encuentra una de las dos provincias donde se registra la mayor deforestaci\u00f3n de la Amazon\u00eda peruana. Entre Coronel Portillo (Ucayali) y Puerto Inca (Hu\u00e1nuco) suman m\u00e1s de 500 mil hect\u00e1reas de bosques perdidas desde el a\u00f1o 2001. Adem\u00e1s, en Coronel Portillo el cultivo de coca creci\u00f3 en 2.481% entre 2015 y 2021, seg\u00fan&nbsp;la Oficina de Naciones Unidas contra la Droga y el Delito.&nbsp;<\/p>\n\n\n\n<p>En consecuencia, ambas localidades encabezan los reportes de amenazas contra defensores ambientales en el Per\u00fa. Ucayali es la regi\u00f3n en la que se cometieron m\u00e1s asesinatos de guardianes de territorios desde 2010: once del total de 54 cr\u00edmenes, de acuerdo al&nbsp;<a href=\"https:\/\/aidesep.org.pe\/noticias\/ucayali-presentan-informe-sobre-la-critica-situacion-de-los-defensores-indigenas\/\">informe<\/a>&nbsp;<em>Situaci\u00f3n de los defensores ind\u00edgenas en Ucayali 2024<\/em>.<\/p>\n\n\n\n<p>Esta regi\u00f3n cuenta con 12.600 kil\u00f3metros de caminos ilegales, alrededor de los cuales se expanden la tala y otras actividades il\u00edcitas en zonas de amortiguamiento y \u00e1reas protegidas. Una de estas v\u00edas transcurre cerca de la reserva Murunahua, que protege a etnias en aislamiento como los mascho piro, chitonahua y amahuaca.&nbsp;&nbsp;<\/p>\n\n\n\n<!--more-->\n\n\n\n<figure class=\"wp-block-image\"><a class=\"td-modal-image\" href=\"https:\/\/avispa.org\/wp-content\/uploads\/2025\/06\/Toma-aerea-que-muestra-como-los-caminos-se-han-ido-abriendo-en-territorio-de-este-pueblo-en-contacto-inicial.-FOTO-FENAMAD.jpg\"><img decoding=\"async\" src=\"https:\/\/avispa.org\/wp-content\/uploads\/2025\/06\/Toma-aerea-que-muestra-como-los-caminos-se-han-ido-abriendo-en-territorio-de-este-pueblo-en-contacto-inicial.-FOTO-FENAMAD-1024x682.jpg\" alt=\"\" class=\"wp-image-120139\"\/><\/a><figcaption class=\"wp-element-caption\"><em><sup>Toma a\u00e9rea que muestra c\u00f3mo los caminos se han ido abriendo en territorio de este pueblo en contacto inicial. Foto: FENAMAD.<\/sup><\/em><\/figcaption><\/figure>\n\n\n\n<p>En los \u00faltimos a\u00f1os se reproducen discursos racistas, desde el sector empresarial agroindustrial e instituciones p\u00fablicas, que niegan la existencia de los PIACI con el prop\u00f3sito de desarrollar actividades extractivas en sus territorios. Un juez del Tribunal Constitucional se hab\u00eda manifestado en la l\u00ednea del relato negacionista.&nbsp;<\/p>\n\n\n\n<p>La anulada norma municipal es parte de una&nbsp;<a href=\"https:\/\/avispa.org\/sectores-de-derecha-en-peru-quieren-desconocer-a-indigenas-que-viven-aislados-en-la-amazonia\/\">batalla legal en la que se tom\u00f3 parte el Congreso<\/a>, cuando en 2024 intent\u00f3, sin \u00e9xito, modificar la Ley PIACI. Un proyecto legislativo plante\u00f3 anular funciones del Ministerio de Cultura y trasladarlas a los gobiernos regionales, para que estos decidan la categorizaci\u00f3n de \u00e1reas protegidas.<\/p>\n\n\n\n<h3 class=\"wp-block-heading\" id=\"h-demanda-internacional-contra-estado-peruano\"><strong>Demanda internacional contra Estado peruano<\/strong><\/h3>\n\n\n\n<p>Por parte de los Estados de pa\u00edses de la cuenca amaz\u00f3nica, la desprotecci\u00f3n de los PIACI puede ser motivo de sentencias internacionales, como indica el reciente fallo de la Corte Interamericana de Derechos Humanos contra Ecuador, el primero referido a los PIACI.<\/p>\n\n\n\n<p>Este es un antecedente para el caso de los pueblos en aislamiento mashco piro, yora y amahuaca. La Corte CIDH admiti\u00f3 en 2024 la demanda contra el Estado peruano por violaci\u00f3n de derechos y desprotecci\u00f3n de las etnias, presentada por la Federaci\u00f3n Nativa del r\u00edo Madre de Dios y Afluentes (Fenamad).&nbsp;<\/p>\n\n\n\n<p>La inacci\u00f3n estatal se agrava en cuanto el Ministerio de Cultura contin\u00faa aplazando la creaci\u00f3n de las reservas Napo-Tigre y Yavar\u00ed. De las cinco \u00e1reas de protecci\u00f3n para PIACI en proceso, solo se han establecido tres.&nbsp;<\/p>\n\n\n\n<figure class=\"wp-block-image\"><a class=\"td-modal-image\" href=\"https:\/\/avispa.org\/wp-content\/uploads\/2025\/06\/mashco-piro-.-mincul.jpg\"><img decoding=\"async\" src=\"https:\/\/avispa.org\/wp-content\/uploads\/2025\/06\/mashco-piro-.-mincul.jpg\" alt=\"\" class=\"wp-image-120143\"\/><\/a><\/figure>\n\n\n\n<p>La Ley PIACI fija un plazo m\u00e1ximo de dos a\u00f1os para conformar estas reservas y pasaron dos d\u00e9cadas para que se reconozca a cinco pueblos originarios del que a\u00fan es el proyecto de reserva Napo-Tigre, que abarca territorio peruano y ecuatoriano.<\/p>\n\n\n\n<p>Mientras el Estado no act\u00faa, en el contexto de narrativas que les niegan la existencia y la expansi\u00f3n de los extractivismos, formales e ilegales, aumenta el impacto en las zonas que habitan y recorren.<\/p>\n\n\n\n<p>Resguardar las \u00e1reas de tr\u00e1nsito es clave. En ese sentido, las organizaciones ind\u00edgenas de los corredores&nbsp;yavar\u00ed-tapiche, pano-arawak y kakataibo desarrollaron el&nbsp;<a href=\"https:\/\/www.orpio.org.pe\/descarga-el-estudio-corredor-territorial-yavari-tapiche\/\">Estudio Jur\u00eddico sobre Corredores Territoriales<\/a>, para respaldar el apoyo t\u00e9cnico legal y pol\u00edtico en torno a los territorios de los PIACI.<\/p>\n\n\n\n<h3 class=\"wp-block-heading\" id=\"h-nueva-perspectiva-juridica-en-la-region\"><strong>Nueva perspectiva jur\u00eddica en la regi\u00f3n<\/strong><\/h3>\n\n\n\n<p>La Corte IDH hall\u00f3 responsable al Estado ecuatoriano por hechos violentos contra pueblos aislados, \u201cpor parte de miembros de otros pueblos ind\u00edgenas o terceros\u201d, ocurridos entre 2003 y 2013.<\/p>\n\n\n\n<p>Tras confirmarse que hay numerosos pozos petroleros alrededor del territorio intangible Tagaeri-Taromenane, la sentencia ordena que se respete la decisi\u00f3n de la consulta popular a la naci\u00f3n que en 2023 determin\u00f3 no extraer petr\u00f3leo del Yasun\u00ed, una de las zonas de mayor biodiversidad del planeta.<\/p>\n\n\n\n<p>Por un lado, la Corte IDH se\u00f1ala que el Estado vulner\u00f3 derechos colectivos, a la integridad personal, identidad cultural y a un ambiente sano de estos pueblos originarios de la Amazon\u00eda occidental ecuatoriana. Asimismo, declar\u00f3 la responsabilidad por la inacci\u00f3n estatal en agravio de dos ni\u00f1as ind\u00edgenas que fueron retiradas de su territorio por atacantes y llevadas a otro pueblo en contacto inicial.&nbsp;<\/p>\n\n\n\n<p>La agresi\u00f3n no fue cometida por agentes estatales, pero la Corte IDH considera que el Estado conoc\u00eda la situaci\u00f3n de riesgo y que no tomaron las medidas suficientes. Seg\u00fan el tribunal, las instituciones p\u00fablicas de Ecuador ten\u00edan el deber de garantizar sus derechos, tomando en cuenta su condici\u00f3n de menores en contacto reciente.&nbsp;<\/p>\n\n\n\n<p>Esta perspectiva abre en la regi\u00f3n amaz\u00f3nica alcances legales que pueden resultar claves para la defensa de los pueblos ind\u00edgenas en aislamiento y desarticular los discursos que les niegan el derecho a existir.&nbsp;<\/p>\n","protected":false},"excerpt":{"rendered":"<p>Fuente: Avispa MidiaPor Javier Bed\u00eda Prado En portada: Grupo Mashco Piro avistado en la ribera del r\u00edo Las Piedras, Madre de Dios, Per\u00fa. Foto: Survival International Una sentencia constitucional que respalda a los pueblos ind\u00edgenas en aislamiento voluntario y contacto inicial (PIACI), en el Per\u00fa, se suma al primer fallo de la&nbsp;Corte Interamericana de Derechos [&hellip;]<\/p>\n","protected":false},"author":21,"featured_media":51077,"comment_status":"open","ping_status":"closed","sticky":false,"template":"","format":"standard","meta":{"footnotes":""},"categories":[957,51,1284,826,958,935],"tags":[58,53,1305,545,87,148,483],"class_list":["post-51076","post","type-post","status-publish","format-standard","has-post-thumbnail","hentry","category-autonomia","category-autor","category-latinoamerica","category-medios-libres-2","category-megaproyectos","category-temas","tag-derechos-humanos","tag-justicia","tag-latinoamerica","tag-pueblos-indigenas","tag-represion","tag-resistencia","tag-tierra-y-territorio"],"_links":{"self":[{"href":"https:\/\/radiozapatista.org\/index.php?rest_route=\/wp\/v2\/posts\/51076","targetHints":{"allow":["GET"]}}],"collection":[{"href":"https:\/\/radiozapatista.org\/index.php?rest_route=\/wp\/v2\/posts"}],"about":[{"href":"https:\/\/radiozapatista.org\/index.php?rest_route=\/wp\/v2\/types\/post"}],"author":[{"embeddable":true,"href":"https:\/\/radiozapatista.org\/index.php?rest_route=\/wp\/v2\/users\/21"}],"replies":[{"embeddable":true,"href":"https:\/\/radiozapatista.org\/index.php?rest_route=%2Fwp%2Fv2%2Fcomments&post=51076"}],"version-history":[{"count":2,"href":"https:\/\/radiozapatista.org\/index.php?rest_route=\/wp\/v2\/posts\/51076\/revisions"}],"predecessor-version":[{"id":51102,"href":"https:\/\/radiozapatista.org\/index.php?rest_route=\/wp\/v2\/posts\/51076\/revisions\/51102"}],"wp:featuredmedia":[{"embeddable":true,"href":"https:\/\/radiozapatista.org\/index.php?rest_route=\/wp\/v2\/media\/51077"}],"wp:attachment":[{"href":"https:\/\/radiozapatista.org\/index.php?rest_route=%2Fwp%2Fv2%2Fmedia&parent=51076"}],"wp:term":[{"taxonomy":"category","embeddable":true,"href":"https:\/\/radiozapatista.org\/index.php?rest_route=%2Fwp%2Fv2%2Fcategories&post=51076"},{"taxonomy":"post_tag","embeddable":true,"href":"https:\/\/radiozapatista.org\/index.php?rest_route=%2Fwp%2Fv2%2Ftags&post=51076"}],"curies":[{"name":"wp","href":"https:\/\/api.w.org\/{rel}","templated":true}]}}