{"id":51073,"date":"2025-06-26T21:56:13","date_gmt":"2025-06-27T03:56:13","guid":{"rendered":"https:\/\/radiozapatista.org\/?p=51073"},"modified":"2025-06-30T16:21:06","modified_gmt":"2025-06-30T22:21:06","slug":"oaxaca-mision-documenta-consecuencias-de-10-anos-de-persecucion-contra-eloxochitlan-de-flores-magon","status":"publish","type":"post","link":"https:\/\/radiozapatista.org\/?p=51073","title":{"rendered":"Oaxaca: Misi\u00f3n documenta consecuencias de 10 a\u00f1os de persecuci\u00f3n contra Eloxochitl\u00e1n de Flores Mag\u00f3n"},"content":{"rendered":"\n<p>Fuente: <a href=\"https:\/\/avispa.org\/oaxaca-mision-documenta-consecuencias-de-10-anos-de-persecucion-contra-eloxochitlan-de-flores-magon\/\">Avispa Midia<\/a><br>Por Roc\u00edo Heredia<\/p>\n\n\n\n<p><sub><em>En portada: Integrantes de la misi\u00f3n de observaci\u00f3n en Eloxochitl\u00e1n acompa\u00f1an a mujeres del poblado mazateco. Foto: Renata Bessi.<\/em><\/sub><\/p>\n\n\n\n<p>Se realiz\u00f3 del 20 al 22 de junio la&nbsp;Primera Misi\u00f3n de Observaci\u00f3n Civil en Eloxochitl\u00e1n de Flores Mag\u00f3n, comunidad de la Sierra Mazateca en Oaxaca, M\u00e9xico.<\/p>\n\n\n\n<p><em>N \u0301guixo<\/em>&nbsp;es una palabra en lengua mazateca que significa \u201cEntre nubes\u201d o \u201cBajo lo espumoso (neblina)\u201d. Con ese nombre, las y los habitantes de Eloxochitl\u00e1n de Flores Mag\u00f3n nombran a esta comunidad, donde es com\u00fan que la neblina con su lentitud tenue cubra a la localidad durante las madrugadas, al amanecer y despu\u00e9s de las lluvias.<\/p>\n\n\n\n<p>Ese fue el fen\u00f3meno natural que este fin de semana recibi\u00f3 a m\u00e1s de 30 observadores de diversas disciplinas, entre las que pueden enlistarse: periodistas, defensores territoriales y de derechos humanos, antrop\u00f3logos, estudiantes, comunicadores as\u00ed como abogados, provenientes de m\u00e1s de 10 organizaciones, entre ellas,&nbsp;la&nbsp;Red Todos los Derechos para Todas y Todos TDT, el Centro de Derechos Humanos Antonio Esteban,&nbsp;colectivos y medios informativos, que solidariamente sumaron sus esfuerzos y conocimientos para hacer posible la misi\u00f3n. Representa la primera jornada de documentaci\u00f3n, denuncia y exigencia del alto total a la&nbsp;<a href=\"https:\/\/avispa.org\/oaxaca-criminalizan-judicialmente-a-34-mazatecos-mediante-un-testigo-que-no-existe\/\">criminalizaci\u00f3n, violaciones a los derechos humanos y ecocidio en la comunidad<\/a>.<\/p>\n\n\n\n<p>A finales de la d\u00e9cada de 1960 esta comunidad recibi\u00f3 el nombre de Eloxochitl\u00e1n de Flores Mag\u00f3n debido a que, el 16 de septiembre de 1873, este lugar vio nacer al periodista, pol\u00edtico, dramaturgo y fil\u00f3sofo anarquista Ricardo Flores Mag\u00f3n, quien sostuvo una lucha incansable por la abolici\u00f3n del Estado, la propiedad privada y toda forma de esclavitud humana.<\/p>\n\n\n\n<p>Resulta incre\u00edble que m\u00e1s de un siglo despu\u00e9s este mismo lugar sea un territorio dominado por un grupo caciquil, como lo define la comunidad en resistencia, que a partir de infundir terror en la comunidad, mantiene a buena parte de las y los habitantes en silencio frente a sus abusos y despotismo.<\/p>\n\n\n\n<p>Ese ambiente pareciera desvanecerse entre el aire que se respira limpio y fresco, en ocasiones, entrelazado con el humo que expiran los anafres y fogones, o con el olor a los deliciosos platillos preparados por las mujeres mazatecas, quienes adem\u00e1s de ser grandes luchadoras sociales, son extraordinarias cocineras que con su m\u00e1gico saz\u00f3n llenaron los est\u00f3magos de quienes este fin de semana las acompa\u00f1aron a observar.<\/p>\n\n\n\n<!--more-->\n\n\n\n<figure class=\"wp-block-image\"><a class=\"td-modal-image\" href=\"https:\/\/avispa.org\/wp-content\/uploads\/2025\/06\/MisionMazatca-paco-4.jpg\"><img decoding=\"async\" src=\"https:\/\/avispa.org\/wp-content\/uploads\/2025\/06\/MisionMazatca-paco-4-1024x576.jpg\" alt=\"\" class=\"wp-image-120108\"\/><\/a><figcaption class=\"wp-element-caption\"><em><sup>Foto: Santiago Navarro F<\/sup><\/em><\/figcaption><\/figure>\n\n\n\n<p>En los alrededores del centro de la poblaci\u00f3n, se dibujan accidentadas monta\u00f1as cubiertas de \u00e1rboles verdosos y largos tramos de tierra ocupada por milpa, una de las principales siembras en la comunidad que, junto a los cafetales y las cajas de avispas productoras de miel, sirven de sustento para varias familias de la comunidad, de manera especial para aquellas que sostienen presas y presos pol\u00edticos, desplegando as\u00ed una econom\u00eda de resistencia.<\/p>\n\n\n\n<p>Los sonidos de la naturaleza tambi\u00e9n reclaman su espacio, se niegan a extinguirse. Por todo el centro de esta comunidad mazateca una ca\u00edda de agua se escucha sin descanso. Esta proviene del r\u00edo&nbsp;<em>Xang\u00e1 Nd\u00e1 Ge,&nbsp;<\/em>cuyo sonido de aguaincesanteenvuelve a la comunidad como forma de resistencia: pues nace de una de las pocas concentraciones de agua que a\u00fan persisten frente a la extracci\u00f3n de materiales p\u00e9treos (grava y arena).<\/p>\n\n\n\n<h3 class=\"wp-block-heading\" id=\"h-defender-la-asamblea-comunitaria\"><strong>Defender la Asamblea Comunitaria<\/strong><\/h3>\n\n\n\n<p>Una de las versiones que intenta acallar la verdad de la resistencia mazateca, reduce la complejidad de este problema pol\u00edtico a una enemistad entre dos familias, relato desconocido por las y los mazatecos que afirman y detallan que defender su Asamblea Comunitaria represent\u00f3 un ataque a los intereses pol\u00edticos y econ\u00f3micos del cacique Manuel Zepeda.<\/p>\n\n\n\n<p>Las y los mazatecos que, durante los tres d\u00edas de la misi\u00f3n, dieron entrevistas para las y los observadores coinciden en que a inicios del 2010 los partidos pol\u00edticos comenzaron a operar de forma m\u00e1s intensa en la comunidad, perjudicando la Asamblea Comunitaria, el m\u00e1ximo espacio de autoridad tradicional, donde la toma de decisiones se da a partir del Sistema de Usos y Costumbres de la localidad. Tras una serie de irregularidades en las elecciones para la alcald\u00eda municipal, Manuel Zepeda Cort\u00e9s consigui\u00f3 ocupar la presidencia municipal de Eloxochitl\u00e1n. Situaci\u00f3n que marc\u00f3 el inicio de una historia de violencia en la comunidad.<\/p>\n\n\n\n<figure class=\"wp-block-image\"><a class=\"td-modal-image\" href=\"https:\/\/avispa.org\/wp-content\/uploads\/2025\/06\/MisionMazatca-Re-1.jpg\"><img decoding=\"async\" src=\"https:\/\/avispa.org\/wp-content\/uploads\/2025\/06\/MisionMazatca-Re-1-1024x682.jpg\" alt=\"\" class=\"wp-image-120110\"\/><\/a><figcaption class=\"wp-element-caption\"><em><sup>Foto: Renata Bessi<\/sup><\/em><\/figcaption><\/figure>\n\n\n\n<p>Durante su trienio (2011-2013), Zepeda Cortes cometi\u00f3 diversos abusos de poder, principalmente el hecho de violentar a quienes continuaron organiz\u00e1ndose a trav\u00e9s de la Asamblea Comunitaria. Pero fue hasta el&nbsp;<a href=\"https:\/\/avispa.org\/resistir-ante-el-estado-los-caciques-viejos-y-nuevos-en-la-mazateca\/\">14 de diciembre del 2014<\/a> cuando se intent\u00f3 realizar una Asamblea para la elecci\u00f3n de un nuevo alcalde, sesi\u00f3n que no lleg\u00f3 a ser finalizada porque fue balaceada por un grupo vinculado a la familia Zepeda, como relatan los habitantes que vivieron la violencia.<\/p>\n\n\n\n<p>De ese diciembre de 2014 en adelante, se empez\u00f3 la fabricaci\u00f3n de delitos contra las y los habitantes que participaban de la Asamblea, una estrategia que hasta la fecha ha ocurrido.<\/p>\n\n\n\n<p>El calor de esa atm\u00f3sfera de criminalizaci\u00f3n alcanz\u00f3 uno de sus grados m\u00e1s altos el 10 de junio de este a\u00f1o, cuando la abogada Argelia Betanzos descubri\u00f3 la activaci\u00f3n de m\u00e1s de 200 \u00f3rdenes de aprehensi\u00f3n en contra de 56 personas de la comunidad.<\/p>\n\n\n\n<h3 class=\"wp-block-heading\" id=\"h-mision-de-observacion\"><strong>Misi\u00f3n de Observaci\u00f3n<\/strong><\/h3>\n\n\n\n<p>Tres barrios de Eloxochitl\u00e1n fueron la sede para esta primera Misi\u00f3n de Observaci\u00f3n que tom\u00f3 forma a partir de la recabaci\u00f3n de datos recogidos en entrevistas grabadas tanto individuales como colectivas, fotograf\u00eda, v\u00eddeo y en el caso del r\u00edo, muestras de laboratorio para medir la calidad del agua. De acuerdo con el&nbsp;<a href=\"https:\/\/avispa.org\/Downloads\/Comunicado_de_Prensa_Primera_Misio%CC%81n_de_Observacio%CC%81n_Civil_en_Eloxochitla%CC%81n.pdf\">bolet\u00edn oficial<\/a>&nbsp;sobre la Observaci\u00f3n, las entrevistas fueron dirigidas a \u201c30 personas de la comunidad de distintas localidades, entre las que se encontraron expresos pol\u00edticos, perseguidxs, familiares de personas criminalizadas y desplazadas, autoridades tradicionales y compa\u00f1eras organizadas\u201d.<\/p>\n\n\n\n<p>En los primeros resultados de esta Observaci\u00f3n, se pudo constatar la forma f\u00edsica en que se ha manifestado el ecocidio en el r\u00edo&nbsp;<em>Xang\u00e1 Nd\u00e1 Ge&nbsp;<\/em>a consecuencia de la extracci\u00f3n casi cotidiana de material p\u00e9treo para sostener el negocio del cacicazgo local.<\/p>\n\n\n\n<p>As\u00ed mismo se recabaron decenas de testimonios que constatan arbitrariedad en detenciones policiales arbitrarias, desplazamiento forzado, encarcelamiento injustificado ligado a las faltas y omisiones en los procesos jur\u00eddicos, los da\u00f1os a la integridad f\u00edsica, emocional y psicol\u00f3gica contra las v\u00edctimas debido al hostigamiento que han recibido, los impactos econ\u00f3micos en las familias por los gastos que implican los procesos judiciales, as\u00ed como las afectaciones en la vida personal de las v\u00edctimas debido a los cambios radicales a los que se han tenido que someter frente a la violencia sist\u00e9mica que envuelve a la comunidad.<\/p>\n\n\n\n<figure class=\"wp-block-image\"><a class=\"td-modal-image\" href=\"https:\/\/avispa.org\/wp-content\/uploads\/2025\/06\/MisionMazatca-Re-9.jpg\"><img decoding=\"async\" src=\"https:\/\/avispa.org\/wp-content\/uploads\/2025\/06\/MisionMazatca-Re-9-1024x682.jpg\" alt=\"\" class=\"wp-image-120116\"\/><\/a><figcaption class=\"wp-element-caption\"><em><sup>Fotos: Renata Bessi<\/sup><\/em><\/figcaption><\/figure>\n\n\n\n<p>Adem\u00e1s de analizar los temas legales, se confirm\u00f3 la necesidad de evaluar las violaciones a derechos humanos y al territorio desde una perspectiva multicultural pues se trata de una comunidad originaria donde la mayor\u00eda de sus habitantes son hablantes de su lengua, sostienen un fuerte v\u00ednculo con la tierra y su vida comunitaria se mantiene guiada por la pr\u00e1ctica de sus tradiciones y costumbres. Hechos que pudieron constatarse a partir de la intervenci\u00f3n y convivencia directa con personas del lugar.<\/p>\n\n\n\n<p>Ejemplo de lo anterior es que las y los observadores pudieron acercarse a la gastronom\u00eda local donde figuraron platillos como el mole amarillo de pollo, las trompadas que son una especie de tamales de frijol, el atole agrio, una mezcla de huevo con huazontles y caf\u00e9 cosechado por las mismas familias mazatecas. Comidas que las familias anfitrionas aportaron de manera gratuita a las y los observadores.<\/p>\n\n\n\n<p>Los tonos verdes que conforman la paleta de colores en las \u00e1reas naturales de esta comunidad, deslumbraron a la comitiva de observaci\u00f3n durante las traves\u00edas hacia los dos primeros barrios de trabajo. Admirar los cerros en la medida que las camionetas sub\u00edan los cerros, apreciar la diversidad de arboles y aves, sentir los caminos accidentados, oler la humedad que activa el olor terreo que a su vez impacta con su color rojizo, conocer los barrancos interrumpidos por la presencia de ganado y nuevamente la milpa, s\u00f3lo le brinda sentido a una cosa: la oposici\u00f3n de la resistencia mazateca a ceder al desplazamiento, a quebrarse ante el terror sist\u00e9mico, a doblegarse frente a la criminalizaci\u00f3n, porque ese territorio les pertenece, es parte de su vida y frente a la vida no queda m\u00e1s que defenderla.<\/p>\n\n\n\n<h3 class=\"wp-block-heading\" id=\"h-el-derecho-a-vivir-en-paz\"><em><strong>El derecho a vivir en paz<\/strong><\/em><\/h3>\n\n\n\n<p>La activaci\u00f3n de m\u00e1s de 200 \u00f3rdenes de aprehensi\u00f3n contra 56 comuneras y comuneros representan un sinf\u00edn de retrocesos en sus victorias legales obtenidas y un retorno al hecho de vivir en alerta al interior de la comunidad debido al vigilamiento y persecuci\u00f3n constante. Para las mujeres mazatecas, el volver a lidiar con nuevas ordenes de aprehensi\u00f3n es un infierno que no quieren revivir pues han sabido en carne propia lo que eso significa.<\/p>\n\n\n\n<p>Te puede interesar \u2013&nbsp;<a href=\"https:\/\/avispa.org\/mexico-justicia-de-oaxaca-instrumento-de-tortura-contra-los-presos-politicos-de-eloxochitlan\/\" target=\"_blank\" rel=\"noreferrer noopener\">M\u00e9xico: Justicia de Oaxaca, instrumento de tortura contra los presos pol\u00edticos de Eloxochitl\u00e1n<\/a><\/p>\n\n\n\n<p>Una de las 8 mujeres que se encuentran en la lista de 56 personas con \u00f3rdenes de aprehensi\u00f3n, comparti\u00f3 en entrevista para&nbsp;<em>Avispa M\u00eddia<\/em>: \u201cMe dec\u00edan mis hijos: \u2018enci\u00e9rrate mam\u00e1, no salgas\u2019. Pues s\u00ed te enferma mucho, ya no puedes dormir, ya no eres libre de salir a la calle a comprar tus cosas\u201d.<\/p>\n\n\n\n<h3 class=\"wp-block-heading\" id=\"h-nueva-mision\"><strong>Nueva misi\u00f3n<\/strong><\/h3>\n\n\n\n<p>En el bolet\u00edn oficial de la Misi\u00f3n las organizaciones hacen un llamado a una segunda misi\u00f3n que ya tiene el mes de realizaci\u00f3n definido, el noviembre de 2025. \u201cAnte la magnitud de las violencias y el dolor colectivo, hay tanto que documentar que resulta urgente que m\u00e1s medios y defensorxs se sumen a la labor de investigaci\u00f3n, documentaci\u00f3n y acompa\u00f1amiento, por lo cual, anunciamos la Segunda Misi\u00f3n de Observaci\u00f3n\u201d. Adem\u00e1s, un informe con los resultados de la Misi\u00f3n debe ser divulgado pr\u00f3ximamente.&nbsp;<\/p>\n","protected":false},"excerpt":{"rendered":"<p>Fuente: Avispa MidiaPor Roc\u00edo Heredia En portada: Integrantes de la misi\u00f3n de observaci\u00f3n en Eloxochitl\u00e1n acompa\u00f1an a mujeres del poblado mazateco. Foto: Renata Bessi. Se realiz\u00f3 del 20 al 22 de junio la&nbsp;Primera Misi\u00f3n de Observaci\u00f3n Civil en Eloxochitl\u00e1n de Flores Mag\u00f3n, comunidad de la Sierra Mazateca en Oaxaca, M\u00e9xico. N \u0301guixo&nbsp;es una palabra en [&hellip;]<\/p>\n","protected":false},"author":21,"featured_media":51074,"comment_status":"open","ping_status":"closed","sticky":false,"template":"","format":"standard","meta":{"footnotes":""},"categories":[957,51,826,958,954,961,962,935],"tags":[58,53,567,147,23,545,87,148,27,483],"class_list":["post-51073","post","type-post","status-publish","format-standard","has-post-thumbnail","hentry","category-autonomia","category-autor","category-medios-libres-2","category-megaproyectos","category-mexico","category-mujeres","category-presos","category-temas","tag-derechos-humanos","tag-justicia","tag-megaproyectos","tag-militarizacion","tag-paramilitares","tag-pueblos-indigenas","tag-represion","tag-resistencia","tag-solidaridad","tag-tierra-y-territorio"],"_links":{"self":[{"href":"https:\/\/radiozapatista.org\/index.php?rest_route=\/wp\/v2\/posts\/51073","targetHints":{"allow":["GET"]}}],"collection":[{"href":"https:\/\/radiozapatista.org\/index.php?rest_route=\/wp\/v2\/posts"}],"about":[{"href":"https:\/\/radiozapatista.org\/index.php?rest_route=\/wp\/v2\/types\/post"}],"author":[{"embeddable":true,"href":"https:\/\/radiozapatista.org\/index.php?rest_route=\/wp\/v2\/users\/21"}],"replies":[{"embeddable":true,"href":"https:\/\/radiozapatista.org\/index.php?rest_route=%2Fwp%2Fv2%2Fcomments&post=51073"}],"version-history":[{"count":2,"href":"https:\/\/radiozapatista.org\/index.php?rest_route=\/wp\/v2\/posts\/51073\/revisions"}],"predecessor-version":[{"id":51103,"href":"https:\/\/radiozapatista.org\/index.php?rest_route=\/wp\/v2\/posts\/51073\/revisions\/51103"}],"wp:featuredmedia":[{"embeddable":true,"href":"https:\/\/radiozapatista.org\/index.php?rest_route=\/wp\/v2\/media\/51074"}],"wp:attachment":[{"href":"https:\/\/radiozapatista.org\/index.php?rest_route=%2Fwp%2Fv2%2Fmedia&parent=51073"}],"wp:term":[{"taxonomy":"category","embeddable":true,"href":"https:\/\/radiozapatista.org\/index.php?rest_route=%2Fwp%2Fv2%2Fcategories&post=51073"},{"taxonomy":"post_tag","embeddable":true,"href":"https:\/\/radiozapatista.org\/index.php?rest_route=%2Fwp%2Fv2%2Ftags&post=51073"}],"curies":[{"name":"wp","href":"https:\/\/api.w.org\/{rel}","templated":true}]}}