{"id":51041,"date":"2025-06-10T16:48:03","date_gmt":"2025-06-10T22:48:03","guid":{"rendered":"https:\/\/radiozapatista.org\/?p=51041"},"modified":"2025-06-10T16:50:53","modified_gmt":"2025-06-10T22:50:53","slug":"denunciamos-con-mucha-indignacion-una-agresion-armada-en-contra-de-miembros-de-las-abejas-de-acteal-y-de-los-habitantes-de-la-comunidad-tzajalchen","status":"publish","type":"post","link":"https:\/\/radiozapatista.org\/?p=51041","title":{"rendered":"Denunciamos con mucha indignaci\u00f3n una agresi\u00f3n armada en contra de miembros de Las Abejas de Acteal y de los habitantes de la comunidad Tzajalch\u2019en"},"content":{"rendered":"\n<figure class=\"wp-block-image size-full\"><img loading=\"lazy\" decoding=\"async\" width=\"200\" height=\"150\" src=\"https:\/\/radiozapatista.org\/wp-content\/uploads\/2024\/03\/Blog-Acteal.jpg\" alt=\"\" class=\"wp-image-47678\"\/><\/figure>\n\n\n\n<p><strong>Organizaci\u00f3n Sociedad Civil Las Abejas de Acteal<\/strong><\/p>\n\n\n\n<p><strong><em>Tierra Sagrada de los M\u00e1rtires de Acteal<\/em><\/strong><\/p>\n\n\n\n<p>Acteal, Chenalh\u00f3, Chiapas, M\u00e9xico.<\/p>\n\n\n\n<p>10 de junio de 2025<\/p>\n\n\n\n<p>Al Congreso Nacional Ind\u00edgena<\/p>\n\n\n\n<p>Al Consejo Ind\u00edgena de Gobierno<\/p>\n\n\n\n<p>A la Comisi\u00f3n Interamericana de Derechos Humanos<\/p>\n\n\n\n<p>A las y los Defensores de los Derechos Humanos<\/p>\n\n\n\n<p>A los Medios Libres y Alternativos<\/p>\n\n\n\n<p>A los Medios de Comunicaci\u00f3n Nacional e Internacional<\/p>\n\n\n\n<p>A la Sociedad Civil Nacional e Internacional<\/p>\n\n\n\n<p><strong>Hermanas y hermanos:<\/strong><\/p>\n\n\n\n<p>Denunciamos con mucha indignaci\u00f3n una agresi\u00f3n armada en contra de miembros de Las Abejas de Acteal y de los habitantes de la comunidad Tzajalch\u2019en. Les recordamos que la actual comunidad de Tzajalch\u2019en, el pasado 30 de abril celebr\u00f3 sus 50 a\u00f1os de fundaci\u00f3n y que en los inicios del conflicto armado en 1994 se estableci\u00f3 como campamento Civil por la Paz. As\u00ed mismo, ha denunciado las diferentes omisiones del Estado por la inseguridad que se ha vivido de manera constante tanto en la comunidad como en la zona, por tal raz\u00f3n, en agosto del a\u00f1o 2024 la comunidad junto con nuestra organizaci\u00f3n Las Abejas de Acteal efectuaron una jornada de ayuno y oraci\u00f3n por la Paz y pedir un alto a la violencia.<\/p>\n\n\n\n<figure class=\"wp-block-image\"><a href=\"https:\/\/blogger.googleusercontent.com\/img\/a\/AVvXsEgrzVNw_FguT8743z04KREGPSihfBse6-kW8FF7-uBluwUsa10dJfNNPeWtcRowRxUxSyHBO3ARWutDZ4MvSQW1pLyWQUxzVuhesb75bL-ktvPvXhpqqytGxwdTK2MIr_bUMQaEqWWaR_e55qpKRfuau3PFa_mNDRV11W4iM7qJxxr4Z0Fk_1kTWk9LGGI\"><img decoding=\"async\" src=\"https:\/\/blogger.googleusercontent.com\/img\/a\/AVvXsEgrzVNw_FguT8743z04KREGPSihfBse6-kW8FF7-uBluwUsa10dJfNNPeWtcRowRxUxSyHBO3ARWutDZ4MvSQW1pLyWQUxzVuhesb75bL-ktvPvXhpqqytGxwdTK2MIr_bUMQaEqWWaR_e55qpKRfuau3PFa_mNDRV11W4iM7qJxxr4Z0Fk_1kTWk9LGGI=w400-h180\" alt=\"Pakales en Tzajalch'en\" title=\"Foto por \u00c1rea de Comunicaci\u00f3n Abejas\"\/><\/a><\/figure>\n\n\n\n<p>Como consecuencias de las iniciativas de paz y noviolencia refrendadas el pasado 30 de abril, tanto las familias integrantes de las Abejas de Acteal que viven en Tzajalch\u2019en como el resto de las familias, han comenzado a sufrir distintas amenazas, as\u00ed como de incriminaciones por parte de las autoridades estatales que a continuaci\u00f3n relatamos y denunciamos:<\/p>\n\n\n\n<ol style=\"list-style-type:lower-alpha\" class=\"wp-block-list\">\n<li>El d\u00eda 8 de junio del presente a\u00f1o, a las 6 de la tarde aproximadamente, hubo detonaciones de armas de fuego. Los disparos se efectuaron desde un monte que se ubica alrededor de 400 metros de la escuela e iglesia cat\u00f3lica de la comunidad. Las balas llegaron sobre el techo del domo de la cancha de basquetbol en donde se encontraban reunidas las autoridades de la comunidad. Al poco tiempo llegaron otras balas en el atrio de la iglesia cat\u00f3lica en donde estaban realizando una reuni\u00f3n nuestros compa\u00f1eros y compa\u00f1eras de Las Abejas de Acteal. En este sitio estaban algunos ni\u00f1os de las Abejas jugando. Afortunadamente nadie sali\u00f3 lastimado.<\/li>\n<\/ol>\n\n\n\n<ul class=\"wp-block-list\">\n<li>Minutos despu\u00e9s de los hechos, un grupo de personas armadas, llegaron a la comunidad Tzajalch\u2019en y se dirigieron al lugar de donde salieron los disparos.<\/li>\n<\/ul>\n\n\n\n<ul class=\"wp-block-list\">\n<li>Ante estos sucesos se dio aviso a las autoridades municipales y tiempo despu\u00e9s, la Guardia Nacional y el Ejercito mexicano tuvo presencia en la comunidad. Mientras se dirig\u00edan a otro lugar los habitantes de Tzajalch\u2019en escucharon disparos de armas.<\/li>\n<\/ul>\n\n\n\n<ul class=\"wp-block-list\">\n<li>A las 8 de la noche aproximadamente, las personas armadas llegaron cerca de la comunidad Tzajalch\u2019en que talaron algunos \u00e1rboles para bloquear el camino que conecta a las comunidades de Tzajalch\u2019en, Tzanembolom y Cruzton.<\/li>\n<\/ul>\n\n\n\n<ul class=\"wp-block-list\">\n<li>El d\u00eda 9 de junio, la Fiscal\u00eda Ind\u00edgena de los Altos de Chiapas a cargo del Lic. Lorenzo L\u00f3pez M\u00e9ndez y elementos de las Fuerzas de Reacci\u00f3n Inmediata Pakal (FRIP), llegaron a la comunidad Tzajalch\u2019en, seg\u00fan para dar seguridad e investigar lo ocurrido el d\u00eda 8 de junio. Solicit\u00f3 a las autoridades de la comunidad de Tzajalch\u2019en que los acompa\u00f1e a la comunidad de Tzanembolom para efectuar una inspecci\u00f3n. A petici\u00f3n de la autoridad comunitaria se incorpor\u00f3 un integrante de la organizaci\u00f3n de Las Abejas de Acteal para ser traductor del agente comunitario.<\/li>\n\n\n\n<li>Al volver a la comunidad Tzajalch\u2019en, aproximadamente a las 6 de la tarde, la autoridad comunitaria y el compa\u00f1ero integrante de Las Abejas, abordos de los veh\u00edculos oficiales les dijeron que los llevar\u00edan presos por secuestro.<\/li>\n\n\n\n<li>El supuesto secuestro al que se refer\u00edan los Pakales y el Fiscal se trata de la retenci\u00f3n de una se\u00f1ora, habitante de la comunidad de Tzajalch\u2019en que efectuaron las autoridades comunitarias d\u00edas antes de los hechos.<\/li>\n\n\n\n<li>La retenci\u00f3n de la se\u00f1ora se debe a que se descubri\u00f3 que se dedica a vender distintos tipos de droga que est\u00e1 afectando a la comunidad. Por esa raz\u00f3n, ella estaba en proceso de investigaci\u00f3n comunitaria para saber la procedencia de su mercanc\u00eda y tomar acciones para el cuidado comunitario. Se\u00f1alamos que la actuaci\u00f3n de las autoridades comunitarias y su asamblea es con base a los acuerdos comunitarios o sistemas normativos reconocidos en el art\u00edculo 2 de la Constituci\u00f3n.<\/li>\n\n\n\n<li>La Fiscal\u00eda y los Pakales, en vez de investigar y detener a las personas armadas o grupo armado responsable de los disparos del d\u00eda 8 de junio, retuvieron e incomunicaron por unas horas dentro de la camioneta oficial a un compa\u00f1ero de Las Abejas de Acteal junto con el agente rural municipal de dicha comunidad mientras los intimidaban y acusaban de secuestro. Aunque finalmente a la autoridad comunitaria y el compa\u00f1ero integrante de nuestra organizaci\u00f3n los dejaron libres.<\/li>\n<\/ul>\n\n\n\n<p>Ante los hechos ocurridos los d\u00edas 8 y 9 de junio del presente a\u00f1o denunciamos que son claros ejemplos de que la autoridad en vez de brindar seguridad a la poblaci\u00f3n, realmente buscan intimidar y meter miedo a quienes buscamos la paz y la justicia verdadera.<\/p>\n\n\n\n<p>Queremos recordar que nuestro compa\u00f1ero retenido, intimidado y acosado por las fuerzas de seguridad fue detenido en 1992 junto con otras cuatro personas por buscar justicia y oponerse a la violencia en esos a\u00f1os. La detenci\u00f3n que sufrieron en aquellos a\u00f1os fue de manera injusta por el ayuntamiento priista de Chenalh\u00f3 en complicidad con el entonces Gobernador de Chiapas Jos\u00e9 Patrocinio Gonz\u00e1lez Blanco y Garrido. Esos lamentables hechos dieron origen a nuestra organizaci\u00f3n Sociedad Civil Las Abejas de Acteal.<\/p>\n\n\n\n<p>Hoy, las mujeres, ni\u00f1as y ni\u00f1os, hombres, ancianas y ancianos de la comunidad Tzajalch\u2019en, sus vidas est\u00e1n bajo riesgo por las amenazas, la intimidaci\u00f3n y amenazas constantes y recientes de un grupo armado que opera y act\u00faa en la zona en total impunidad.<\/p>\n\n\n\n<p>Se\u00f1alamos que es vergonzoso lo que hacen tanto los gobiernos estatal como federal, que en vez de investigar y castigar a quienes realmente cometen la violencia en nuestras comunidades, cobijan a esos grupos y propician asesinatos y posibles masacres como lo hizo el mismo gobierno y el Ej\u00e9rcito Mexicano con la masacre de 45 hermanas y hermanos nuestros m\u00e1s los 4 beb\u00e9s no nacidos el 22 de diciembre de 1997 en la comunidad de Acteal.<\/p>\n\n\n\n<p>Ante esta triste realidad exigimos a los gobiernos estatal y federal y a sus fuerzas p\u00fablicas como los pakales que se desistan de intimidar y criminalizar a nuestras compa\u00f1eras y compa\u00f1eros de la comunidad Tzajalch\u2019en y hagan su trabajo desmantelando a los grupos armados que operan en la zona.<\/p>\n\n\n\n<p>Hermanas y hermanos de buena voluntad, defensoras y defensores de derechos humanos de M\u00e9xico y del mundo, no dejen morir a nuestros compa\u00f1eros de la comunidad Tzajalch\u2019en, que no sea asesinado cualquier hombre o mujer en todo Chenalh\u00f3. NO NOS DEJEN MORIR. No queremos m\u00e1s asesinatos, no queremos m\u00e1s m\u00e1rtires. Les pedimos su voz, su fuerza, su acompa\u00f1amiento y exijan a los gobiernos de Chiapas y de M\u00e9xico a actuar con justicia verdadera y no sigan protegiendo a los criminales como lo han hecho hasta ahora.<\/p>\n\n\n\n<p>Desde&nbsp;<strong>Acteal, Casa de la Memoria y la Esperanza.<\/strong><\/p>\n\n\n\n<p>Atentamente.<\/p>\n\n\n\n<p>La Voz de la Organizaci\u00f3n Sociedad Civil Las Abejas de Acteal.<\/p>\n\n\n\n<p>Por la Mesa Directiva:<\/p>\n\n\n\n<p>___________________&nbsp;&nbsp;&nbsp;&nbsp;&nbsp;&nbsp;&nbsp;&nbsp;&nbsp;&nbsp;&nbsp;&nbsp;&nbsp;&nbsp;&nbsp;&nbsp;&nbsp;&nbsp;&nbsp;&nbsp; ___________________________<\/p>\n\n\n\n<p>Victorio Santiz G\u00f3mez&nbsp;&nbsp;&nbsp;&nbsp;&nbsp;&nbsp;&nbsp;&nbsp;&nbsp;&nbsp;&nbsp;&nbsp;&nbsp;&nbsp;&nbsp;&nbsp;&nbsp;&nbsp; &nbsp;&nbsp;&nbsp;&nbsp;&nbsp;&nbsp;&nbsp; Juan Gabriel V\u00e1zquez V\u00e1zquez<\/p>\n\n\n\n<p>&nbsp;&nbsp;&nbsp;&nbsp;&nbsp;&nbsp;&nbsp;&nbsp;&nbsp;&nbsp;&nbsp;&nbsp;&nbsp;&nbsp;&nbsp;&nbsp;&nbsp;&nbsp;&nbsp; Presidente&nbsp;&nbsp;&nbsp;&nbsp;&nbsp;&nbsp;&nbsp;&nbsp;&nbsp;&nbsp;&nbsp;&nbsp;&nbsp;&nbsp;&nbsp;&nbsp;&nbsp;&nbsp;&nbsp;&nbsp;&nbsp;&nbsp;&nbsp;&nbsp;&nbsp;&nbsp;&nbsp;&nbsp; &nbsp;&nbsp;&nbsp;&nbsp;&nbsp;&nbsp;&nbsp;&nbsp;&nbsp; &nbsp;&nbsp;&nbsp;&nbsp;&nbsp;&nbsp;&nbsp;&nbsp;&nbsp;&nbsp;&nbsp;&nbsp;&nbsp;&nbsp;&nbsp;&nbsp;&nbsp;Secretario<\/p>\n\n\n\n<p>&nbsp;&nbsp;&nbsp;&nbsp;&nbsp;&nbsp;&nbsp;&nbsp;&nbsp;&nbsp;&nbsp;&nbsp;&nbsp;&nbsp;&nbsp;&nbsp; ___________________&nbsp;&nbsp;&nbsp;&nbsp;&nbsp;&nbsp;&nbsp;&nbsp;&nbsp;&nbsp;&nbsp;&nbsp;&nbsp;&nbsp; &nbsp;&nbsp;&nbsp;&nbsp;&nbsp;&nbsp;&nbsp;&nbsp;&nbsp;&nbsp;&nbsp;&nbsp;_________________<\/p>\n\n\n\n<p>Manuel G\u00f3mez Ruiz&nbsp;&nbsp;&nbsp;&nbsp;&nbsp;&nbsp;&nbsp;&nbsp;&nbsp;&nbsp;&nbsp;&nbsp;&nbsp;&nbsp;&nbsp;&nbsp;&nbsp;&nbsp;&nbsp;&nbsp;&nbsp;&nbsp;&nbsp;&nbsp;&nbsp;&nbsp;&nbsp;&nbsp;&nbsp;&nbsp;&nbsp;&nbsp; El\u00edas P\u00e9rez S\u00e1ntiz<\/p>\n\n\n\n<p>&nbsp;&nbsp;&nbsp;&nbsp; Tesorero&nbsp;&nbsp;&nbsp;&nbsp;&nbsp;&nbsp;&nbsp;&nbsp;&nbsp;&nbsp;&nbsp;&nbsp;&nbsp;&nbsp;&nbsp;&nbsp;&nbsp;&nbsp;&nbsp;&nbsp;&nbsp;&nbsp;&nbsp;&nbsp;&nbsp;&nbsp;&nbsp;&nbsp;&nbsp;&nbsp;&nbsp;&nbsp;&nbsp;&nbsp;&nbsp;&nbsp;&nbsp;&nbsp;&nbsp;&nbsp;&nbsp; &nbsp;&nbsp;&nbsp;&nbsp;&nbsp;Subsecretario<\/p>\n\n\n\n<figure class=\"wp-block-image\"><a href=\"https:\/\/blogger.googleusercontent.com\/img\/b\/R29vZ2xl\/AVvXsEifN2x9IQeOYzVkVgJByQv2RQ7Z6wU9Wq84h3Er0gPxuERH3-Oe9LhtwiiMxh5VBsnOV_sPLgA9lMuIFNg3bcMCLGcPjZTH2E-lQ-qrdiviXgi_xqBF3axWI8lyhHcnCR9m9RD5fjzWNY0yp54MftxAxW58MHgIPEm20SrBYbQ-Wi4-rVQskjchZ66rESQ\/s1280\/WhatsApp%20Image%202025-06-10%20at%203.38.17%20PM%20(2).jpeg\"><img decoding=\"async\" src=\"https:\/\/blogger.googleusercontent.com\/img\/b\/R29vZ2xl\/AVvXsEifN2x9IQeOYzVkVgJByQv2RQ7Z6wU9Wq84h3Er0gPxuERH3-Oe9LhtwiiMxh5VBsnOV_sPLgA9lMuIFNg3bcMCLGcPjZTH2E-lQ-qrdiviXgi_xqBF3axWI8lyhHcnCR9m9RD5fjzWNY0yp54MftxAxW58MHgIPEm20SrBYbQ-Wi4-rVQskjchZ66rESQ\/w300-h400\/WhatsApp%20Image%202025-06-10%20at%203.38.17%20PM%20(2).jpeg\" alt=\"\"\/><\/a><\/figure>\n\n\n\n<figure class=\"wp-block-image\"><a href=\"https:\/\/blogger.googleusercontent.com\/img\/b\/R29vZ2xl\/AVvXsEg2sL9DThIsnpY_FD7ZMzOhQUyWWR52pXAkFf-3Xj2HbV_JuSb80EY68v5mHXDITdQc7jSl3DaCZAK8feEEEZV4PyNM1BNjeH5z4PD6gfuOmXn_0AeXrctYEy6f42RQssTgCQ-orxrRI-ks_qs3T-4UnP7r3SGstlUDgxzVfDyKB3NGGHMXNgVQF2FfeUc\/s1280\/WhatsApp%20Image%202025-06-10%20at%203.38.17%20PM%20(1).jpeg\"><img decoding=\"async\" src=\"https:\/\/blogger.googleusercontent.com\/img\/b\/R29vZ2xl\/AVvXsEg2sL9DThIsnpY_FD7ZMzOhQUyWWR52pXAkFf-3Xj2HbV_JuSb80EY68v5mHXDITdQc7jSl3DaCZAK8feEEEZV4PyNM1BNjeH5z4PD6gfuOmXn_0AeXrctYEy6f42RQssTgCQ-orxrRI-ks_qs3T-4UnP7r3SGstlUDgxzVfDyKB3NGGHMXNgVQF2FfeUc\/w300-h400\/WhatsApp%20Image%202025-06-10%20at%203.38.17%20PM%20(1).jpeg\" alt=\"\"\/><\/a><\/figure>\n\n\n\n<figure class=\"wp-block-image\"><a href=\"https:\/\/blogger.googleusercontent.com\/img\/b\/R29vZ2xl\/AVvXsEiD1yJmLEzVqaPLb-Lignt2L8woTYq1DRXP1W-maBalnC6ZOHcrb1fUbmb_MCsJSd56cyEzWg320MZ88wUiLqr-x66ZeeCBkthcgDGurVMj73cX2wc6M2Yz0YqXVsPwVJQt_zc_rlu2PLRZ5x_EOiCVV37LXWGqBCiYrLurCSbNm_pauimTFoqGhrU40I4\/s1280\/WhatsApp%20Image%202025-06-10%20at%203.38.17%20PM.jpeg\"><img decoding=\"async\" src=\"https:\/\/blogger.googleusercontent.com\/img\/b\/R29vZ2xl\/AVvXsEiD1yJmLEzVqaPLb-Lignt2L8woTYq1DRXP1W-maBalnC6ZOHcrb1fUbmb_MCsJSd56cyEzWg320MZ88wUiLqr-x66ZeeCBkthcgDGurVMj73cX2wc6M2Yz0YqXVsPwVJQt_zc_rlu2PLRZ5x_EOiCVV37LXWGqBCiYrLurCSbNm_pauimTFoqGhrU40I4\/w300-h400\/WhatsApp%20Image%202025-06-10%20at%203.38.17%20PM.jpeg\" alt=\"\"\/><\/a><\/figure>\n","protected":false},"excerpt":{"rendered":"<p>Organizaci\u00f3n Sociedad Civil Las Abejas de Acteal Tierra Sagrada de los M\u00e1rtires de Acteal Acteal, Chenalh\u00f3, Chiapas, M\u00e9xico. 10 de junio de 2025 Al Congreso Nacional Ind\u00edgena Al Consejo Ind\u00edgena de Gobierno A la Comisi\u00f3n Interamericana de Derechos Humanos A las y los Defensores de los Derechos Humanos A los Medios Libres y Alternativos A [&hellip;]<\/p>\n","protected":false},"author":21,"featured_media":51042,"comment_status":"open","ping_status":"closed","sticky":false,"template":"","format":"standard","meta":{"footnotes":""},"categories":[957,51,6,826,958,954,935],"tags":[100,58,53,106,567,23,545,87,27,483],"class_list":["post-51041","post","type-post","status-publish","format-standard","has-post-thumbnail","hentry","category-autonomia","category-autor","category-chiapas","category-medios-libres-2","category-megaproyectos","category-mexico","category-temas","tag-acteal","tag-derechos-humanos","tag-justicia","tag-las-abejas-de-acteal","tag-megaproyectos","tag-paramilitares","tag-pueblos-indigenas","tag-represion","tag-solidaridad","tag-tierra-y-territorio"],"_links":{"self":[{"href":"https:\/\/radiozapatista.org\/index.php?rest_route=\/wp\/v2\/posts\/51041","targetHints":{"allow":["GET"]}}],"collection":[{"href":"https:\/\/radiozapatista.org\/index.php?rest_route=\/wp\/v2\/posts"}],"about":[{"href":"https:\/\/radiozapatista.org\/index.php?rest_route=\/wp\/v2\/types\/post"}],"author":[{"embeddable":true,"href":"https:\/\/radiozapatista.org\/index.php?rest_route=\/wp\/v2\/users\/21"}],"replies":[{"embeddable":true,"href":"https:\/\/radiozapatista.org\/index.php?rest_route=%2Fwp%2Fv2%2Fcomments&post=51041"}],"version-history":[{"count":2,"href":"https:\/\/radiozapatista.org\/index.php?rest_route=\/wp\/v2\/posts\/51041\/revisions"}],"predecessor-version":[{"id":51045,"href":"https:\/\/radiozapatista.org\/index.php?rest_route=\/wp\/v2\/posts\/51041\/revisions\/51045"}],"wp:featuredmedia":[{"embeddable":true,"href":"https:\/\/radiozapatista.org\/index.php?rest_route=\/wp\/v2\/media\/51042"}],"wp:attachment":[{"href":"https:\/\/radiozapatista.org\/index.php?rest_route=%2Fwp%2Fv2%2Fmedia&parent=51041"}],"wp:term":[{"taxonomy":"category","embeddable":true,"href":"https:\/\/radiozapatista.org\/index.php?rest_route=%2Fwp%2Fv2%2Fcategories&post=51041"},{"taxonomy":"post_tag","embeddable":true,"href":"https:\/\/radiozapatista.org\/index.php?rest_route=%2Fwp%2Fv2%2Ftags&post=51041"}],"curies":[{"name":"wp","href":"https:\/\/api.w.org\/{rel}","templated":true}]}}