{"id":51031,"date":"2025-06-06T20:44:17","date_gmt":"2025-06-07T02:44:17","guid":{"rendered":"https:\/\/radiozapatista.org\/?p=51031"},"modified":"2025-06-06T20:47:21","modified_gmt":"2025-06-07T02:47:21","slug":"se-cumple-un-ano-del-encarcelamiento-de-la-ambientalista-maria-cruz-paz-comunidades-exigen-su-liberacion-csim","status":"publish","type":"post","link":"https:\/\/radiozapatista.org\/?p=51031","title":{"rendered":"Se cumple un a\u00f1o del encarcelamiento de la ambientalista Mar\u00eda Cruz Paz, comunidades exigen su liberaci\u00f3n #CSIM\u00a0"},"content":{"rendered":"\n<p>LIBERTAD PARA LA AMBIENTALISTA Y DEFENSORA DE LOS BOSQUES: MAR\u00cdA CRUZ PAZ ZAMORA<\/p>\n\n\n\n<p>A LA FISCAL\u00cdA GENERAL DEL ESTADO DE MICHOAC\u00c1N<\/p>\n\n\n\n<p>A LA FISCAL\u00cdA GENERAL DE LA REP\u00daBLICA<\/p>\n\n\n\n<p>AL PODER JUDICIAL DEL ESTADO<\/p>\n\n\n\n<p>A LOS MEDIOS DE COMUNICACI\u00d3N<\/p>\n\n\n\n<p>A LOS PUEBLOS ORIGINARIOS<\/p>\n\n\n\n<p>AL PUEBLO DE MICHOAC\u00c1N<\/p>\n\n\n\n<p>AL ESTADO MEXICANO<\/p>\n\n\n\n<p>Comunidades ind\u00edgenas de Michoac\u00e1n a 6 de junio de 2025.<\/p>\n\n\n\n<p>El d\u00eda 5 de junio del 2024, fue detenida arbitrariamente por la Fiscal\u00eda General de Michoac\u00e1n #FGEMich, la compa\u00f1era Mar\u00eda Cruz Paz Zamora, delegada del Congreso Nacional Ind\u00edgena #CNI, integrante del Consejo Supremo Ind\u00edgena de Michoac\u00e1n #CSIM, Consejera del primer Gobierno Comunal de Ocumicho y defensora de los bosques, la cultura p\u2019urh\u00e9pecha y la vida.<\/p>\n\n\n\n<p>Su detenci\u00f3n, parad\u00f3jicamente s\u00e9 dio durante el #D\u00edaMundialdelMedioAmbiente, en nuestro estado, defender los bosques, te cuesta la vida o la libertad, en este contexto, Mar\u00eda Cruz fue acusada falsamente de realizar un delito que no cometi\u00f3 con el objetivo de crear un chivo expiatorio, por lo que sostenemos que el Estado mexicano, lejos de los discursos oficiales, contin\u00faa reprimiendo y criminalizando a quienes verdaderamente defienden el territorio comunal, los bosques y la madre tierra.<\/p>\n\n\n\n<p>Durante los \u00faltimos a\u00f1os, la compa\u00f1era Paz Zamora, como consejera de ecolog\u00eda y medio ambiente de Ocumicho, impuls\u00f3 la reforestaci\u00f3n masiva en su comunidad, cre\u00f3 brigadas para combatir los incendios forestales, defendi\u00f3 los bosques de los talamontes y el crimen organizado y luch\u00f3 en contra de los monocultivos de aguacate, su lucha constante, ha sido por la vida.<\/p>\n\n\n\n<p>La criminalizaci\u00f3n de esta guardiana de los bosques, solo se entiende comprendiendo la historia y el contexto de la comunidad de #Ocumicho, pueblo en resistencia que defiende su territorio ancestral, que en los \u00faltimos cinco a\u00f1os ha venido sufriendo una serie de agresiones y actos violentos, el 31 de mayo de 2020, hombres armados asesinaron al Secretario de Bienes Comunales Prudencio Ortiz Alonso, en un ataque que tambi\u00e9n dej\u00f3 herido al Representante de Bienes Comunales, el 28 de abril de 2022, el Coordinador del Consejo de Gobierno Comunal Esteban Cruz Rosas, fue desaparecido, pero gracias a la movilizaci\u00f3n oportuna, fue localizado con vida, el 11 de noviembre del 2022, la comunidad fue atacada por un comando armado y el 10 de diciembre del mismo a\u00f1o, fue asesinado Pedro Pascual Cruz, Coordinador de la Ronda Comunal, todos estos casos han sido denunciados en tiempo y forma en la Fiscal\u00eda de Michoac\u00e1n, sin embargo, en esta instituci\u00f3n impera la paradoja de la impunidad, los culpables libres y los inocentes encarcelados.<\/p>\n\n\n\n<p>Por ello, a un a\u00f1o de la injusta detenci\u00f3n de la compa\u00f1era Mar\u00eda Cruz, exigimos su libertad, toda vez que es una presa pol\u00edtica de los pueblos originarios y convocamos atenta y respetuosamente a las comunidades ind\u00edgenas, as\u00ed como a las organizaciones sociales, estudiantiles y sindicales, a estar atentas y si as\u00ed lo deciden, a acompa\u00f1ar las movilizaciones generales que convocaremos hasta lograr su liberaci\u00f3n.<\/p>\n\n\n\n<p><strong>CONSEJO SUPREMO IND\u00cdGENA DE MICHOAC\u00c1N #CSIM&nbsp;<\/strong><\/p>\n\n\n\n<p><\/p>\n","protected":false},"excerpt":{"rendered":"<p>LIBERTAD PARA LA AMBIENTALISTA Y DEFENSORA DE LOS BOSQUES: MAR\u00cdA CRUZ PAZ ZAMORA A LA FISCAL\u00cdA GENERAL DEL ESTADO DE MICHOAC\u00c1N A LA FISCAL\u00cdA GENERAL DE LA REP\u00daBLICA AL PODER JUDICIAL DEL ESTADO A LOS MEDIOS DE COMUNICACI\u00d3N A LOS PUEBLOS ORIGINARIOS AL PUEBLO DE MICHOAC\u00c1N AL ESTADO MEXICANO Comunidades ind\u00edgenas de Michoac\u00e1n a 6 [&hellip;]<\/p>\n","protected":false},"author":21,"featured_media":51034,"comment_status":"open","ping_status":"closed","sticky":false,"template":"","format":"standard","meta":{"footnotes":""},"categories":[957,51,826,958,954,961,962,935],"tags":[58,53,567,147,545,87,148,27,483],"class_list":["post-51031","post","type-post","status-publish","format-standard","has-post-thumbnail","hentry","category-autonomia","category-autor","category-medios-libres-2","category-megaproyectos","category-mexico","category-mujeres","category-presos","category-temas","tag-derechos-humanos","tag-justicia","tag-megaproyectos","tag-militarizacion","tag-pueblos-indigenas","tag-represion","tag-resistencia","tag-solidaridad","tag-tierra-y-territorio"],"_links":{"self":[{"href":"https:\/\/radiozapatista.org\/index.php?rest_route=\/wp\/v2\/posts\/51031","targetHints":{"allow":["GET"]}}],"collection":[{"href":"https:\/\/radiozapatista.org\/index.php?rest_route=\/wp\/v2\/posts"}],"about":[{"href":"https:\/\/radiozapatista.org\/index.php?rest_route=\/wp\/v2\/types\/post"}],"author":[{"embeddable":true,"href":"https:\/\/radiozapatista.org\/index.php?rest_route=\/wp\/v2\/users\/21"}],"replies":[{"embeddable":true,"href":"https:\/\/radiozapatista.org\/index.php?rest_route=%2Fwp%2Fv2%2Fcomments&post=51031"}],"version-history":[{"count":1,"href":"https:\/\/radiozapatista.org\/index.php?rest_route=\/wp\/v2\/posts\/51031\/revisions"}],"predecessor-version":[{"id":51033,"href":"https:\/\/radiozapatista.org\/index.php?rest_route=\/wp\/v2\/posts\/51031\/revisions\/51033"}],"wp:featuredmedia":[{"embeddable":true,"href":"https:\/\/radiozapatista.org\/index.php?rest_route=\/wp\/v2\/media\/51034"}],"wp:attachment":[{"href":"https:\/\/radiozapatista.org\/index.php?rest_route=%2Fwp%2Fv2%2Fmedia&parent=51031"}],"wp:term":[{"taxonomy":"category","embeddable":true,"href":"https:\/\/radiozapatista.org\/index.php?rest_route=%2Fwp%2Fv2%2Fcategories&post=51031"},{"taxonomy":"post_tag","embeddable":true,"href":"https:\/\/radiozapatista.org\/index.php?rest_route=%2Fwp%2Fv2%2Ftags&post=51031"}],"curies":[{"name":"wp","href":"https:\/\/api.w.org\/{rel}","templated":true}]}}