{"id":51028,"date":"2025-06-05T20:58:40","date_gmt":"2025-06-06T02:58:40","guid":{"rendered":"https:\/\/radiozapatista.org\/?p=51028"},"modified":"2025-06-05T20:58:41","modified_gmt":"2025-06-06T02:58:41","slug":"denunciamos-tortura-y-agresiones-sexuales-en-contra-de-integrantes-de-la-comunidad-indigena-nhonho-otomi-de-santiago-mexquititlan-queretaro","status":"publish","type":"post","link":"https:\/\/radiozapatista.org\/?p=51028","title":{"rendered":"Denunciamos tortura y agresiones sexuales en contra de integrantes de la comunidad ind\u00edgena \u00f1h\u00f6\u00f1h\u00f6 (Otom\u00ed) de Santiago Mexquititl\u00e1n, Quer\u00e9taro"},"content":{"rendered":"\n<p><strong>DENUNCIAMOS TORTURA Y AGRESIONES SEXUALES<br><\/strong><strong>EN CONTRA DE INTEGRANTES DE LA COMUNIDAD IND\u00cdGENA \u00d1H\u00d6\u00d1H\u00d6 (OTOM\u00cd)<br>DE SANTIAGO MEXQUITITL\u00c1N, QUER\u00c9TARO.<\/strong><\/p>\n\n\n\n<p>A nuestras hermanas y hermanos del pueblo \u00f1h\u00f6\u00f1h\u00f6 (otom\u00ed) de Santiago Mexquititl\u00e1n, Quer\u00e9taro:<br>Al Concejo Ind\u00edgena de Gobierno de Santiago Mexquititl\u00e1n:<\/p>\n\n\n\n<p>A los pueblos de M\u00e9xico y del mundo,<br>A los organismos y colectivos defensores de derechos humanos,<br>A las Redes de Resistencia y Rebeld\u00eda,<br>A la Sexta Nacional e Internacional,<br>A l@s firmantes de Una Declaraci\u00f3n por la Vida en los cinco continentes,<br>A la Europa Insumisa, Digna y Rebelde.<\/p>\n\n\n\n<p>El Congreso Nacional Ind\u00edgena y el Ej\u00e9rcito Zapatista de Liberaci\u00f3n Nacional repudiamos la violencia policiaca con la que fueron arrestados y torturados nuestros hermanos \u00f1h\u00f6\u00f1h\u00f6 Estela Hern\u00e1ndez, Sergio Ch\u00e1vez, Jes\u00fas Torres, Leonardo Garc\u00eda y Mart\u00edn \u00c1lvarez y dos personas m\u00e1s cuya identidad no hemos podido establecer; en cuyos cuerpos se concentraron el odio y el racismo que caracterizan al gobierno de Mauricio Kuri en Quer\u00e9taro, as\u00ed como se concentran en nuestra Madre Tierra y en los pueblos originarios el despojo y la destrucci\u00f3n que nacen del estado mexicano y sus instituciones.<\/p>\n\n\n\n<p>El d\u00eda de ayer, mi\u00e9rcoles 4 de junio, en la comunidad de Santiago Mexquititl\u00e1n, municipio de Amealco, Quer\u00e9taro, la Polic\u00eda Estatal de Quer\u00e9taro (POES),realiz\u00f3 una redada totalmente ilegal. en la cual realiz\u00f3 la detenci\u00f3n arbitraria de 6 personas, la mayor\u00eda j\u00f3venes, sin haber cometido delito alguno.<\/p>\n\n\n\n<p>Ante este abuso de autoridad, la compa\u00f1era Estela Hern\u00e1ndez, miembro del Concejo Ind\u00edgena de Gobierno de Santiago Mexquititl\u00e1n, delegada del Congreso Nacional Ind\u00edgena e integrante de la Asamblea Nacional por el Agua y la Vida se traslad\u00f3 al DIF municipal, lugar a donde los detenidos fueron trasladados. Al preguntar por el motivo de la detenci\u00f3n y por la integridad f\u00edsica de los compa\u00f1eros detenidos, un grupo de al menos 10 polic\u00edas detuvo y agredi\u00f3 f\u00edsica y sexualmente a la compa\u00f1era. Adem\u00e1s de los golpes, le expresaron violentamente que \u201cya estaban hartos de ella\u201d, lo cual evidencia que el ataque tiene claras intenciones de amedrentar el trabajo de defensa del territorio y de los derechos humanos que nuestra compa\u00f1era realiza.<\/p>\n\n\n\n<p>&nbsp;Casi 5 horas despu\u00e9s, todos los compa\u00f1eros fueron liberados gracias a la acci\u00f3n del pueblo y a la solidaridad de organizaciones, colectivos y personas que mostraron su indignaci\u00f3n y exigieron su libertad inmediata.<\/p>\n\n\n\n<p>El Concejo Aut\u00f3nomo de Santiago Mexquititl\u00e1n ha sido reprimido y agredido sistem\u00e1ticamente por evitar la privatizaci\u00f3n del agua en Quer\u00e9taro, por frenar la devastaci\u00f3n de su territorio y por no someterse a los proyectos coloniales de muerte. Hoy nuevamente es agredido con el sello del desprecio, unas horas despu\u00e9s de haber anunciado su asamblea comunitaria en defensa del agua para el s\u00e1bado 14 de junio, lo que parece incomodar a quienes desde el poder act\u00faan como criminales.<\/p>\n\n\n\n<p>\u00bfPor qu\u00e9 detuvieron a la compa\u00f1era Estela y a los dem\u00e1s compa\u00f1eros de Santiago Mexquititl\u00e1n? Porque en Quer\u00e9taro el racismo es el protocolo policiaco por excelencia. Porque el mal gobierno s\u00f3lo conoce desprecio hacia los pueblos originarios. Porque al mal gobierno s\u00f3lo le gustan los ind\u00edgenas sumisos y funcionales a sus cr\u00edmenes, no los que luchan por la vida. Porque para el mal gobierno la dignidad es peligrosa.<\/p>\n\n\n\n<p>Para los j\u00f3venes la c\u00e1rcel y levantones, para las mujeres ind\u00edgenas que defienden su territorio y construyen autonom\u00eda en sus comunidades los golpes y la tortura f\u00edsica y sexual. Vivir en comunidades ind\u00edgenas, trabajar honestamente, documentar violaciones a los derechos humanos, defender al territorio y levantar la voz son delitos para el estado.<\/p>\n\n\n\n<p>La presencia del ej\u00e9rcito en la manifestaci\u00f3n pac\u00edfica que pobladores de Santiago Mexquititl\u00e1n y comunidades aleda\u00f1as realizaron en las inmediaciones del DIF de Amealco, Quer\u00e9taro, para exigir la libertad de nuestros compa\u00f1eros, es una muestra m\u00e1s de la guerra generalizada que se vive en el pa\u00eds, la muestra de que las fuerzas armadas est\u00e1n para callar al pueblo organizado en defensa de la vida y la libertad. Es esta la verdadera cara de la cuarta transformaci\u00f3n, la que exhibi\u00f3 hace unas semanas al secuestrar y detener arbitrariamente a nuestros compa\u00f1eros Baldemar S\u00e1ntiz S\u00e1ntiz y Andr\u00e9s Manuel S\u00e1ntiz G\u00f3mez en la comunidad tzotzil de Cotzilnam, municipio de Aldama, Chiapas.<\/p>\n\n\n\n<p>Exigimos un alto total a la violencia racista y de g\u00e9nero por parte del Estado, a la guerra de exterminio desatada contra los pueblos de M\u00e9xico; llamamos a los pueblos de M\u00e9xico y del mundo, a los organismos y colectivos defensores de derechos humanos, a las Redes de Resistencia y Rebeld\u00eda, a la Sexta Nacional e Internacional, a l@s firmantes de Una Declaraci\u00f3n por la Vida en los cinco continentes y a la Europa Insumisa, Digna y Rebelde, a estar alertas y organizados en contra de esta guerra y de estas acciones represivas dirigidas hacia los pueblos originarios que en M\u00e9xico y el mundo entero resisten la tormenta capitalista.<\/p>\n\n\n\n<p>Esta violencia se da en un momento en que la llamada \u201c4T\u201d festina a un ministro supuestamente ind\u00edgena y presume el respeto a los derechos de los originarios.&nbsp; Ese se\u00f1or, junto con su c\u00f3mplice Adelfo, es otro \u201cind\u00edgena\u201d de maniqu\u00ed en el aparador de la 4T, parte de la escenograf\u00eda de cart\u00f3n piedra que la nueva comedia de \u201cLa Se\u00f1ora Presidenta\u201d presenta all\u00e1 arriba para su propio consumo.&nbsp; Sin importar el color pol\u00edtico, all\u00e1 arriba es el mismo PRI de siempre.&nbsp; El cambio es que pasaron de lo obsceno a lo francamente pornogr\u00e1fico, como sus chats de redes sociales.&nbsp; La compa\u00f1era Estela es quien, hace a\u00f1os, acu\u00f1\u00f3 la frase de \u201chasta que la dignidad se haga costumbre\u201d, pero en los malos gobiernos la costumbre sigue siendo la hipocres\u00eda.<\/p>\n\n\n\n<p>Seguir\u00e1 siendo la fuerza de los pueblos la que arranque la libertad de nuestros hermanos y hermanas, la que sostenga la dignidad ante esta guerra de exterminio. Abrazamos a nuestros hermanos \u00f1h\u00f6\u00f1h\u00f6 que luchan y resisten incansablemente por el agua, la vida y la libertad.<\/p>\n\n\n\n<p>ATENTAMENTE<br>JUNIO DE 2025<\/p>\n\n\n\n<p>POR LA RECONSTITUCI\u00d3N INTEGRAL DE NUESTROS PUEBLOS<br>NUNCA M\u00c1S UN M\u00c9XICO SIN NOSOTROS<\/p>\n\n\n\n<p>CONGRESO NACIONAL IND\u00cdGENA<br>EJ\u00c9RCITO ZAPATISTA DE LIBERACI\u00d3N NACIONAL<\/p>\n\n\n\n<p><\/p>\n","protected":false},"excerpt":{"rendered":"<p>DENUNCIAMOS TORTURA Y AGRESIONES SEXUALESEN CONTRA DE INTEGRANTES DE LA COMUNIDAD IND\u00cdGENA \u00d1H\u00d6\u00d1H\u00d6 (OTOM\u00cd)DE SANTIAGO MEXQUITITL\u00c1N, QUER\u00c9TARO. A nuestras hermanas y hermanos del pueblo \u00f1h\u00f6\u00f1h\u00f6 (otom\u00ed) de Santiago Mexquititl\u00e1n, Quer\u00e9taro:Al Concejo Ind\u00edgena de Gobierno de Santiago Mexquititl\u00e1n: A los pueblos de M\u00e9xico y del mundo,A los organismos y colectivos defensores de derechos humanos,A las Redes [&hellip;]<\/p>\n","protected":false},"author":21,"featured_media":51029,"comment_status":"open","ping_status":"closed","sticky":false,"template":"","format":"standard","meta":{"footnotes":""},"categories":[957,51,1024,943,118,955,961,962,935],"tags":[63,58,926,53,567,147,545,87,148,27,483],"class_list":["post-51028","post","type-post","status-publish","format-standard","has-post-thumbnail","hentry","category-autonomia","category-autor","category-cni-temas","category-cni","category-ezln","category-ezln-temas","category-mujeres","category-presos","category-temas","tag-cni","tag-derechos-humanos","tag-ezln","tag-justicia","tag-megaproyectos","tag-militarizacion","tag-pueblos-indigenas","tag-represion","tag-resistencia","tag-solidaridad","tag-tierra-y-territorio"],"_links":{"self":[{"href":"https:\/\/radiozapatista.org\/index.php?rest_route=\/wp\/v2\/posts\/51028","targetHints":{"allow":["GET"]}}],"collection":[{"href":"https:\/\/radiozapatista.org\/index.php?rest_route=\/wp\/v2\/posts"}],"about":[{"href":"https:\/\/radiozapatista.org\/index.php?rest_route=\/wp\/v2\/types\/post"}],"author":[{"embeddable":true,"href":"https:\/\/radiozapatista.org\/index.php?rest_route=\/wp\/v2\/users\/21"}],"replies":[{"embeddable":true,"href":"https:\/\/radiozapatista.org\/index.php?rest_route=%2Fwp%2Fv2%2Fcomments&post=51028"}],"version-history":[{"count":1,"href":"https:\/\/radiozapatista.org\/index.php?rest_route=\/wp\/v2\/posts\/51028\/revisions"}],"predecessor-version":[{"id":51030,"href":"https:\/\/radiozapatista.org\/index.php?rest_route=\/wp\/v2\/posts\/51028\/revisions\/51030"}],"wp:featuredmedia":[{"embeddable":true,"href":"https:\/\/radiozapatista.org\/index.php?rest_route=\/wp\/v2\/media\/51029"}],"wp:attachment":[{"href":"https:\/\/radiozapatista.org\/index.php?rest_route=%2Fwp%2Fv2%2Fmedia&parent=51028"}],"wp:term":[{"taxonomy":"category","embeddable":true,"href":"https:\/\/radiozapatista.org\/index.php?rest_route=%2Fwp%2Fv2%2Fcategories&post=51028"},{"taxonomy":"post_tag","embeddable":true,"href":"https:\/\/radiozapatista.org\/index.php?rest_route=%2Fwp%2Fv2%2Ftags&post=51028"}],"curies":[{"name":"wp","href":"https:\/\/api.w.org\/{rel}","templated":true}]}}