{"id":51014,"date":"2025-06-03T19:17:02","date_gmt":"2025-06-04T01:17:02","guid":{"rendered":"https:\/\/radiozapatista.org\/?p=51014"},"modified":"2025-06-03T19:17:05","modified_gmt":"2025-06-04T01:17:05","slug":"amazonia-impacto-de-mineria-ilegal-crece-entre-fronteras-y-concesiones-formales","status":"publish","type":"post","link":"https:\/\/radiozapatista.org\/?p=51014","title":{"rendered":"Amazon\u00eda: impacto de miner\u00eda ilegal crece entre fronteras y concesiones formales"},"content":{"rendered":"\n<p>Fuente: <a href=\"https:\/\/avispa.org\/amazonia-impacto-de-mineria-ilegal-crece-entre-fronteras-y-concesiones-formales\/\">Avispa Midia<\/a><\/p>\n\n\n\n<p>Por Javier Bed\u00eda Prado<\/p>\n\n\n\n<p><em><sup>En portada: Mineros trabajan en un punto de extracci\u00f3n de oro ilegal en Itaituba, estado de Par\u00e1,en la Amazonia brasile\u00f1a. Foto: Lucas Landau<\/sup><\/em><\/p>\n\n\n\n<p>La deforestaci\u00f3n de bosques primarios y la contaminaci\u00f3n de r\u00edos por miner\u00eda ilegal de oro se expande en la Amazon\u00eda, en zonas de frontera de Ecuador, Colombia, Brasil y el Per\u00fa. A la vez, se registra una correlaci\u00f3n entre la actividad formal e informal en territorios transfronterizos.<\/p>\n\n\n\n<p>En el noroeste de la Amazon\u00eda, crece la contaminaci\u00f3n de r\u00edos por la miner\u00eda aur\u00edfera de aluvi\u00f3n en la triple frontera entre Colombia, Brasil y el Per\u00fa, advierte un estudio del Programa de Monitoreo de la Amazon\u00eda Andina (MAAP).<\/p>\n\n\n\n<p>El impacto grave se registra en las cuencas del Pur\u00e9, Cotuh\u00e9, Caquet\u00e1, Amazonas, Apaporis y Putumayo, en territorio colombiano; en los r\u00edos Napo, Curaray, Putumayo, Yaguas, Nanay y Maz\u00e1n, en el Per\u00fa; y en el Puru\u00ed y Japur\u00e1, en suelo brasile\u00f1o.<\/p>\n\n\n\n<p>Esta actividad minera no causa deforestaci\u00f3n, pero da\u00f1a directamente los caudales y la biodiversidad al emplear dragas y mercurio. La contaminaci\u00f3n por este mineral se propaga en los alimentos y pone en peligro la salud de las poblaciones amaz\u00f3nicas.<\/p>\n\n\n\n<figure class=\"wp-block-image\"><a class=\"td-modal-image\" href=\"https:\/\/avispa.org\/wp-content\/uploads\/2025\/06\/En-Colombia-la-zona-mas-afectada-por-el-mercurio-es-la-cuenca-del-rio-Caqueta.-Foto-RadiomacondoFM.jpg\"><img decoding=\"async\" src=\"https:\/\/avispa.org\/wp-content\/uploads\/2025\/06\/En-Colombia-la-zona-mas-afectada-por-el-mercurio-es-la-cuenca-del-rio-Caqueta.-Foto-RadiomacondoFM.jpg\" alt=\"\" class=\"wp-image-119996\"\/><\/a><figcaption class=\"wp-element-caption\"><em><sup>En Colombia la zona m\u00e1s afectada por el mercurio es la cuenca del r\u00edo Caquet\u00e1. Foto: Radio Macondo FM.<\/sup><\/em><\/figcaption><\/figure>\n\n\n\n<p>Pueblos ind\u00edgenas en aislamiento voluntario, entre ellos los yur\u00ed-pass\u00e9, altamente vulnerables, corren riesgo por los vertidos en el Parque Nacional Natural R\u00edo Pur\u00e9, en el sureste de la Amazon\u00eda colombiana.<\/p>\n\n\n\n<p>En esta zona, la mayor\u00eda de la actividad&nbsp;minera por aluvi\u00f3n se registra en la frontera con Brasil. En noviembre de 2024, a trav\u00e9s de im\u00e1genes satelitales, se detectaron 29 dragas en el curso del r\u00edo Pur\u00e9, mientras que en marzo y abril de este a\u00f1o se hallaron 27 dragas.<\/p>\n\n\n\n<p>A su vez, la actividad se expande en el r\u00edo Cotuh\u00e9, que pasa por el Resguardo Ind\u00edgena Cotuh\u00e9 Putumayo y limita con el Parque Nacional Natural Amacayacu, en el Trapecio Amaz\u00f3nico Colombiano, en las fronteras con Per\u00fa y Brasil.<\/p>\n\n\n\n<p>Los monitoreos encuentran una correlaci\u00f3n entre la entrega de concesiones mineras formales en \u00e1reas transfronterizas y el crecimiento de miner\u00eda ilegal. En Colombia se observan balsas mineras clandestinas que ingresan a \u00e1reas protegidas, provenientes de zonas de Brasil donde se registran licitaciones mineras legales. La crisis de la miner\u00eda ilegal en la Amazon\u00eda no es abordada por los gobiernos desde la fiscalizaci\u00f3n de la econom\u00eda legal, mientras la mayor parte del oro exportado desde la Amazon\u00eda a los mercados globales proviene de la miner\u00eda ilegal.<\/p>\n\n\n\n<h3 class=\"wp-block-heading\" id=\"h-ecuador-en-estado-de-emergencia\"><strong>Ecuador en estado de emergencia<\/strong><\/h3>\n\n\n\n<p>De otro lado, al norte de la Amazon\u00eda ecuatoriana, en la provincia de Sucumb\u00edos, crece la extracci\u00f3n aur\u00edfera il\u00edcita alrededor de la reserva ecol\u00f3gica Cof\u00e1n Bermejo, poniendo en peligro seis territorios ancestrales de etnias shuar y kichwa, indica un reciente informe del MAAP.<\/p>\n\n\n\n<p>En esta provincia, cerca de la frontera con Colombia, a lo largo de la transici\u00f3n con la Cordillera de los Andes, desde el 2020 se registra un r\u00e1pido incrementode actividad minera&nbsp;en \u00e1reas de amortiguamiento, importantes para la conservaci\u00f3n de la biodiversidad amaz\u00f3nica, como el Bosque Protector El Bermejo y el \u00c1rea de Conservaci\u00f3n Municipal y Uso Sostenible Cascales (ACU Cascales).<\/p>\n\n\n\n<figure class=\"wp-block-image\"><a class=\"td-modal-image\" href=\"https:\/\/avispa.org\/wp-content\/uploads\/2025\/06\/Mineria-en-zona-de-amortiguamiento-de-la-reserva-ecologica-Cofan-Bermejo.-Se-aprecia-maquinaria-en-el-bosque-muy-cerca-del-rio.-Foto-Cortesia-2.jpg\"><img decoding=\"async\" src=\"https:\/\/avispa.org\/wp-content\/uploads\/2025\/06\/Mineria-en-zona-de-amortiguamiento-de-la-reserva-ecologica-Cofan-Bermejo.-Se-aprecia-maquinaria-en-el-bosque-muy-cerca-del-rio.-Foto-Cortesia-2-1024x683.jpg\" alt=\"\" class=\"wp-image-119997\"\/><\/a><figcaption class=\"wp-element-caption\"><em><sup>Miner\u00eda en zona de amortiguamiento de la reserva ecol\u00f3gica Cof\u00e1n Bermejo. Se aprecia maquinaria en el bosque, muy cerca del r\u00edo.<\/sup><\/em><\/figcaption><\/figure>\n\n\n\n<p>En esta \u00faltima se encuentra la mayor superficie deforestada por organizaciones criminales que operan en territorio fronterizo.<\/p>\n\n\n\n<p>El impacto ambiental se agrava en el pa\u00eds, donde entre 2002 y 2024 se perdi\u00f3 un total de 262,000 hect\u00e1reas de bosques primarios y el 5,6% de su cobertura arb\u00f3rea, de acuerdo a <a href=\"https:\/\/www.globalforestwatch.org\/dashboards\/country\/ECU\/?category=forest-change&amp;dashboardPrompts=eyJzaG93UHJvbXB0cyI6dHJ1ZSwicHJvbXB0c1ZpZXdlZCI6WyJkb3dubG9hZERhc2hib2FyZFN0YXRzIiwiZGFzaGJvYXJkQW5hbHlzZXMiLCJzaGFyZVdpZGdldCJdLCJzZXR0aW5ncyI6eyJzaG93UHJvbXB0cyI6dHJ1ZSwicHJvbXB0c1ZpZXdlZCI6WyJkb3dubG9hZERhc2hib2FyZFN0YXRzIiwiZGFzaGJvYXJkQW5hbHlzZXMiXSwic2V0dGluZ3MiOnsic2hvd1Byb21wdHMiOnRydWUsInByb21wdHNWaWV3ZWQiOltdLCJzZXR0aW5ncyI6eyJvcGVuIjpmYWxzZSwic3RlcEluZGV4IjowLCJzdGVwc0tleSI6IiJ9LCJvcGVuIjp0cnVlLCJzdGVwc0tleSI6ImRvd25sb2FkRGFzaGJvYXJkU3RhdHMifSwib3BlbiI6dHJ1ZSwic3RlcEluZGV4IjowLCJzdGVwc0tleSI6InNoYXJlV2lkZ2V0In0sInN0ZXBzS2V5Ijoic2hhcmVXaWRnZXQiLCJzdGVwSW5kZXgiOi0xLCJmb3JjZSI6dHJ1ZX0%3D&amp;gladAlerts=eyJsYXRlc3REYXRlIjoiMjAxOS0wNy0yMiJ9&amp;lang=es_MX&amp;map=eyJjZW50ZXIiOnsibGF0IjotOS4zMTQzODA4NDc0MDczMTgsImxuZyI6LTc0Ljk5MTc0ODgxMDAxMTU5fSwiem9vbSI6NC44NjYxMjQ3NjM0Nzc0NSwiY2FuQm91bmQiOnRydWUsImRhdGFzZXRzIjpbeyJkYXRhc2V0IjoicG9saXRpY2FsLWJvdW5kYXJpZXMiLCJsYXllcnMiOlsiZGlzcHV0ZWQtcG9saXRpY2FsLWJvdW5kYXJpZXMiLCJwb2xpdGljYWwtYm91bmRhcmllcyJdLCJib3VuZGFyeSI6dHJ1ZSwib3BhY2l0eSI6MSwidmlzaWJpbGl0eSI6dHJ1ZX0seyJkYXRhc2V0IjoiTmV0LUNoYW5nZS1TVEFHSU5HIiwibGF5ZXJzIjpbImZvcmVzdC1uZXQtY2hhbmdlIl0sIm9wYWNpdHkiOjEsInZpc2liaWxpdHkiOnRydWUsInBhcmFtcyI6eyJ2aXNpYmlsaXR5Ijp0cnVlLCJhZG1fbGV2ZWwiOiJhZG0wIn19XX0%3D&amp;showMap=true&amp;treeLossPct=eyJoaWdobGlnaHRlZCI6ZmFsc2V9&amp;treeLossTsc=eyJoaWdobGlnaHRlZCI6ZmFsc2V9\">Global Forest Watch<\/a> (GFW).<\/p>\n\n\n\n<p>La suma de superficie boscosa afectada por miner\u00eda informal hasta finales del a\u00f1o pasado en Ecuador es de aproximadamente&nbsp;754 hect\u00e1reas. El mayor aumento fue en 2024, con una expansi\u00f3n de 189 hect\u00e1reas.<\/p>\n\n\n\n<p>A la par del crimen organizado, los territorios son vulnerados por los gobiernos. Al sur de la Amazon\u00eda ecuatoriana, recientemente se aprob\u00f3 una nueva licencia ambiental para la etapa de exploraci\u00f3n del proyecto Panantza. La Corte Constitucional anul\u00f3 en 2022 un primer permiso, debido a que la licitaci\u00f3n se ubica en \u00e1reas ind\u00edgenas y no se realiz\u00f3 consulta previa.<\/p>\n\n\n\n<h3 class=\"wp-block-heading\" id=\"h-el-precio-del-oro-y-la-seguridad-nacional\"><strong>El precio del oro y la seguridad nacional<\/strong><\/h3>\n\n\n\n<p>La violencia por la miner\u00eda ilegal en Ecuador llev\u00f3 al Gobierno de Daniel Noboa a declarar conflicto armado interno y estados de excepci\u00f3n. En mayo, una emboscada atribuida a organizaciones criminales dej\u00f3 once militares muertos.<\/p>\n\n\n\n<p>Bandas locales y disidencias de las Fuerzas Armadas Revolucionarias de Colombia (FARC), del lado colombiano, se disputan zonas aur\u00edferas como Alto Punino, Yutzupino, El Chical y Camilo Ponce Enr\u00edquez. Solo en Alto Punino se han perdido 1,500 hect\u00e1reas de selva desde 2019, seg\u00fan el MAAP.<\/p>\n\n\n\n<p>La miner\u00eda ilegal permite la expansi\u00f3n de otras econom\u00edas il\u00edcitas, haciendo del oro una fuente de financiamiento para grupos armados.<\/p>\n\n\n\n<p>En Colombia, la extracci\u00f3n de oro de aluvi\u00f3n es controlada por el Ej\u00e9rcito de Liberaci\u00f3n Nacional (ELN), las disidencias de las FARC y el Clan del Golfo. M\u00e1s del 70 % de esta miner\u00eda es ilegal, afectando 63,000 hect\u00e1reas, principalmente en los departamentos de Choc\u00f3, Antioquia y Nari\u00f1o.<\/p>\n\n\n\n<p>En t\u00e9rminos monetarios, este tipo de miner\u00eda puede extraer hasta tres kilogramos de oro por mes, lo que equivale a unos 275,000 d\u00f3lares.<\/p>\n\n\n\n<p>El crecimiento de la extracci\u00f3n de oro en Sudam\u00e9rica, motivado por el alza de su precio en el mercado global, es una amenaza para las comunidades ancestrales amaz\u00f3nicas. En esa l\u00ednea, el MAAP localiz\u00f3 el 68% de la deforestaci\u00f3n por miner\u00eda en Ecuador en tierras de comunidades ind\u00edgenas.<\/p>\n\n\n\n<p>En 2008, la onza de oro se cotizaba en alrededor de 812 d\u00f3lares. Para 2024 se increment\u00f3 en m\u00e1s de 200%, alcanzando los 2,514 d\u00f3lares. Las pol\u00edticas arancelarias recientes y las compras de bancos centrales impulsan a\u00fan m\u00e1s la demanda. As\u00ed, este a\u00f1o el precio del mineral lleg\u00f3 a nuevos m\u00e1ximos de 3,000 d\u00f3lares por onza, en una suerte de nueva fiebre del oro. La violencia y la destrucci\u00f3n en la Amazon\u00eda siguen su curso creciente a la par del valor del oro para la econom\u00eda mundial.<\/p>\n","protected":false},"excerpt":{"rendered":"<p>Fuente: Avispa Midia Por Javier Bed\u00eda Prado En portada: Mineros trabajan en un punto de extracci\u00f3n de oro ilegal en Itaituba, estado de Par\u00e1,en la Amazonia brasile\u00f1a. Foto: Lucas Landau La deforestaci\u00f3n de bosques primarios y la contaminaci\u00f3n de r\u00edos por miner\u00eda ilegal de oro se expande en la Amazon\u00eda, en zonas de frontera de [&hellip;]<\/p>\n","protected":false},"author":21,"featured_media":51015,"comment_status":"open","ping_status":"closed","sticky":false,"template":"","format":"standard","meta":{"footnotes":""},"categories":[51,1284,826,958,935],"tags":[1160,58,53,567,147,545,87,148,27,483],"class_list":["post-51014","post","type-post","status-publish","format-standard","has-post-thumbnail","hentry","category-autor","category-latinoamerica","category-medios-libres-2","category-megaproyectos","category-temas","tag-amazonia","tag-derechos-humanos","tag-justicia","tag-megaproyectos","tag-militarizacion","tag-pueblos-indigenas","tag-represion","tag-resistencia","tag-solidaridad","tag-tierra-y-territorio"],"_links":{"self":[{"href":"https:\/\/radiozapatista.org\/index.php?rest_route=\/wp\/v2\/posts\/51014","targetHints":{"allow":["GET"]}}],"collection":[{"href":"https:\/\/radiozapatista.org\/index.php?rest_route=\/wp\/v2\/posts"}],"about":[{"href":"https:\/\/radiozapatista.org\/index.php?rest_route=\/wp\/v2\/types\/post"}],"author":[{"embeddable":true,"href":"https:\/\/radiozapatista.org\/index.php?rest_route=\/wp\/v2\/users\/21"}],"replies":[{"embeddable":true,"href":"https:\/\/radiozapatista.org\/index.php?rest_route=%2Fwp%2Fv2%2Fcomments&post=51014"}],"version-history":[{"count":1,"href":"https:\/\/radiozapatista.org\/index.php?rest_route=\/wp\/v2\/posts\/51014\/revisions"}],"predecessor-version":[{"id":51016,"href":"https:\/\/radiozapatista.org\/index.php?rest_route=\/wp\/v2\/posts\/51014\/revisions\/51016"}],"wp:featuredmedia":[{"embeddable":true,"href":"https:\/\/radiozapatista.org\/index.php?rest_route=\/wp\/v2\/media\/51015"}],"wp:attachment":[{"href":"https:\/\/radiozapatista.org\/index.php?rest_route=%2Fwp%2Fv2%2Fmedia&parent=51014"}],"wp:term":[{"taxonomy":"category","embeddable":true,"href":"https:\/\/radiozapatista.org\/index.php?rest_route=%2Fwp%2Fv2%2Fcategories&post=51014"},{"taxonomy":"post_tag","embeddable":true,"href":"https:\/\/radiozapatista.org\/index.php?rest_route=%2Fwp%2Fv2%2Ftags&post=51014"}],"curies":[{"name":"wp","href":"https:\/\/api.w.org\/{rel}","templated":true}]}}