{"id":51007,"date":"2025-06-03T19:10:25","date_gmt":"2025-06-04T01:10:25","guid":{"rendered":"https:\/\/radiozapatista.org\/?p=51007"},"modified":"2025-06-03T19:10:42","modified_gmt":"2025-06-04T01:10:42","slug":"oaxaca-a-traves-de-jornada-de-solidaridad-con-el-pueblo-palestino-exigen-un-alto-al-genocidio-en-gaza","status":"publish","type":"post","link":"https:\/\/radiozapatista.org\/?p=51007","title":{"rendered":"Oaxaca: A trav\u00e9s de Jornada de Solidaridad con el pueblo Palestino, exigen un alto al genocidio en Gaza"},"content":{"rendered":"\n<p>Fuente: <a href=\"https:\/\/avispa.org\/oaxaca-a-traves-de-jornada-de-solidaridad-con-el-pueblo-palestino-exigen-un-alto-al-genocidio-en-gaza\/\">Avispa Midia<\/a><\/p>\n\n\n\n<p>Por Roc\u00edo Heredia<\/p>\n\n\n\n<p><em><sup>Foto de portada: Santiago Navarro F<\/sup><\/em><\/p>\n\n\n\n<p><strong>La biblioteca Henestrosa fue el espacio donde este viernes 30 de mayo a partir de las 6 de la tarde, dio inicio la Jornada de Solidaridad con el pueblo Palestino, que culminar\u00e1 el pr\u00f3ximo 26 de julio. Organizada por el Colectivo Oaxaca en Solidaridad con Palestina, esta jornada de actividades ha sido planeada para \u201calzar la voz frente a una de las mayores tragedias de nuestro tiempo: el genocidio y el despojo de d\u00e9cadas que vive y resiste el pueblo palestino en manos del sionismo y el fascismo\u201d, expresaron en su comunicado las y los integrantes de dicha colectividad.<\/strong><\/p>\n\n\n\n<hr class=\"wp-block-separator has-alpha-channel-opacity\"\/>\n\n\n\n<p>Apenas ca\u00eda la tarde del s\u00e1bado 30 de mayo al interior de la biblioteca Henestrosa, cuando su inmenso patio comenzaba a concurrirse con la presencia de un p\u00fablico diverso, que llegaba principalmente por dos motivos: informarse y apoyar la causa de alto al genocidio estadounidense-israel\u00ed contra una poblaci\u00f3n de 2.3 millones de palestinos y palestinas en Gaza.<\/p>\n\n\n\n<p>Al costado derecho de la biblioteca, sobre los muros de una de sus salas el p\u00fablico admiraba y fotografiaba las decenas de carteles pro Palestina libre: una mam\u00e1 explic\u00e1ndole con entusiasmo la composici\u00f3n de un cartel a su peque\u00f1o; un se\u00f1or de la tercera edad tom\u00e1ndole fotos, con cierta dificultad, a uno de los carteles ubicado en la parte superior de la exposici\u00f3n; una pareja de j\u00f3venes tomados de la mano admirando con total concentraci\u00f3n las obras, fueron algunas de las escenas de ternura sincronizadas con la calurosa energ\u00eda del espacio.<\/p>\n\n\n\n<p>De pronto, una joven irrumpi\u00f3 el murmullo colectivo para hacer un llamado de atenci\u00f3n a la conferencia de prensa que dio inicio con la lectura de un posicionamiento redactado por el colectivo organizador: \u201csomos un esfuerzo colectivo, aut\u00f3nomo e independiente de cualquier partido pol\u00edtico, organismo no gubernamental, empresa privada u organizaci\u00f3n formal\u201d.<\/p>\n\n\n\n<p>Desde la formaci\u00f3n de esta red en mayo del 2024, las y los integrantes han alzado la voz \u201cfrente a una de las mayores tragedias de nuestro tiempo: el genocidio y el despojo de d\u00e9cadas que vive y resiste el pueblo palestino en manos del sionismo y el fascismo\u201d, compartieron en su comunicado. Tambi\u00e9n, han organizado m\u00e1s de una veintena de actividades (presenciales y virtuales) como: la recaudaci\u00f3n de fondos para el comedor comunitario <em>Gaza Soup Kitchen<\/em> y la recolecci\u00f3n de firmas para exigir al gobierno mexicano que corte relaciones con el gobierno de Israel.<\/p>\n\n\n\n<figure class=\"wp-block-image\"><a class=\"td-modal-image\" href=\"https:\/\/avispa.org\/wp-content\/uploads\/2025\/06\/SolidaridadOaxacaPalestina-3.jpeg\"><img decoding=\"async\" src=\"https:\/\/avispa.org\/wp-content\/uploads\/2025\/06\/SolidaridadOaxacaPalestina-3-1024x682.jpeg\" alt=\"\" class=\"wp-image-119981\"\/><\/a><figcaption class=\"wp-element-caption\"><em><sup>Fotos: Santiago Navarro F<\/sup><\/em><\/figcaption><\/figure>\n\n\n\n<p>En torno a <em>Gaza Soup Kitchen<\/em>, Charlynne Curiel docente universitaria de la Universidad Aut\u00f3noma \u201cBenito Ju\u00e1rez\u201d de Oaxaca (UABJO), comparte en entrevista para <em>Avispa M\u00eddia<\/em> que \u201ces uno de los pocos proyectos a los que se les puede enviar dinero para que puedan comprar y gestionar alimentaci\u00f3n, que es una gota en un mar, pero es algo, entonces, desde que inicio <em>Oaxaca con Palestina<\/em> enviamos lo poco que podemos recaudar a este proyecto\u201d.<\/p>\n\n\n\n<p>As\u00ed mismo, la profesora y activista puntualiza que \u201cdesde el 7 de octubre del 2023 [cuando inici\u00f3 el genocidio actual] el gobierno de Netanyahu decidi\u00f3 entorpecer el aprovisionamiento de alimentos, de electricidad, de agua, de gasolina, de medicamentos y en los \u00faltimos tres meses, es decir, desde el 6 de marzo se cerraron todas las fronteras a la ayuda humanitaria, entonces la gente est\u00e1 en riesgo de inanici\u00f3n: se est\u00e1n muriendo de hambre\u201d, declar\u00f3.<\/p>\n\n\n\n<p>Para el d\u00eda en que dio inicio esta Jornada solidaria, es decir el 30 de mayo, la Organizaci\u00f3n de las Naciones Unidas (ONU) declar\u00f3 que Gaza se ha convertido \u201cen el lugar con m\u00e1s hambre del planeta y donde el 100% de la gente est\u00e1 en riesgo de hambruna\u201d, una crisis posible debido al bloqueo de ayuda humanitaria referido por Curiel.<\/p>\n\n\n\n<p>En el arranque de esta jornada, pocas personas se animaron a compartir su opini\u00f3n en el micr\u00f3fono, no obstante, fue muy emotiva la participaci\u00f3n de un abuelo que se puso de pie para dirigirse a la juventud presente y decirles: \u201c\u00a1est\u00e1n del lado correcto de la historia!\u201d.<\/p>\n\n\n\n<p>Rato despu\u00e9s al t\u00e9rmino de la conferencia, una joven dio lectura a un conmovedor texto donde rememora que: \u201cen 1946 Palestina fue ocupada, sobre ella instalaron lo que hoy denominan Israel que desde entonces ha fungido como colonia de los Estados Unidos para el control geopol\u00edtico de Oriente Medio, eso con la ayuda y financiamiento de Europa, a esta invasi\u00f3n se le conoce en \u00e1rabe como la \u201cnakba\u201d (cat\u00e1strofe)\u201d.<\/p>\n\n\n\n<p>Luego, continu\u00f3 con un llamado a la empat\u00eda lanzando l\u00edneas que dec\u00edan algo as\u00ed: \u201cimagina buscar una y otra vez a tus familiares bajo tierra porque el misil hecho en Estados Unidos cay\u00f3 justo ah\u00ed donde se refugiaban, s\u00f3lo encuentras partes de sus cuerpos y aullando de dolor recoges de los escombros un pie, una mano, una cabeza\u201d \u2026 para culminar diciendo: \u201cY si a\u00fan con tu \u00faltimo aliento intentas defenderte o sobrevivir, te dir\u00e1n terrorista\u201d.<\/p>\n\n\n\n<p>En un inconsciente intento por contener las emociones generadas en torno a la lectura ya mencionada, toc\u00f3 la participaci\u00f3n de un joven conocido en la escena local como \u201cFlores\u201d que \u2013entre otras cosas\u2014se dedica a componer e interpretar corridos contra el Poder y la tiran\u00eda. En compa\u00f1\u00eda de su guitarra y con la animada actitud que lo caracterizan, Flores interpret\u00f3 poco menos de diez temas entre los que se encontr\u00f3 el ya afamado entre las colectividades en rebeld\u00eda Demolici\u00f3n, canci\u00f3n con la que Los Saicos \u2013una agrupaci\u00f3n punk peruana\u2014 puso a bailar a toda una generaci\u00f3n a finales de los sesentas.<\/p>\n\n\n\n<h3 class=\"wp-block-heading\" id=\"h-boicot\"><strong>Boicot<\/strong><\/h3>\n\n\n\n<p>Detr\u00e1s de ese escenario ya animado con la m\u00fasica de este joven al que es imposible definir en un g\u00e9nero musical espec\u00edfico, Eugenia Islas, integrante del Colectivo organizador, comunic\u00f3loga y maestrante de Acci\u00f3n Social en Oaxaca, acced\u00eda a una entrevista para <em>Avispa M\u00edd<\/em>ia. Al preguntarle sobre qu\u00e9 acciones ser\u00edan necesarias para frenar de manera efectiva el genocidio, ella apunta hacia el boicot: \u201csi todos los pueblos del mundo nos organiz\u00e1ramos y boicote\u00e1ramos y exigi\u00e9ramos romper relaciones con Israel, Israel estar\u00eda aislado, tendr\u00eda este castigo internacional de aislamiento\u201d.<\/p>\n\n\n\n<p>La estudiante Islas complementa argumentando que, \u201chay una organizaci\u00f3n que se llama BDS [Boicot, Desinversi\u00f3n y Sanciones] y en todo el planeta promueve el boicot econ\u00f3mico, que las personas no consumamos productos que vienen de Estados Unidos o Israel. El boicot, la desinversi\u00f3n, las sanciones: Israel no puede tener toda esa tecnolog\u00eda de punta para bombardear a todo un pueblo y que nadie haga nada\u201d.<\/p>\n\n\n\n<p>De acuerdo con el movimiento BDS, algunas de las marcas y empresas en complicidad con Israel que operan en M\u00e9xico son: HP, Disney, DELL, Amazon, Google, HSBC, Coca-cola, Domino\u00b4s, Burger King y Airbnb, entre muchas m\u00e1s.<\/p>\n\n\n\n<p>En la misma sinton\u00eda que Eugenia, la profesora Charlynne Curiel \u2013quien tambi\u00e9n accedi\u00f3 a una entrevista\u2014se\u00f1ala a la econom\u00eda como una pieza central en la vitalidad del Estado israel\u00ed, una econom\u00eda vinculada a la industria b\u00e9lica: \u201clos intereses del capital son muy poderosos de lo que nos estamos dando cuenta despu\u00e9s de esto es que la complicidad que Occidente ha tenido con Israel ha tenido una estructura de dominaci\u00f3n y de poder y de intereses donde el sionismo est\u00e1 detr\u00e1s de todo: del cine, del arte, la educaci\u00f3n, el petr\u00f3leo, el agua, el gas, de la industria armamentista\u201d.<\/p>\n\n\n\n<figure class=\"wp-block-image\"><a class=\"td-modal-image\" href=\"https:\/\/avispa.org\/wp-content\/uploads\/2025\/06\/SolidaridadOaxacaPalestina-7.jpeg\"><img decoding=\"async\" src=\"https:\/\/avispa.org\/wp-content\/uploads\/2025\/06\/SolidaridadOaxacaPalestina-7-1024x682.jpeg\" alt=\"\" class=\"wp-image-119983\"\/><\/a><figcaption class=\"wp-element-caption\"><em><sup>Foto: Santiago Navarro F<\/sup><\/em><\/figcaption><\/figure>\n\n\n\n<p>Charlynne agrega que \u201cadem\u00e1s porque estamos en un momento de la historia en que se est\u00e1n organizando las fuerzas neofascistas, que implican o tienen en su entra\u00f1a una agenda b\u00e9lica, armamentista, le est\u00e1n apostando a la venta de armas y mientras haya guerra ellos ganan\u201d.<\/p>\n\n\n\n<p>Respecto a esta necesidad de cortar todo tipo de relaci\u00f3n con Israel, encontramos la iniciativa ciudadana de recolecci\u00f3n de firmas para exigir el rompimiento del gobierno de M\u00e9xico con Israel, acci\u00f3n que surge en Guadalajara y que posteriormente retoman en otras ciudades como es el caso de Oaxaca, donde el Colectivo est\u00e1 trabajando duro para juntar las 130 mil firmas requeridas.<\/p>\n\n\n\n<p>En Opini\u00f3n de Charlynne: \u201cEs una iniciativa ciudadana, es un acto simb\u00f3lico, es un acto pol\u00edtico, no sabemos lo que va a pasar porque la presidenta Claudia Sheimbaun ha tenido una posici\u00f3n muy tibia respecto al genocidio pero es importante que sepa que un porcentaje de la poblaci\u00f3n estamos reprobando lo que est\u00e1 pasando, que reprobamos que nuestra representante mantenga relaciones con un gobierno criminal y genocida como el de Israel\u201d.<\/p>\n\n\n\n<p><strong>\u00bfMa\u00f1ana qui\u00e9n?<\/strong><\/p>\n\n\n\n<p>Otro punto en com\u00fan que Curiel e Islas sostienen es que Palestina es un experimento de Estados Unidos y Europa, para despu\u00e9s continuar con una l\u00f3gica expansionista sobre aquellos pueblos del mundo cuyo nivel de devastaci\u00f3n depender\u00e1 de los recursos naturales que posean: \u201cLos occidentales van por todo, Estados Unidos e Inglaterra est\u00e1n pensado en Jordania, en Siria, en Ir\u00e1n, en L\u00edbano, es la expansi\u00f3n hac\u00eda el mundo \u00e1rabe, es la expansi\u00f3n hac\u00eda esos territorios que tienen gas, que tienen una ruta comercial, es una zona que ha sido muy codiciada por Occidente. Palestina es s\u00f3lo la puerta para empezar a ir por todo y siempre fue esa la idea del Estado de Israel\u201d, comparte Charlynne.<\/p>\n\n\n\n<p>La joven que rato antes le\u00eda ese desgarrador llamado a la empat\u00eda, era Eugenia quien en uno de los fragmentos comparti\u00f3: \u201cPalestina hoy: \u00bfma\u00f1ana qui\u00e9n?\u201d, una pol\u00e9mica pregunta que genera temor al hacernos pensar que el pr\u00f3ximo blanco podr\u00eda ser M\u00e9xico. Fernando Isa\u00ed quien tambi\u00e9n integra el Colectivo, comparti\u00f3 durante el comunicado de prensa que en las geograf\u00edas mexico-sure\u00f1as, las personas viven un desplazamiento forzado \u2013al igual que en Gaza\u2014, pues no van al Norte Global porque as\u00ed lo quieran sino porque hay condiciones econ\u00f3micas que las arrojan a esa alternativa.<\/p>\n\n\n\n<p>Otra similitud de despojo que las y los integrantes del Colectivo ubican entre M\u00e9xico y el territorio palestino, es el saqueo y control de recursos naturales: \u201cen Oaxaca est\u00e1 la crisis del agua y all\u00e1 en Gaza se est\u00e1 utilizando el acceso al agua como arma de guerra, entonces, empezar a normalizar las cosas que est\u00e1n pasando all\u00e1 va a ser que a nosotros tambi\u00e9n nos empiecen a aplicar esto: el agua como un arma de guerra y lo vamos a ver muy normal y entonces la dignidad planetaria va a ser algo muy f\u00e1cil de controlar\u201d. Ante ello, Isa\u00ed afirma: \u201chasta que Palestina sea libre lo ser\u00e1n todos los pueblos del mundo\u201d.<\/p>\n\n\n\n<figure class=\"wp-block-image\"><a class=\"td-modal-image\" href=\"https:\/\/avispa.org\/wp-content\/uploads\/2025\/06\/SolidaridadOaxacaPalestina-8.jpeg\"><img decoding=\"async\" src=\"https:\/\/avispa.org\/wp-content\/uploads\/2025\/06\/SolidaridadOaxacaPalestina-8-1024x576.jpeg\" alt=\"\" class=\"wp-image-119984\"\/><\/a><figcaption class=\"wp-element-caption\"><em><sup>Fotos: Santiago Navarro F<\/sup><\/em><\/figcaption><\/figure>\n\n\n\n<p>La Jornada solidaria Oaxaca con Palestina tendr\u00e1 una duraci\u00f3n de dos meses, culminando el 26 de julio, tiempo en que se realizar\u00e1n diariamente diversas actividades art\u00edsticas, pol\u00edticas y culturales tales como talleres, mesas de di\u00e1logo, cine-debates y la recolecci\u00f3n de firmas entre otras de car\u00e1cter p\u00fablico.<\/p>\n\n\n\n<p>En un informe titulado \u201cLos muertos en Gaza por la ofensiva israel\u00ed superan los 54.000\u201d y publicado en el sitio web de la ONU, el pasado martes 27 de mayo se inform\u00f3 \u2013con base en el Ministerio de Sanidad gazat\u00ed\u2014 que \u201cm\u00e1s de 54.000 personas han muerto en la Franja de Gaza desde el inicio de la ofensiva israel\u00ed el 7 de octubre de 2023\u201d, esto sin que haya un cese en los desplazamientos masivos pues \u201cdesde el 18 de marzo, cuando termin\u00f3 el alto el fuego, al menos 616.000 personas se han visto forzadas a huir, 180.000 de ellas solo entre el 15 y el 25 de mayo\u201d.<\/p>\n\n\n\n<p>Es una decisi\u00f3n individual querer mirar o no a la devastaci\u00f3n actual, pero es una obligaci\u00f3n colectiva plantearnos aquella pregunta contenida en uno de los textos le\u00eddos durante el inicio de la Jornada solidaria: \u201cPalestina hoy: \u00bfma\u00f1ana qui\u00e9n?\u201d<\/p>\n","protected":false},"excerpt":{"rendered":"<p>Fuente: Avispa Midia Por Roc\u00edo Heredia Foto de portada: Santiago Navarro F La biblioteca Henestrosa fue el espacio donde este viernes 30 de mayo a partir de las 6 de la tarde, dio inicio la Jornada de Solidaridad con el pueblo Palestino, que culminar\u00e1 el pr\u00f3ximo 26 de julio. Organizada por el Colectivo Oaxaca en [&hellip;]<\/p>\n","protected":false},"author":21,"featured_media":51008,"comment_status":"open","ping_status":"closed","sticky":false,"template":"","format":"standard","meta":{"footnotes":""},"categories":[957,51,826,958,954,953,935],"tags":[58,53,567,147,112,545,87,148,27,483],"class_list":["post-51007","post","type-post","status-publish","format-standard","has-post-thumbnail","hentry","category-autonomia","category-autor","category-medios-libres-2","category-megaproyectos","category-mexico","category-mundo","category-temas","tag-derechos-humanos","tag-justicia","tag-megaproyectos","tag-militarizacion","tag-palestina","tag-pueblos-indigenas","tag-represion","tag-resistencia","tag-solidaridad","tag-tierra-y-territorio"],"_links":{"self":[{"href":"https:\/\/radiozapatista.org\/index.php?rest_route=\/wp\/v2\/posts\/51007","targetHints":{"allow":["GET"]}}],"collection":[{"href":"https:\/\/radiozapatista.org\/index.php?rest_route=\/wp\/v2\/posts"}],"about":[{"href":"https:\/\/radiozapatista.org\/index.php?rest_route=\/wp\/v2\/types\/post"}],"author":[{"embeddable":true,"href":"https:\/\/radiozapatista.org\/index.php?rest_route=\/wp\/v2\/users\/21"}],"replies":[{"embeddable":true,"href":"https:\/\/radiozapatista.org\/index.php?rest_route=%2Fwp%2Fv2%2Fcomments&post=51007"}],"version-history":[{"count":1,"href":"https:\/\/radiozapatista.org\/index.php?rest_route=\/wp\/v2\/posts\/51007\/revisions"}],"predecessor-version":[{"id":51009,"href":"https:\/\/radiozapatista.org\/index.php?rest_route=\/wp\/v2\/posts\/51007\/revisions\/51009"}],"wp:featuredmedia":[{"embeddable":true,"href":"https:\/\/radiozapatista.org\/index.php?rest_route=\/wp\/v2\/media\/51008"}],"wp:attachment":[{"href":"https:\/\/radiozapatista.org\/index.php?rest_route=%2Fwp%2Fv2%2Fmedia&parent=51007"}],"wp:term":[{"taxonomy":"category","embeddable":true,"href":"https:\/\/radiozapatista.org\/index.php?rest_route=%2Fwp%2Fv2%2Fcategories&post=51007"},{"taxonomy":"post_tag","embeddable":true,"href":"https:\/\/radiozapatista.org\/index.php?rest_route=%2Fwp%2Fv2%2Ftags&post=51007"}],"curies":[{"name":"wp","href":"https:\/\/api.w.org\/{rel}","templated":true}]}}