{"id":50989,"date":"2025-05-28T19:11:10","date_gmt":"2025-05-29T01:11:10","guid":{"rendered":"https:\/\/radiozapatista.org\/?p=50989"},"modified":"2025-05-28T19:11:11","modified_gmt":"2025-05-29T01:11:11","slug":"pueblo-kaapor-enfrenta-avance-de-proyectos-redd-en-la-amazonia-brasilena","status":"publish","type":"post","link":"https:\/\/radiozapatista.org\/?p=50989","title":{"rendered":"Pueblo Ka\u2019apor enfrenta avance de proyectos REDD+ en la Amazon\u00eda brasile\u00f1a"},"content":{"rendered":"\n<p>Fuente: <a href=\"https:\/\/avispa.org\/pueblo-kaapor-enfrenta-avance-de-proyectos-redd-en-la-amazonia-brasilena\/\">Avispa Midia<\/a><\/p>\n\n\n\n<p>Por Sare Frabes<\/p>\n\n\n\n<p><em><sup>En portada: \u201c\u00a1Fuera Wildlife Works del territorio Ka&#8217;apor! \u00a1El mercado de carbono es una falsa soluci\u00f3n ambiental!\u201d se lee en la pancarta que sostienen j\u00f3venes Ka\u2019apor.<\/sup><\/em><\/p>\n\n\n\n<p>Ind\u00edgenas del pueblo Ka\u2019apor, estado de Maranh\u00e3o, norte de Brasil, han denunciado la presencia de la empresa estadounidense Wildlife Works y la ONG Forest Trends en su territorio con la pretensi\u00f3n de imponer un proyecto para la generaci\u00f3n de cr\u00e9ditos de carbono. Seg\u00fan testimonios del pueblo ind\u00edgena, reportes de organizaciones ambientalistas y period\u00edsticos, las actividades de estas empresas est\u00e1n generando conflictos internos en la Tierra Ind\u00edgena (TI) Alto Turia\u00e7\u00fa.<\/p>\n\n\n\n<p>Desde el a\u00f1o 2023 Wildlife Works y Forest Trends buscan implementar en el noroeste de Maranh\u00e3o un proyecto REDD+ (Reducci\u00f3n de Emisiones por Deforestaci\u00f3n y Degradaci\u00f3n de los Bosques), estrategia encaminada a la generaci\u00f3n de cr\u00e9ditos de carbono y vinculado a las ideas de \u201cneutralidad y compensaci\u00f3n de carbono\u201d que organizaciones y <a href=\"https:\/\/avispa.org\/carbono-neutral-15-anos-de-falsas-soluciones-al-cambio-climatico\/\">pueblos a nivel global han denunciado como falsas soluciones a la crisis clim\u00e1tica<\/a>.<\/p>\n\n\n\n<p>Tuxa Ta Pame, un Consejo de gobierno Ka\u2019apor creado en el a\u00f1o 2013, denuncia que el proyecto de la empresa norteamericana \u201cl\u00edder global en desarrollo de proyectos REDD\u201d, pretende abarcar una extensi\u00f3n de 531,000 hect\u00e1reas de selva amaz\u00f3nica para generar los cr\u00e9ditos de carbono a trav\u00e9s del mecanismo promovido por la ONU, empresas trasnacionales y ONGs conservacionistas.<\/p>\n\n\n\n<p>Diversos estudios a\u00f1aden serios cuestionamientos a la efectividad de estos proyectos a nivel global. Un informe del peri\u00f3dico ingl\u00e9s <em>The Guardian<\/em> revel\u00f3, en 2023, que m\u00e1s del 90% de los cr\u00e9ditos de la certificadora Verra <a href=\"https:\/\/www.theguardian.com\/environment\/2023\/jan\/18\/revealed-forest-carbon-offsets-biggest-provider-worthless-verra-aoe\">no representan reducciones reales de emisiones<\/a>. Por su parte, la Universidad de Berkeley concluy\u00f3 que <a href=\"https:\/\/carbonmarketwatch.org\/publications\/quality-assessment-of-redd-carbon-credit-projects\/\">solo un peque\u00f1o porcentaje de proyectos REDD+ cumple con sus objetivos de conservaci\u00f3n<\/a>.<\/p>\n\n\n\n<figure class=\"wp-block-image\"><a class=\"td-modal-image\" href=\"https:\/\/avispa.org\/wp-content\/uploads\/2025\/05\/Guerreros-Kaapor-atan-a-madereros-durante-una-expedicion-en-la-selva-para-buscarlos-y-expulsarlos-del-territorio-indigena-de-Alto-Turiacu.Foto-Lunae-Parracho.webp\"><img decoding=\"async\" src=\"https:\/\/avispa.org\/wp-content\/uploads\/2025\/05\/Guerreros-Kaapor-atan-a-madereros-durante-una-expedicion-en-la-selva-para-buscarlos-y-expulsarlos-del-territorio-indigena-de-Alto-Turiacu.Foto-Lunae-Parracho.webp\" alt=\"\" class=\"wp-image-119970\"\/><\/a><figcaption class=\"wp-element-caption\"><em><sup>Guerreros Ka&#8217;apor atan a madereros durante una expedici\u00f3n en la selva para buscarlos y expulsarlos del territorio ind\u00edgena de Alto Turia\u00e7u. Foto: Lunae Parracho<\/sup><\/em><\/figcaption><\/figure>\n\n\n\n<p>Mientras tanto, el pueblo Ka\u2019apor mantiene la defensa contra la deforestaci\u00f3n en la selva del Alto Turia\u00e7\u00fa donde la protegen activamente contra amenazas que van desde cazadores furtivos, ganaderos y empresas madereras y mineras. Ahora, denuncian que las pretensiones de las empresas norteamericanas generan divisiones internas debido a que han mantenido reuniones secretas con algunos miembros de su pueblo, llegando incluso a firmar acuerdos sin la representaci\u00f3n ni consulta a toda la comunidad ind\u00edgena.<\/p>\n\n\n\n<h3 class=\"wp-block-heading\" id=\"h-division\"><strong>Divisi\u00f3n<\/strong><\/h3>\n\n\n\n<p>Un informe de la organizaci\u00f3n Salva la Selva asevera que, <a href=\"https:\/\/www.salvalaselva.org\/peticion\/1308\/mercado-de-carbono-fuera-de-la-selva-de-los-indigenas-kaapor-en-brasil?mtu=630241575&amp;t=26519#more\">de acuerdo a testimonios de dirigentes de Tuxa Ta Pame<\/a>, los dos grupos norteamericanos mantienen reuniones desde principios de a\u00f1o con representantes de la Asociaci\u00f3n Ka&#8217;apor Ta Hury del r\u00edo Gurupi, los cuales est\u00e1n a favor del proyecto. \u201cLas reuniones se celebraron en la ciudad de Z\u00e9 Doca, donde tiene su sede la asociaci\u00f3n. Seg\u00fan los dirigentes de Tuxa Ta Pame, Wildlife Works y Forest Trends nunca les invitaron a participar en las reuniones\u201d, complementa.<\/p>\n\n\n\n<p>Entre otros se\u00f1alamientos, recalcan que la empresa norteamericana ha recurrido a otros pueblos, como el Temb\u00e9, que habita las tierras Alto R\u00edo Guam\u00e1 y Tur\u00e9-Mariquita en el estado de Par\u00e1, fronterizo con Maranh\u00e3o, para que le acompa\u00f1en a celebrar reuniones con comunidades Ka\u2019apor. Seg\u00fan las denuncias, los grupos norteamericanos han ofrecido cuantiosas sumas de dinero a los miembros del pueblo Ka\u2019apor con quienes se reunen, sin embargo, no han presentado los detalles del proyecto a los l\u00edderes de Tuxa Ta Pame.<\/p>\n\n\n\n<figure class=\"wp-block-image\"><a class=\"td-modal-image\" href=\"https:\/\/avispa.org\/wp-content\/uploads\/2025\/05\/TuxaTa-Pame.jpg\"><img decoding=\"async\" src=\"https:\/\/avispa.org\/wp-content\/uploads\/2025\/05\/TuxaTa-Pame.jpg\" alt=\"\" class=\"wp-image-119975\"\/><\/a><figcaption class=\"wp-element-caption\"><em><sup>Consejo Tuxa Ta Pame del Territorio Ind\u00edgena Alto Turia\u00e7u en la Amazon\u00eda brasile\u00f1a<\/sup><\/em><\/figcaption><\/figure>\n\n\n\n<p>Un reportaje del medio <em>The Intercept Brasil <\/em>confirma estas acusaciones al presentar la <a href=\"https:\/\/www.intercept.com.br\/2023\/11\/27\/empresa-americana-alimenta-conflito-indigena-para-lucrar-com-reparacao-ambiental\/\">entrevista con el cacique Iracadju Ka\u2019apor<\/a>, presidente de la Asociaci\u00f3n Ka\u2019apor Ta Hury, quien comparti\u00f3 que el contrato con Wildlife Works se propone para una duraci\u00f3n de 10 a\u00f1os, con una donaci\u00f3n inicial de poco m\u00e1s de 70 mil d\u00f3lares, \u201cpara llevar a cabo la vigilancia y protecci\u00f3n del territorio por parte de los ind\u00edgenas\u201d.<\/p>\n\n\n\n<p><a href=\"https:\/\/avispa.org\/cop28-el-mayor-evento-de-promocion-de-mercados-de-carbono\/\" target=\"_blank\" rel=\"noreferrer noopener\">Te puede interesar &#8211; COP28, el mayor evento de promoci\u00f3n de mercados de carbono<\/a><\/p>\n\n\n\n<p>Adicionalmente, la empresa norteamericana prometi\u00f3 ingresos por m\u00e1s de 350 mil d\u00f3lares, mensuales, derivados por la venta de los cr\u00e9ditos de carbono, los cuales prometi\u00f3 ser\u00e1n destinados para inversi\u00f3n en salud, educaci\u00f3n y protecci\u00f3n del territorio indigena. No obstante, remarca el reporte, \u201cni la Asociaci\u00f3n, ni la empresa, ni la ONG facilitaron m\u00e1s detalles sobre el proyecto\u201d.<\/p>\n\n\n\n<h3 class=\"wp-block-heading\" id=\"h-acusaciones-contra-wildlife-works\"><strong>Acusaciones contra Wildlife Works<\/strong><\/h3>\n\n\n\n<p>La empresa norteamericana Wildlife Works enfrenta denuncias por violaciones a derechos humanos en algunos pa\u00edses donde tiene presencia. Tal es el caso en Kenia, donde empleados de la empresa han sido acusados de cometer abusos sexuales dentro de las actividades del proyecto REDD+ del Corredor de Kasigau, al sureste del pa\u00eds africano.<\/p>\n\n\n\n<p>Una investigaci\u00f3n realizada por SOMO y la Comisi\u00f3n de Derechos Humanos de Kenia (KHRC) revela que Wildlife Works, en contradicci\u00f3n con su imagen social y \u00e9tica, es responsable de <a href=\"https:\/\/www.somo.nl\/offsetting-human-rights\/\">graves violaciones de derechos humanos en el proyecto Kasigau<\/a>, el cual genera cr\u00e9ditos de carbono que vende, entre otros, a clientes como Microsoft, Netflix, McKinsey y Shell.<\/p>\n\n\n\n<p><a href=\"https:\/\/avispa.org\/golpe-verde-en-la-amazonia-proyectos-redd-agravan-crisis-climatica\/\" target=\"_blank\" rel=\"noreferrer noopener\">Te puede interesar \u2013 Golpe verde en la Amazon\u00eda: Proyectos REDD agravan crisis clim\u00e1tica<\/a><\/p>\n\n\n\n<p>Ahora, en la Amazon\u00eda, yacen se\u00f1alamientos de conducta ilegal por parte de Wildlife Works, quien pese a no contar con registro legal en Brasi, ha firmado un memorando de entendimiento con la Asociaci\u00f3n Ka\u2019apor Ta Hury, lo que de acuerdo a la legislaci\u00f3n del pa\u00eds sudamericano restringir\u00eda sus operaciones en esos territorios.<\/p>\n\n\n\n<p>En contraste, Itahu Ka&#8217;apor, miembro de los Tuxa Ta Pame, asevera que&nbsp; para los Ka&#8217;apor, sus relaciones no se basan en el intercambio monetario, sino en un sentido de colectividad, ancestralidad, autonom\u00eda y reciprocidad entre los seres humanos y los dem\u00e1s seres vivos presentes en el territorio, por lo que mantendr\u00e1n la resistencia contra el proyecto REDD+ y su intenci\u00f3n de mercantilizar la naturaleza.<\/p>\n","protected":false},"excerpt":{"rendered":"<p>Fuente: Avispa Midia Por Sare Frabes En portada: \u201c\u00a1Fuera Wildlife Works del territorio Ka&#8217;apor! \u00a1El mercado de carbono es una falsa soluci\u00f3n ambiental!\u201d se lee en la pancarta que sostienen j\u00f3venes Ka\u2019apor. Ind\u00edgenas del pueblo Ka\u2019apor, estado de Maranh\u00e3o, norte de Brasil, han denunciado la presencia de la empresa estadounidense Wildlife Works y la ONG [&hellip;]<\/p>\n","protected":false},"author":21,"featured_media":50990,"comment_status":"open","ping_status":"closed","sticky":false,"template":"","format":"standard","meta":{"footnotes":""},"categories":[957,51,1284,826,958,935],"tags":[1160,58,53,567,147,545,87,148,27,483],"class_list":["post-50989","post","type-post","status-publish","format-standard","has-post-thumbnail","hentry","category-autonomia","category-autor","category-latinoamerica","category-medios-libres-2","category-megaproyectos","category-temas","tag-amazonia","tag-derechos-humanos","tag-justicia","tag-megaproyectos","tag-militarizacion","tag-pueblos-indigenas","tag-represion","tag-resistencia","tag-solidaridad","tag-tierra-y-territorio"],"_links":{"self":[{"href":"https:\/\/radiozapatista.org\/index.php?rest_route=\/wp\/v2\/posts\/50989","targetHints":{"allow":["GET"]}}],"collection":[{"href":"https:\/\/radiozapatista.org\/index.php?rest_route=\/wp\/v2\/posts"}],"about":[{"href":"https:\/\/radiozapatista.org\/index.php?rest_route=\/wp\/v2\/types\/post"}],"author":[{"embeddable":true,"href":"https:\/\/radiozapatista.org\/index.php?rest_route=\/wp\/v2\/users\/21"}],"replies":[{"embeddable":true,"href":"https:\/\/radiozapatista.org\/index.php?rest_route=%2Fwp%2Fv2%2Fcomments&post=50989"}],"version-history":[{"count":1,"href":"https:\/\/radiozapatista.org\/index.php?rest_route=\/wp\/v2\/posts\/50989\/revisions"}],"predecessor-version":[{"id":50991,"href":"https:\/\/radiozapatista.org\/index.php?rest_route=\/wp\/v2\/posts\/50989\/revisions\/50991"}],"wp:featuredmedia":[{"embeddable":true,"href":"https:\/\/radiozapatista.org\/index.php?rest_route=\/wp\/v2\/media\/50990"}],"wp:attachment":[{"href":"https:\/\/radiozapatista.org\/index.php?rest_route=%2Fwp%2Fv2%2Fmedia&parent=50989"}],"wp:term":[{"taxonomy":"category","embeddable":true,"href":"https:\/\/radiozapatista.org\/index.php?rest_route=%2Fwp%2Fv2%2Fcategories&post=50989"},{"taxonomy":"post_tag","embeddable":true,"href":"https:\/\/radiozapatista.org\/index.php?rest_route=%2Fwp%2Fv2%2Ftags&post=50989"}],"curies":[{"name":"wp","href":"https:\/\/api.w.org\/{rel}","templated":true}]}}